{"id":18325,"date":"2022-11-17T01:51:51","date_gmt":"2022-11-17T00:51:51","guid":{"rendered":"http:\/\/www.infokuryr.cz\/n\/?p=18325"},"modified":"2022-11-17T01:51:51","modified_gmt":"2022-11-17T00:51:51","slug":"klaus-schwab-v-projevu-na-summitu-g20-v-indonesii-ohlasil-nastup-multipolarniho-svetoveho-poradku","status":"publish","type":"post","link":"https:\/\/www.infokuryr.cz\/n\/2022\/11\/17\/klaus-schwab-v-projevu-na-summitu-g20-v-indonesii-ohlasil-nastup-multipolarniho-svetoveho-poradku\/","title":{"rendered":"Klaus Schwab v projevu na summitu G20 v Indon\u00e9sii ohl\u00e1sil n\u00e1stup multipol\u00e1rn\u00edho sv\u011btov\u00e9ho po\u0159\u00e1dku"},"content":{"rendered":"<div id=\"fb-root\"><\/div>\n<h4>Klaus Schwab v projevu na summitu G20 v Indon\u00e9sii ohl\u00e1sil n\u00e1stup multipol\u00e1rn\u00edho sv\u011btov\u00e9ho po\u0159\u00e1dku, kter\u00fd bude \u0159\u00edzen a ovl\u00e1d\u00e1n konkord\u00e1tem civiln\u00edch vl\u00e1d a velk\u00fdm businessem! \u0160\u00e9f Sv\u011btov\u00e9ho ekonomick\u00e9ho f\u00f3ra to nazval novou \u00e9rou zainteresovan\u00e9ho kapitalismu, co\u017e nen\u00ed nic jin\u00e9ho ne\u017e vl\u00e1da korporac\u00ed a uplacen\u00fdch vl\u00e1dn\u00edch \u00fa\u0159edn\u00edk\u016f, jako jsme vid\u011bli b\u011bhem covidov\u00e9 krize, kdy\u017e farma koncerny \u0159\u00eddily politick\u00e9 kroky jednotliv\u00fdch vl\u00e1d! Podle Schwaba zlikviduje 4. pr\u016fmyslov\u00e1 revoluce ve\u0161kerou konkurenci, proto\u017ee trhy ovl\u00e1dnou pouze ti, kte\u0159\u00ed p\u0159i\u0161li jako prvn\u00ed a jsou z nich proto rychl\u00e9 ryby!<\/h4>\n<p>Zat\u00edmco v Evrop\u011b se v\u011bnujeme zejm\u00e9na v\u00e1lce na Ukrajin\u011b, jinde prob\u00edhaj\u00ed z\u00e1sadn\u00ed geopolitick\u00e9 procesy, jejich\u017e hlavn\u00ed ob\u011bt\u00ed se stane z\u00e1padn\u00ed civilizace a tradi\u010dn\u00ed k\u0159es\u0165ansk\u00e1 rodina. Kohorty zr\u00e1dc\u016f v jednotliv\u00fdch vl\u00e1d\u00e1ch z\u00e1padn\u00edch zem\u00ed u\u017e v\u011bd\u00ed, co se chyst\u00e1, ale tomu zbytku populace to mus\u00ed sd\u011blit ambasado\u0159i Komise 300, kte\u0159\u00ed pro n\u011b d\u011blaj\u00ed propagaci a \u0161pinavou politiku implementace nov\u00e9ho sv\u011btov\u00e9ho po\u0159\u00e1dku. Sch\u016fzka G20 v Indon\u00e9sii na Bali m\u011bla sv\u016fj konceptu\u00e1ln\u00ed vrchol.<\/p>\n<p>A to nikoliv setk\u00e1n\u00edm politik\u016f 20 zem\u00ed, ale\u00a0<strong>p\u0159elomov\u00fdm projevem \u0161\u00e9fa Sv\u011btov\u00e9ho ekonomick\u00e9ho f\u00f3ra Klause Schwaba, kter\u00fd vystoupil na soub\u011b\u017en\u011b konan\u00e9 konferenci B20<\/strong>, kde se setk\u00e1vaj\u00ed \u0161\u00e9fov\u00e9 nejv\u011bt\u0161\u00edch podnik\u016f a korporac\u00ed t\u011bchto 20 zem\u00ed ze skupiny G20. Zat\u00edmco politici t\u011bchto zem\u00ed jednaj\u00ed pod hlavi\u010dkou G20, ve vedlej\u0161\u00edm s\u00e1le jednaj\u00ed korporace z t\u011bchto zem\u00ed. A Klaus Schwab se do\u010dkal a pohnut\u00fdm hlasem ozn\u00e1mil to, o \u010dem u\u017e d\u0159\u00edve informoval jeho \u017e\u00e1k a student, Vladimir Putin, b\u00fdval\u00fd \u010dlen\u00a0<em>Young Global Leaders<\/em>\u00a0skupiny Sv\u011btov\u00e9ho ekonomick\u00e9ho f\u00f3ra.<\/p>\n<p>&nbsp;<\/p>\n<div id=\"rumble_v1se16u\">\n<div id=\"vid_v1se16u\" class=\"rumble_v1se16u-Rumble-cls\" tabindex=\"-1\">\n<div class=\"bigPlayUI ctp\">\n<div class=\"bigPlayUIInner ctp\"><div class='videoWrapper'>\r\n\t            <iframe src='https:\/\/rumble.com\/embed\/pj.v1se16u\/' frameborder='0' allowfullscreen><\/iframe>\r\n\t        <\/div><\/div>\n<\/div>\n<\/div>\n<\/div>\n<p>&nbsp;<\/p>\n<p>Zapome\u0148te na v\u00e1lku na Ukrajin\u011b i na mameluky v Polsku, proto\u017ee Klaus Schwab na Bali \u0159ekl p\u0159esn\u011b to, co ned\u00e1vno \u0159ekl Vladimir Putin ve sv\u00e9m projevu. Schwab ozn\u00e1mil p\u0159\u00edchod multipol\u00e1rn\u00edho sv\u011bta, kter\u00fd bude fragmentovan\u00fd, ale tato fragmentace m\u00e1 m\u00edt za \u00fakol nikoliv rozpad globalizace, ale jej\u00ed pos\u00edlen\u00ed. Nov\u00fd spole\u010densk\u00fd syst\u00e9m m\u00e1 b\u00fdt zalo\u017een na principu tzv. zainteresovan\u00e9ho kapitalismu. Tohle ozna\u010den\u00ed si zapamatujte, je to eufemismus.<\/p>\n<p><strong>Je to jen jin\u00fd n\u00e1zev pro brut\u00e1ln\u00ed korporativismus, kde sv\u011bt budou \u0159\u00eddit spole\u010dn\u011b, podle Schwabov\u00fdch slov, jednotliv\u00e9 n\u00e1rodn\u00ed vl\u00e1dy a businessy<\/strong>. A to nen\u00ed nic jin\u00e9ho ne\u017e to, co jsme v\u0161ichni na vlastn\u00ed o\u010di vid\u011bli v letech 2020 a\u017e 2021 v dob\u011b covidov\u00e9 krize, kdy\u017e politici a vl\u00e1dy \u0161li na ruku farmaceutick\u00fdm korporac\u00edm takov\u00fdm zp\u016fsobem, \u017ee nap\u0159. slovensk\u00fd ministr zdravotnictv\u00ed se nestyd\u011bl p\u0159\u00edmo v televizi narovinu \u0159\u00edct\u00a0<strong>[<a href=\"https:\/\/aeronet.news\/a-je-to-tady-ema-schvalila-pfizeru-vakcinu-pro-deti-od-5-let-na-zaklade-experimentalnich-dat-ze-slovenska-presne-jak-v-zari-varoval-aeronet-ockovani-deti-ve-vsech-zemich-eu-zacne-okamzite\/\">1<\/a>]<\/strong>, \u017ee dal\u0161\u00ed kolo o\u010dkov\u00e1n\u00ed bude prob\u00edhat podle toho, a\u017e co \u0159ekne a doporu\u010d\u00ed farma korporace, nap\u0159. Pfizer. Samoz\u0159ejm\u011b, \u017ee v z\u00e1jmu zdrav\u00ed lidu a nikdy jinak.<\/p>\n<h6><span style=\"font-size: 18pt;\">Seznamte se s nov\u00fdm sv\u011btov\u00fdm syst\u00e9mem \u0159\u00edzen\u00ed: Zainteresovan\u00fd kapitalismus<\/span><\/h6>\n<p>To byla uk\u00e1zka v praxi toho, co Schwab naz\u00fdv\u00e1\u00a0<em>zainteresovan\u00fdm kapitalismem<\/em>, kdy korporace maj\u00ed z\u00e1jem, tedy interes na tom, aby obyvatelstvo pou\u017e\u00edvalo jejich vakc\u00edny, v\u00fdrobky, produkty, slu\u017eby atd. A ten interes je a bude prosazov\u00e1n formou spole\u010dn\u00e9 vl\u00e1dy civiln\u00edho kabinetu a st\u00ednov\u00e9 a nik\u00fdm nevolen\u00e9 spolu-vl\u00e1dy slo\u017een\u00e9 z korporac\u00ed a bank.\u00a0<strong>Naprosto kl\u00ed\u010dov\u00fd projev pat\u0159\u00ed do knihovni\u010dky konceptu\u00e1ln\u00edch materi\u00e1l\u016f, kter\u00e9 je pot\u0159eba nastudovat a pamatovat<\/strong>.<\/p>\n<figure id=\"attachment_43985\" class=\"wp-caption aligncenter\" style=\"width: 633px;\"><a href=\"https:\/\/aeronet.news\/wp-content\/uploads\/SchwabQuote.jpg\"><img decoding=\"async\" loading=\"lazy\" class=\"wp-image-43985 \" src=\"https:\/\/aeronet.news\/wp-content\/uploads\/SchwabQuote.jpg\" sizes=\"(max-width: 1920px) 100vw, 1920px\" srcset=\"https:\/\/aeronet.news\/wp-content\/uploads\/SchwabQuote.jpg 1920w, https:\/\/aeronet.news\/wp-content\/uploads\/SchwabQuote-300x169.jpg 300w, https:\/\/aeronet.news\/wp-content\/uploads\/SchwabQuote-768x432.jpg 768w, https:\/\/aeronet.news\/wp-content\/uploads\/SchwabQuote-1024x576.jpg 1024w, https:\/\/aeronet.news\/wp-content\/uploads\/SchwabQuote-700x394.jpg 700w, https:\/\/aeronet.news\/wp-content\/uploads\/SchwabQuote-635x357.jpg 635w, https:\/\/aeronet.news\/wp-content\/uploads\/SchwabQuote-859x483.jpg 859w\" alt=\"\" width=\"633\" height=\"356\" \/><\/a><figcaption class=\"wp-caption-text\">Schwab: \u201cPandemie p\u0159edstavuje vz\u00e1cnou, ale \u00fazkou p\u0159\u00edle\u017eitost k zamy\u0161len\u00ed, nov\u00e9mu pojet\u00ed a p\u0159enastaven\u00ed na\u0161eho sv\u011bta.\u201d<\/figcaption><\/figure>\n<p>Jeden z hlavn\u00edch emisar\u016f Komise 300 tak na sch\u016fzce G20 ozn\u00e1mil novou podobu multipol\u00e1rn\u00ed globalizace, kterou budou \u0159\u00eddit loutkov\u00e9 a zkorumpovan\u00e9 civiln\u00ed kabinety t\u011bch nejv\u011bt\u0161\u00edch zmetk\u016f, jak\u00e9 tato planeta zplodila, a nadn\u00e1rodn\u00ed a mamut\u00ed korporace zast\u0159e\u0161en\u00e9 kapit\u00e1lem a bankami Domu Sion je zpoza opony a ze st\u00ednu budou ovl\u00e1dat, \u00fakolovat, \u0159\u00eddit a, jak jsme vid\u011bli i v kauze skand\u00e1lu krachu burzy FTX, hlavn\u011b financovat! Tomu \u0159\u00edk\u00e1 Klaus Schwab \u00e9ra zainteresovan\u00e9ho kapitalismu, cel\u00fdm n\u00e1zvem \u201c<strong><em>Kapitalismus zainteresovan\u00fdch stran<\/em><\/strong>\u201c. Pokud nem\u00e1te na video \u010das, tak tady je p\u0159eklad:<\/p>\n<h4><span style=\"font-size: 18pt;\">Projev Klause Schwaba na summitu B20 konan\u00e9ho v r\u00e1mci summitu G20 na Bali v Indon\u00e9sii<\/span><\/h4>\n<p>Excelence, v\u00e1\u017een\u00ed \u00fa\u010dastn\u00edci tohoto velmi d\u016fle\u017eit\u00e9ho setk\u00e1n\u00ed.<\/p>\n<p>Dovolte mi, abych nejprve poblahop\u0159\u00e1l vl\u00e1d\u011b a prezidentu Indon\u00e9sie k tak velk\u00e9 pohostinnosti pro n\u00e1s v\u0161echny, kte\u0159\u00ed jsme zde p\u0159\u00edtomni. R\u00e1d bych tak\u00e9 vyj\u00e1d\u0159il sv\u016fj obdiv nad kvalitou p\u0159\u00edpravy tohoto setk\u00e1n\u00ed B20. P\u0159ipom\u00edn\u00e1 mi to, \u017ee jsem v roce 2010 navrhl tehdej\u0161\u00edmu p\u0159edsedovi skupiny G20 korejsk\u00e9mu p\u0159edsednictv\u00ed, aby do jedn\u00e1n\u00ed skupiny G20 za\u010dlenil siln\u00fd podnikatelsk\u00fd rozm\u011br, proto\u017ee hluboce v\u011b\u0159\u00edm v koncept v\u00edce zainteresovan\u00fdch stran, co\u017e znamen\u00e1, \u017ee\u00a0<strong>mus\u00edme v\u0161ichni spolupracovat s podniky, samoz\u0159ejm\u011b s vl\u00e1dami a ob\u010danskou spole\u010dnost\u00ed na \u0159e\u0161en\u00ed ob\u010dansk\u00fdch probl\u00e9m\u016f v na\u0161em sv\u011bt\u011b<\/strong>. Dovolte mi jen \u010dty\u0159i pozn\u00e1mky t\u00fdkaj\u00edc\u00ed se generov\u00e1n\u00ed r\u016fstu prost\u0159ednictv\u00edm inovac\u00ed. Zaprv\u00e9, pokud se pod\u00edv\u00e1te na v\u0161echny v\u00fdzvy, m\u016f\u017eeme samoz\u0159ejm\u011b hovo\u0159it o multikrizi, ekonomick\u00e9, politick\u00e9, soci\u00e1ln\u00ed a ekologick\u00e9 a institucion\u00e1ln\u00ed krizi, ale ve skute\u010dnosti mus\u00edme \u010delit hlubok\u00e9 syst\u00e9mov\u00e9 a struktur\u00e1ln\u00ed restrukturalizaci na\u0161eho sv\u011bta. A to bude n\u011bjakou dobu trvat a sv\u011bt m\u016f\u017ee vypadat jinak pot\u00e9.<\/p>\n<p>M\u00e1me z\u00e1porn\u00e9 zdroje a p\u0159echodov\u00fd proces.\u00a0<strong>Z politick\u00e9ho hlediska je snahou sil, sil politick\u00e9 transformace, samoz\u0159ejm\u011b p\u0159echod do multipol\u00e1rn\u00edho sv\u011bta, kter\u00fd m\u00e1 tendenci n\u00e1\u0161 sv\u011bt mnohem v\u00edce fragmentovat<\/strong>, a z takov\u00fdch d\u016fvod\u016f jsou akce, jako je tato, jako je G20 a tak d\u00e1le, velmi d\u016fle\u017eitou spojnic\u00ed, aby se zabr\u00e1nilo p\u0159\u00edli\u0161 velk\u00e9 segmentaci. \u0158ekl bych, \u017ee m\u00edsto globalizace na\u0161eho sv\u011bta doch\u00e1z\u00ed k jeho blokov\u00e1n\u00ed. Pokud se pod\u00edv\u00e1te na s\u00edly ekonomick\u00e9 transformace, cht\u011bl bych jen zm\u00ednit \u010dty\u0159i: Energetick\u00e1 transformace, kterou pot\u0159ebujeme a kde Indon\u00e9sie hraje velmi d\u016fle\u017eitou roli. Za druh\u00e9, p\u0159etv\u00e1\u0159en\u00ed na\u0161ich dodavatelsk\u00fdch \u0159et\u011bzc\u016f, kde Indon\u00e9sie m\u016f\u017ee hr\u00e1t velmi d\u016fle\u017eitou roli.<\/p>\n<p>A tak\u00e9 bych \u0159ekl, \u017ee jde o integraci vn\u011bj\u0161\u00edch n\u00e1klad\u016f. Sta\u010d\u00ed se pod\u00edvat na plasty, 10 miliard tun plast\u016f ro\u010dn\u011b se dost\u00e1v\u00e1 do na\u0161ich oce\u00e1n\u016f, a proto jsem velmi r\u00e1d, \u017ee u p\u0159\u00edle\u017eitosti tohoto setk\u00e1n\u00ed G20 B20 m\u016f\u017eeme ozn\u00e1mit a slavnostn\u011b zah\u00e1jit setk\u00e1n\u00ed O-20, jeho\u017e c\u00edlem je l\u00e9pe pe\u010dovat o na\u0161e oce\u00e1ny. Krom\u011b toho, \u017ee vid\u00edme p\u0159etv\u00e1\u0159en\u00ed na\u0161ich dodavatelsk\u00fdch \u0159et\u011bzc\u016f, energetick\u00e9 transformace, internalizace extern\u00edch n\u00e1klad\u016f, v\u0161ak vid\u00edme tak\u00e9 d\u016fsledky militarizace na\u0161ich ekonomik. Nyn\u00ed to v\u0161e znamen\u00e1, alespo\u0148 na za\u010d\u00e1tku, velk\u00e9 n\u00e1klady. Pokud restrukturalizujete spole\u010dnost, odepisujete n\u00e1klady a samoz\u0159ejm\u011b vid\u00edte, \u017ee akcion\u00e1\u0159i trp\u00ed. Pokud restrukturalizujete ekonomiku, v\u00fdsledkem je sn\u00ed\u017een\u00ed p\u0159\u00edjm\u016f, disponibiln\u00edho p\u0159\u00edjmu, co\u017e m\u016f\u017ee v\u00e9st k rozs\u00e1hl\u00e9mu soci\u00e1ln\u00edmu nap\u011bt\u00ed, kter\u00e9 vid\u00edme v na\u0161em sv\u011bt\u011b se nyn\u00ed vyv\u00edjet. Jak se vypo\u0159\u00e1d\u00e1me s touto transformac\u00ed, kter\u00e1 m\u016f\u017ee trvat n\u011bkolik let? Nejen uplat\u0148ov\u00e1n\u00edm krizov\u00e9ho \u0159\u00edzen\u00ed, nejen reagov\u00e1n\u00edm, ale i c\u00edlev\u011bdom\u00fdm budov\u00e1n\u00edm budoucnosti.<\/p>\n<p><a href=\"https:\/\/aeronet.news\/wp-content\/uploads\/KlausSchwab4thRevo1k.jpg\"><img decoding=\"async\" loading=\"lazy\" class=\"wp-image-43764 aligncenter\" src=\"https:\/\/aeronet.news\/wp-content\/uploads\/KlausSchwab4thRevo1k.jpg\" sizes=\"(max-width: 1280px) 100vw, 1280px\" srcset=\"https:\/\/aeronet.news\/wp-content\/uploads\/KlausSchwab4thRevo1k.jpg 1280w, https:\/\/aeronet.news\/wp-content\/uploads\/KlausSchwab4thRevo1k-300x185.jpg 300w, https:\/\/aeronet.news\/wp-content\/uploads\/KlausSchwab4thRevo1k-768x473.jpg 768w, https:\/\/aeronet.news\/wp-content\/uploads\/KlausSchwab4thRevo1k-1024x630.jpg 1024w, https:\/\/aeronet.news\/wp-content\/uploads\/KlausSchwab4thRevo1k-700x431.jpg 700w, https:\/\/aeronet.news\/wp-content\/uploads\/KlausSchwab4thRevo1k-580x357.jpg 580w, https:\/\/aeronet.news\/wp-content\/uploads\/KlausSchwab4thRevo1k-785x483.jpg 785w\" alt=\"\" width=\"750\" height=\"462\" \/><\/a><\/p>\n<p style=\"text-align: center;\"><em>Klaus Schwab se svoj\u00ed knihou 4. Pr\u016fmyslov\u00e1 revoluce<\/em><\/p>\n<p>M\u011bli bychom tuto p\u0159echodnou dobu vyu\u017e\u00edt s jasnou koncepc\u00ed toho, \u010deho chceme dos\u00e1hnout, jak chceme z t\u00e9to p\u0159echodn\u00e9 doby vyj\u00edt?\u00a0<strong>Chceme z n\u011bj vyj\u00edt jako udr\u017eiteln\u011bj\u0161\u00ed, odoln\u011bj\u0161\u00ed a inkluzivn\u011bj\u0161\u00ed sv\u011bt<\/strong>. Nyn\u00ed, m\u016fj druh\u00fd bod se t\u00fdk\u00e1 \u010dtvrt\u00e9 pr\u016fmyslov\u00e9 revoluce. Jak jsem zm\u00ednil, kdy\u017e jsem psal knihu o \u010dtvrt\u00e9 pr\u016fmyslov\u00e9 revoluci a koncipoval my\u0161lenku t\u00e9to revoluce,\u00a0<strong>popsal jsem 23 technologi\u00ed, a v t\u00e9 dob\u011b, p\u0159ed pouh\u00fdmi p\u011bti lety, byla \u0159ada z t\u011bchto technologi\u00ed pova\u017eov\u00e1na za science fiction<\/strong>. Dnes se v\u0161echny staly realitou a nov\u00fdmi technologiemi, s nimi\u017e se mus\u00edme vypo\u0159\u00e1dat, kvantov\u00e1 technologie, meta sv\u011bty a j\u00e1 jsem velmi hrd\u00fd, \u017ee Indon\u00e9sie je op\u011bt jednou ze zem\u00ed, kter\u00e1 chce j\u00edt v \u010dele tohoto v\u00fdvoje 4. pr\u016fmyslov\u00e9 revoluce, V \u010dem je 4. pr\u016fmyslov\u00e1 revoluce jin\u00e1?<\/p>\n<p>Ve t\u0159ech v\u011bcech: Zaprv\u00e9 je to rozsah. Na rozd\u00edl od d\u0159\u00edv\u011bj\u0161\u00edch technologick\u00fdch inovac\u00ed se nezab\u00fdv\u00e1 jednou nebo dv\u011bma inovacemi. Je to cel\u00e9 panoptikum technologi\u00ed, kter\u00e9 se vz\u00e1jemn\u011b ovliv\u0148uj\u00ed a kter\u00e9 zcela zm\u011bn\u00ed zp\u016fsob v\u00fdroby, spot\u0159eby a komunikace. Ale druh\u00fdm prvkem je rychlost. A kdy\u017e se pod\u00edv\u00e1te na technologick\u00e9 revoluce, obvykle prob\u00edhaj\u00ed formou sinusoidy. A pr\u00e1v\u011b nyn\u00ed se nach\u00e1z\u00edme v inflexn\u00edm bod\u011b exponenci\u00e1ln\u00edho v\u00fdvoje a technologie se zcela zm\u011bn\u00ed. To, co d\u011bl\u00e1me v sou\u010dasn\u00e9 dob\u011b, a nejen to, co d\u011bl\u00e1me a nastavujeme dal\u0161\u00ed zm\u011bnu, zm\u011bn\u00ed a bude to m\u00edt dopad i na to, kdo jsme my. Sta\u010d\u00ed se pod\u00edvat, jak i internet za posledn\u00edch 20 let do jist\u00e9 m\u00edry zm\u011bnil na\u0161i identitu. Jsem velmi hrd\u00fd na to, \u017ee Sv\u011btov\u00e9 ekonomick\u00e9 f\u00f3rum je tak\u00e9 v \u010dele tak nov\u00fdch technologi\u00ed a uk\u00e1\u017eeme p\u0159\u00edklad i zde v r\u00e1mci na\u0161\u00ed prezentace O-20 Initiative, jak m\u016f\u017eete vyu\u017e\u00edt metaversum a vytvo\u0159it mnohem hlub\u0161\u00ed a mnohem rozs\u00e1hlej\u0161\u00ed a komplexn\u011bj\u0161\u00ed glob\u00e1ln\u00ed dialogy.<\/p>\n<p>M\u016fj dal\u0161\u00ed t\u0159et\u00ed bod, t\u0159et\u00ed rozd\u00edl, kter\u00fd vid\u00edme ve \u010dtvrt\u00e9 pr\u016fmyslov\u00e9 revoluci, je skute\u010dnost, \u017ee\u00a0<strong>v\u00edt\u011bzov\u00e9 berou v\u0161e. Na rozd\u00edl od p\u0159edchoz\u00edch pr\u016fmyslov\u00fdch revoluc\u00ed je velmi obt\u00ed\u017en\u00e9 n\u011bkoho kop\u00edrovat, tak\u017ee pokud p\u0159ijdete s n\u011b\u010d\u00edm prvn\u00ed, jste v\u00edt\u011bzov\u00e9<\/strong>. A to bude do zna\u010dn\u00e9 m\u00edry ur\u010dovat glob\u00e1ln\u00ed konkurenci na n\u00e1rodn\u00ed, ale tak\u00e9 na obchodn\u00ed \u00farovni, a douf\u00e1m, \u017ee ne p\u0159\u00edli\u0161 nep\u0159\u00e1telsk\u00fdm zp\u016fsobem v nadch\u00e1zej\u00edc\u00edch letech. Nyn\u00ed jen dv\u011b posledn\u00ed pozn\u00e1mky. Spolupr\u00e1ce ve\u0159ejn\u00e9ho a soukrom\u00e9ho sektoru. Dnes by n\u011bkte\u0159\u00ed lid\u00e9 \u0159ekli, \u017ee je\u0161t\u011b p\u0159ed dv\u011bma lety, dokud nenastala krize, \u017ee to byl podnikatelsk\u00fd sektor, kdo byl v \u010dele. A nyn\u00ed, po krizi s covidem, \u017ee je to od t\u00e9 doby vl\u00e1da, kter\u00e1 je v \u010dele. Ne, m\u011bly by to b\u00fdt vl\u00e1dy a podniky.<\/p>\n<p>Vl\u00e1dy a byznys mus\u00ed spolupracovat, aby se staly rychlou rybou, proto\u017ee v na\u0161em dne\u0161n\u00edm sv\u011bt\u011b u\u017e to nen\u00ed tak, \u017ee velk\u00e1 ryba po\u017e\u00edr\u00e1 mal\u00e9 ryby, ale je to rychl\u00e1 ryba, kter\u00e1 po\u017e\u00edr\u00e1 pomalou rybu, a abyste byli rychlou rybou, a doufejme, \u017ee i velkou rybou jako Indon\u00e9sie,\u00a0<strong>mus\u00edte m\u00edt dva kopiloty, byznys a vl\u00e1dy<\/strong>. M\u016fj posledn\u00ed bod se t\u00fdk\u00e1 d\u016fv\u011bry.\u00a0<strong>Pokud je podnik\u00e1n\u00ed skute\u010dn\u011b silou dobra, kterou mus\u00ed b\u00fdt, mus\u00ed praktikovat kapitalismus zainteresovan\u00fdch stran<\/strong>. O takov\u00e9m konceptu jsem p\u0159ed v\u00edce ne\u017e 50 lety napsal knihu a zasv\u011btil jsem sv\u016fj \u017eivot prosazov\u00e1n\u00ed odpov\u011bdnosti zainteresovan\u00fdch stran. Podnik\u00e1n\u00ed by nem\u011blo slou\u017eit pouze akcion\u00e1\u0159\u016fm, ale mus\u00ed slou\u017eit lidem a starat se o na\u0161i planetu. Jen tak si business z\u00edsk\u00e1 d\u016fv\u011bru, kterou pot\u0159ebuje, aby byl inovativn\u00ed silou, kter\u00e1 z na\u0161\u00ed spole\u010dnosti ud\u011bl\u00e1 lep\u0161\u00ed spole\u010dnost. Dovolte mi, abych uzav\u0159el t\u00edm, \u017ee kdy\u017e se pod\u00edv\u00e1me do budoucnosti, m\u016f\u017eeme b\u00fdt plni d\u016fv\u011bry, pokud se budeme dr\u017eet t\u0159\u00ed koncept\u016f: Inova\u010dn\u00ed transformace, inovace a spolupr\u00e1ce.<\/p>\n<p>D\u011bkuji v\u00e1m.<\/p>\n<h6><span style=\"font-size: 18pt;\">Jede Rusko nacionalizaci nebo transformaci s pl\u00e1nem multipolarizace cel\u00e9 kontinent\u00e1ln\u00ed Evropy?<\/span><\/h6>\n<p>Jak tedy vid\u00edte, zat\u00edmco Vladimir Putin de facto p\u0159edkl\u00e1d\u00e1 teze o multipol\u00e1rn\u00edm sv\u011bt\u011b za sv\u016fj projekt, tak ve skute\u010dnosti je to projekt Klause Schwaba a Komise 300.\u00a0<strong>U\u017e ch\u00e1pete, pro\u010d v letech 2020 a 2021 prob\u00edhaly v Rusku tyt\u00e9\u017e brut\u00e1ln\u00ed o\u010dkovac\u00ed procesy, kdy Rusov\u00e9 ani nemohli opustit d\u016fm a byt bez QR k\u00f3du a bez vakc\u00ednky?<\/strong>\u00a0No p\u0159ece proto, \u017ee v\u00fdrobcem Sputniku je mamut\u00ed rusk\u00e1 farmaceutick\u00e1 spole\u010dnost Gamaleya napojen\u00e1 \u017eidovsk\u00e9 rusk\u00e9 oligarchy a p\u0159\u00edmo na ty sam\u00e9 multipolariza\u010dn\u00ed procesy Velk\u00e9ho resetu z d\u00edlny Klause Schwaba, kter\u00fd pr\u00e1v\u011b 14. listopadu na Bali mluvil o zainteresovan\u00e9m kapitalismu.<\/p>\n<figure id=\"attachment_53863\" class=\"wp-caption aligncenter\" style=\"width: 693px;\"><a href=\"https:\/\/aeronet.news\/wp-content\/uploads\/KlausSchwabBali1.jpg\"><img decoding=\"async\" loading=\"lazy\" class=\"wp-image-53863 \" src=\"https:\/\/aeronet.news\/wp-content\/uploads\/KlausSchwabBali1-1024x576.jpg\" sizes=\"(max-width: 700px) 100vw, 700px\" srcset=\"https:\/\/aeronet.news\/wp-content\/uploads\/KlausSchwabBali1-1024x576.jpg 1024w, https:\/\/aeronet.news\/wp-content\/uploads\/KlausSchwabBali1-300x169.jpg 300w, https:\/\/aeronet.news\/wp-content\/uploads\/KlausSchwabBali1-768x432.jpg 768w, https:\/\/aeronet.news\/wp-content\/uploads\/KlausSchwabBali1-700x394.jpg 700w, https:\/\/aeronet.news\/wp-content\/uploads\/KlausSchwabBali1-635x357.jpg 635w, https:\/\/aeronet.news\/wp-content\/uploads\/KlausSchwabBali1-859x483.jpg 859w, https:\/\/aeronet.news\/wp-content\/uploads\/KlausSchwabBali1.jpg 1280w\" alt=\"\" width=\"693\" height=\"390\" \/><\/a><figcaption class=\"wp-caption-text\">Klaus Schwab na jevi\u0161ti se sv\u00fdm st\u011b\u017eejn\u00edm projevem<\/figcaption><\/figure>\n<p>A ten je zainteresovan\u00fd i v Rusku natolik, \u017ee m\u00e1te automaticky i odpov\u011b\u010f na to, pro\u010d rusk\u00e1 speci\u00e1ln\u00ed operace na Ukrajin\u011b je tak divn\u00e1 a p\u0159ipom\u00edn\u00e1 v\u0161echno, jen ne vojenskou operaci. Multipol\u00e1rn\u00ed sv\u011bt, kde ka\u017ed\u00e1 zem\u011b m\u00e1 sv\u00e9 z\u00e1jmy, ale spole\u010dn\u011b ve fragmentovan\u00e9 globalizaci se pod\u00edl\u00ed na spole\u010dn\u00e9m c\u00edli transformace sv\u011btov\u00e9ho z\u0159\u00edzen\u00ed. Proto Rusko to, co d\u011bl\u00e1, tak d\u011bl\u00e1 v r\u00e1mci pl\u00e1nu Velk\u00e9ho resetu na odstaven\u00ed unipol\u00e1rn\u00ed moci USA v Evrop\u011b, aby mohl b\u00fdt zah\u00e1jen n\u00e1stup zainteresovan\u00e9ho kapitalismu.<\/p>\n<h6><span style=\"font-size: 18pt;\">Na vlastn\u00ed o\u010di jsme vid\u011bli zainteresovan\u00fd kapitalismus v dob\u011b covidov\u00e9 hysterie<\/span><\/h6>\n<p>A jak ten kapitalismus bude vypadat, tak demo verzi jsme ji\u017e vyzkou\u0161eli v posledn\u00edch dvou letech covidov\u00e9 drez\u016fry.\u00a0<strong>Ursula von der Leyen byla dokonce tak \u201czainteresovan\u00e1\u201d, kdy\u017e za EU podepisovala smlouvy s Pfizerem na roztoky, \u017ee te\u010f kv\u016fli tomu \u010del\u00ed vy\u0161et\u0159ov\u00e1n\u00ed.<\/strong>\u00a0Ale to jsou chybi\u010dky, kter\u00e9 se vylad\u00ed za b\u011bhu, lid\u00e9 se uml\u010d\u00ed, weby se zablokuj\u00ed, aktivist\u00e9 proti migrant\u016fm z Ukrajiny se zav\u0159ou do krimin\u00e1l\u016f a volby se o\u0161\u00e9fuj\u00ed a zfal\u0161uj\u00ed, jako u\u017e jsme to vid\u011bli dvakr\u00e1t po sob\u011b v Americe. Kdo dok\u00e1\u017ee vhodit kl\u00edn mezi Evropu a USA nejl\u00e9pe?<\/p>\n<figure id=\"attachment_53864\" class=\"wp-caption aligncenter\" style=\"width: 660px;\"><a href=\"https:\/\/aeronet.news\/wp-content\/uploads\/QRcodesMoscow.jpg\"><img decoding=\"async\" loading=\"lazy\" class=\"wp-image-53864 \" src=\"https:\/\/aeronet.news\/wp-content\/uploads\/QRcodesMoscow-1024x750.jpg\" sizes=\"(max-width: 700px) 100vw, 700px\" srcset=\"https:\/\/aeronet.news\/wp-content\/uploads\/QRcodesMoscow-1024x750.jpg 1024w, https:\/\/aeronet.news\/wp-content\/uploads\/QRcodesMoscow-300x220.jpg 300w, https:\/\/aeronet.news\/wp-content\/uploads\/QRcodesMoscow-768x563.jpg 768w, https:\/\/aeronet.news\/wp-content\/uploads\/QRcodesMoscow-700x513.jpg 700w, https:\/\/aeronet.news\/wp-content\/uploads\/QRcodesMoscow-487x357.jpg 487w, https:\/\/aeronet.news\/wp-content\/uploads\/QRcodesMoscow-659x483.jpg 659w, https:\/\/aeronet.news\/wp-content\/uploads\/QRcodesMoscow.jpg 1280w\" alt=\"\" width=\"660\" height=\"484\" \/><\/a><figcaption class=\"wp-caption-text\">QR k\u00f3dy v Moskv\u011b v roce 2021<\/figcaption><\/figure>\n<p>Pouze Rusko, bez jeho\u017e surovin se Evropa polo\u017e\u00ed poprv\u00e9, a p\u0159i pokusu nakupovat p\u0159edra\u017een\u00ed americk\u00e9 suroviny m\u00edsto t\u011bch levn\u00fdch rusk\u00fdch se Evropa polo\u017e\u00ed podruh\u00e9. No, to je k popuk\u00e1n\u00ed, \u017ee? Spole\u010dnost v Evrop\u011b se transformuje, postupn\u011b dojde k rozkolu s USA, ale bude to bolet. Tedy oby\u010dejn\u00e9 lidi.\u00a0<strong>Nakonec se zd\u00e1, \u017ee Rusko a Kreml nestoj\u00ed proti globalismu. Oni ho jen transformuj\u00ed a resetuj\u00ed do multipol\u00e1rn\u00edho sch\u00e9matu zainteresovan\u00e9ho kapitalismu<\/strong>. I tak je t\u0159eba se na konceptu\u00e1ln\u00ed souvislosti d\u00edvat. Klaus Schwab na Bali \u0159ekl za 12 minut v\u00edce, ne\u017e co jsme dosud od Vladimir Putina sly\u0161eli za p\u016fl roku. Konceptu\u00e1ln\u00ed pl\u00e1n multipolarizace sv\u011bta, jeho\u017e c\u00edlem m\u00e1 b\u00fdt spole\u010dn\u00e1 korporativistick\u00e1 vl\u00e1da civiln\u00edch kabinet\u016f a zainteresovan\u00fdch kapitalist\u016f a jejich bank\u00e9\u0159\u016f. Mazeltov!<\/p>\n<p>-VK- \u0160\u00e9fredaktor AE News<\/p>\n<p><a href=\"https:\/\/aeronet.news\/video-klaus-schwab-v-projevu-na-summitu-g20-v-indonesii-ohlasil-nastup-multipolarniho-svetoveho-poradku-ktery-bude-rizen-a-ovladan-konkordatem-civilnich-vlad-a-velkym-businessem\/\">ZDROJ<\/a><\/p>\n<p>&nbsp;<\/p>\n","protected":false},"excerpt":{"rendered":"<p>Klaus Schwab v projevu na summitu G20 v Indon\u00e9sii ohl\u00e1sil n\u00e1stup multipol\u00e1rn\u00edho sv\u011btov\u00e9ho po\u0159\u00e1dku, kter\u00fd&#8230;<\/p>\n","protected":false},"author":2,"featured_media":18326,"comment_status":"closed","ping_status":"closed","sticky":false,"template":"","format":"standard","meta":[],"categories":[7],"tags":[50,279,291,3818],"_links":{"self":[{"href":"https:\/\/www.infokuryr.cz\/n\/wp-json\/wp\/v2\/posts\/18325"}],"collection":[{"href":"https:\/\/www.infokuryr.cz\/n\/wp-json\/wp\/v2\/posts"}],"about":[{"href":"https:\/\/www.infokuryr.cz\/n\/wp-json\/wp\/v2\/types\/post"}],"author":[{"embeddable":true,"href":"https:\/\/www.infokuryr.cz\/n\/wp-json\/wp\/v2\/users\/2"}],"replies":[{"embeddable":true,"href":"https:\/\/www.infokuryr.cz\/n\/wp-json\/wp\/v2\/comments?post=18325"}],"version-history":[{"count":0,"href":"https:\/\/www.infokuryr.cz\/n\/wp-json\/wp\/v2\/posts\/18325\/revisions"}],"wp:featuredmedia":[{"embeddable":true,"href":"https:\/\/www.infokuryr.cz\/n\/wp-json\/wp\/v2\/media\/18326"}],"wp:attachment":[{"href":"https:\/\/www.infokuryr.cz\/n\/wp-json\/wp\/v2\/media?parent=18325"}],"wp:term":[{"taxonomy":"category","embeddable":true,"href":"https:\/\/www.infokuryr.cz\/n\/wp-json\/wp\/v2\/categories?post=18325"},{"taxonomy":"post_tag","embeddable":true,"href":"https:\/\/www.infokuryr.cz\/n\/wp-json\/wp\/v2\/tags?post=18325"}],"curies":[{"name":"wp","href":"https:\/\/api.w.org\/{rel}","templated":true}]}}