{"id":1832,"date":"2021-05-20T03:40:34","date_gmt":"2021-05-20T01:40:34","guid":{"rendered":"http:\/\/www.infokuryr.cz\/n\/?p=1832"},"modified":"2021-05-20T03:40:34","modified_gmt":"2021-05-20T01:40:34","slug":"daniel-landa-prekvapil","status":"publish","type":"post","link":"https:\/\/www.infokuryr.cz\/n\/2021\/05\/20\/daniel-landa-prekvapil\/","title":{"rendered":"Daniel Landa p\u0159ekvapil"},"content":{"rendered":"<div id=\"fb-root\"><\/div>\n<p>Pamatujete se, jak Daniel Landa zkou\u0161el vy\u0159e\u0161it probl\u00e9m um\u011blc\u016f t\u00edm, \u017ee se bude p\u0159ed produkc\u00ed hromadn\u011b testovat? Dostal tehdy hodn\u011b negativn\u00edch koment\u00e1\u0159\u016f. Mysl\u00edm, \u017ee se mu poda\u0159ilo i vysv\u011btlit, pro\u010d to ud\u011blal.<\/p>\n<p>Te\u010f tedy organiz\u00e1tory a um\u011blce nut\u00ed do ned\u016fstojn\u00fdch kontrol a test\u016f samotn\u00fd st\u00e1t. A Daniel Landa p\u0159ekvapil. Za takov\u00fdch podm\u00ednek odm\u00edt\u00e1 vystupovat. D\u00cdKY!J\u00e1 se taky nebyla ost\u0159\u00edhat a ani jsem ne\u0161la na zahr\u00e1dku. A jak to vypad\u00e1, porostou mi vlasy a\u017e do pasu a kafe si u\u017e nav\u017edy budu d\u011blat doma.<\/p>\n<p>Ale nevad\u00ed. Na totalitn\u00ed praktiky NIKDY nep\u0159istoup\u00edm. To by mi musel hrozit trest smrti nebo tot\u00e1ln\u00ed finan\u010dn\u00ed likvidace, abych p\u0159istoupila na testov\u00e1n\u00ed nebo n\u011bco podobn\u00e9ho. O o\u010dkov\u00e1n\u00ed m\u00e1m jasno &#8211; to nepodstoup\u00edm<\/p>\n<p>NIKDY!<\/p>\n<p><a href=\"https:\/\/www.facebook.com\/Daniel-Landa-22487394100\/\">https:\/\/www.facebook.com\/Daniel-Landa-22487394100\/<\/a><\/p>\n<p>Eva Hrindov\u00e1<\/p>\n<p>&nbsp;<\/p>\n<p>&nbsp;<\/p>\n","protected":false},"excerpt":{"rendered":"<p>Pamatujete se, jak Daniel Landa zkou\u0161el vy\u0159e\u0161it probl\u00e9m um\u011blc\u016f t\u00edm, \u017ee se bude p\u0159ed produkc\u00ed&#8230;<\/p>\n","protected":false},"author":2,"featured_media":1833,"comment_status":"closed","ping_status":"closed","sticky":false,"template":"","format":"standard","meta":[],"categories":[6],"tags":[23,403,219,213,141,402],"_links":{"self":[{"href":"https:\/\/www.infokuryr.cz\/n\/wp-json\/wp\/v2\/posts\/1832"}],"collection":[{"href":"https:\/\/www.infokuryr.cz\/n\/wp-json\/wp\/v2\/posts"}],"about":[{"href":"https:\/\/www.infokuryr.cz\/n\/wp-json\/wp\/v2\/types\/post"}],"author":[{"embeddable":true,"href":"https:\/\/www.infokuryr.cz\/n\/wp-json\/wp\/v2\/users\/2"}],"replies":[{"embeddable":true,"href":"https:\/\/www.infokuryr.cz\/n\/wp-json\/wp\/v2\/comments?post=1832"}],"version-history":[{"count":0,"href":"https:\/\/www.infokuryr.cz\/n\/wp-json\/wp\/v2\/posts\/1832\/revisions"}],"wp:featuredmedia":[{"embeddable":true,"href":"https:\/\/www.infokuryr.cz\/n\/wp-json\/wp\/v2\/media\/1833"}],"wp:attachment":[{"href":"https:\/\/www.infokuryr.cz\/n\/wp-json\/wp\/v2\/media?parent=1832"}],"wp:term":[{"taxonomy":"category","embeddable":true,"href":"https:\/\/www.infokuryr.cz\/n\/wp-json\/wp\/v2\/categories?post=1832"},{"taxonomy":"post_tag","embeddable":true,"href":"https:\/\/www.infokuryr.cz\/n\/wp-json\/wp\/v2\/tags?post=1832"}],"curies":[{"name":"wp","href":"https:\/\/api.w.org\/{rel}","templated":true}]}}