{"id":18301,"date":"2022-11-17T01:02:10","date_gmt":"2022-11-17T00:02:10","guid":{"rendered":"http:\/\/www.infokuryr.cz\/n\/?p=18301"},"modified":"2022-11-16T16:49:21","modified_gmt":"2022-11-16T15:49:21","slug":"je-long-covid-slon-v-porcelanu","status":"publish","type":"post","link":"https:\/\/www.infokuryr.cz\/n\/2022\/11\/17\/je-long-covid-slon-v-porcelanu\/","title":{"rendered":"Je Long-COVID slon v porcel\u00e1nu?"},"content":{"rendered":"<div id=\"fb-root\"><\/div>\n<div class=\"elementor-element elementor-element-1fb4c2c elementor-widget elementor-widget-theme-post-content\" data-id=\"1fb4c2c\" data-element_type=\"widget\" data-widget_type=\"theme-post-content.default\">\n<div class=\"elementor-widget-container\">\n<p><span>Zat\u00edmco Long Covid byl pova\u017eov\u00e1n za vedlej\u0161\u00ed \u00fa\u010dinek skute\u010dn\u00e9 infekce, mnoz\u00ed hl\u00e1s\u00ed podobn\u00e9 p\u0159\u00edznaky i po o\u010dkov\u00e1n\u00ed.<\/span><\/p>\n<p class=\"has-medium-font-size\"><span style=\"font-size: 18pt;\"><strong>HISTORIE NA POHLED<\/strong><\/span><\/p>\n<ul>\n<li><span>Long Covid ozna\u010duje p\u0159\u00edznaky, kter\u00e9 trvaj\u00ed \u010dty\u0159i nebo v\u00edce t\u00fddn\u016f po po\u010d\u00e1te\u010dn\u00ed infekci COVID-19.\u00a0Mnoz\u00ed tak\u00e9 hl\u00e1s\u00ed p\u0159\u00edznaky Long Covid po o\u010dkov\u00e1n\u00ed proti COVID<\/span><\/li>\n<li><span>Mezi p\u0159\u00edznaky dlouhotrvaj\u00edc\u00edho COVID pat\u0159\u00ed mozkov\u00e1 mlha, probl\u00e9my s pam\u011bt\u00ed, bolesti hlavy, rozmazan\u00e9 vid\u011bn\u00ed, ztr\u00e1ta \u010dichu, bolesti nerv\u016f, kol\u00eds\u00e1n\u00ed srde\u010dn\u00ed frekvence, dramatick\u00e9 kol\u00eds\u00e1n\u00ed krevn\u00edho tlaku a svalov\u00e1 slabost.\u00a0Byly hl\u00e1\u0161eny i pocity \u201evnit\u0159n\u00edch elektrick\u00fdch v\u00fdboj\u016f\u201c.<\/span><\/li>\n<li><span>Hlavn\u00ed rozd\u00edl mezi symptomy covid po bodnut\u00ed a dlouh\u00fdmi p\u0159\u00edznaky covid po infekci je ten, \u017ee lidem, kte\u0159\u00ed je dostali kv\u016fli infekci, byla odep\u0159ena v\u010dasn\u00e1 l\u00e9\u010dba a v\u00fdsledn\u00e1 infekce byla z\u00e1va\u017en\u00e1.\u00a0COVID dlouh\u00fd po bodnut\u00ed se na druhou stranu m\u016f\u017ee objevit bu\u010f po velmi m\u00edrn\u00e9 pr\u016flomov\u00e9 infekci, nebo po \u017e\u00e1dn\u00e9 pr\u016flomov\u00e9 infekci<\/span><\/li>\n<li><span>Zkoumaj\u00ed se r\u016fzn\u00e9 teorie o mechanismech dlouh\u00e9ho COVID a tak\u00e9 o mo\u017enostech l\u00e9\u010dby<\/span><\/li>\n<li><span>\u0160v\u00fdcarsk\u00fd v\u00fdzkum zjistil, \u017ee m\u00edra subklinick\u00e9 myokarditidy je 100kr\u00e1t vy\u0161\u0161\u00ed ne\u017e u klinick\u00e9 myokarditidy po injekci mRNA a \u017ee V\u0160ICHNI p\u0159\u00edjemci injekce mRNA m\u011bli zv\u00fd\u0161en\u00e9 hladiny troponinu, co\u017e nazna\u010duje, \u017ee m\u011bli ur\u010dit\u00fd stupe\u0148 po\u0161kozen\u00ed srdce, i kdy\u017e byli asymptomati\u010dt\u00ed.<\/span><\/li>\n<\/ul>\n<p><span>Long Covid, tak\u00e9 zn\u00e1m\u00fd jako COVID na dlouh\u00e9 vzd\u00e1lenosti, chronick\u00fd COVID nebo syndrom na dlouh\u00e9 vzd\u00e1lenosti, ozna\u010duje p\u0159\u00edznaky, kter\u00e9 trvaj\u00ed \u010dty\u0159i nebo v\u00edce t\u00fddn\u016f po po\u010d\u00e1te\u010dn\u00ed infekci COVID-19.\u00a0Nicm\u00e9n\u011b, zat\u00edmco tento stav byl prim\u00e1rn\u011b pova\u017eov\u00e1n za vedlej\u0161\u00ed \u00fa\u010dinek skute\u010dn\u00e9 infekce, mnoz\u00ed hl\u00e1s\u00ed dlouhodob\u00e9 p\u0159\u00edznaky COVID i po o\u010dkov\u00e1n\u00ed proti COVID, bez ohledu na zna\u010dku.<\/span><\/p>\n<p><span>Ve vz\u00e1cn\u00fdch p\u0159\u00edpadech mohou vakc\u00edny proti koronaviru vyvolat dlouhodob\u00e9 p\u0159\u00edznaky podobn\u00e9 COVID,\u201c uv\u00e1d\u00ed \u010dasopis Science.\u00a0Mezi tyto p\u0159\u00edznaky pat\u0159\u00ed mimo jin\u00e9 mozkov\u00e1 mlha, probl\u00e9my s pam\u011bt\u00ed, bolesti hlavy, rozmazan\u00e9 vid\u011bn\u00ed, ztr\u00e1ta \u010dichu, bolesti nerv\u016f, kol\u00eds\u00e1n\u00ed srde\u010dn\u00ed frekvence, dramatick\u00e9 kol\u00eds\u00e1n\u00ed krevn\u00edho tlaku a svalov\u00e1 slabost.\u00a0Hl\u00e1\u0161eny jsou tak\u00e9 pocity \u201evnit\u0159n\u00edho p\u0159ep\u011bt\u00ed elekt\u0159iny\u201c.<\/span><\/p>\n<p><span>Hlavn\u00ed rozd\u00edl mezi dlouh\u00fdmi p\u0159\u00edznaky covidu a dlouh\u00fdm covidem po infekci je ten, \u017ee lidem, u kter\u00fdch se infekce rozvine, se nepoda\u0159ilo v\u010das l\u00e9\u010dit a v\u00fdsledn\u00e1 infekce byla z\u00e1va\u017en\u00e1.\u00a0COVID dlouh\u00fd po bodnut\u00ed se na druhou stranu m\u016f\u017ee objevit bu\u010f po velmi m\u00edrn\u00e9 pr\u016flomov\u00e9 infekci, nebo po \u017e\u00e1dn\u00e9 pr\u016flomov\u00e9 infekci.<\/span><\/p>\n<p class=\"has-medium-font-size\"><span style=\"font-size: 18pt;\"><strong>Neochota ve\u0159ejn\u011b \u0159e\u0161it dlouhodob\u00e9 o\u010dkov\u00e1n\u00ed proti COVID<\/strong><\/span><\/p>\n<p><span>V lednu 2021 za\u010dali v\u00fdzkumn\u00edci z National Institutes of Health (NIH) vy\u0161et\u0159ovat a pokou\u0161eli se l\u00e9\u010dit pacienty s podez\u0159en\u00edm na COVID dlouho po o\u010dkov\u00e1n\u00ed, ale z nezn\u00e1m\u00fdch d\u016fvod\u016f bylo vy\u0161et\u0159ov\u00e1n\u00ed odlo\u017eeno do konce roku, tak\u017ee pacienti nem\u011bli \u017e\u00e1dn\u00e9 odpov\u011bdi.<\/span><\/p>\n<p><span>Podle Science v\u00fdzkumn\u00edci z NIH pokra\u010dovali ve sv\u00e9 pr\u00e1ci \u201ev z\u00e1kulis\u00ed\u201c a dal\u0161\u00ed v\u00fdzkumn\u00edci po cel\u00e9m sv\u011bt\u011b tak\u00e9 za\u010dali tento fenom\u00e9n studovat.\u00a0P\u0159esto se zd\u00e1, \u017ee existuje extr\u00e9mn\u00ed neochota ve\u0159ejn\u011b \u0159e\u0161it p\u0159\u00edznaky COVID, kter\u00e9 se objevuj\u00ed po dlouh\u00e9 dob\u011b.\u00a0A pro\u010d?<\/span><\/p>\n<p><span>Dr\u00a0Avindra Nath, klinick\u00e1 \u0159editelka v N\u00e1rodn\u00edm institutu neurologick\u00fdch poruch a mrtvice (NINDS) a hlavn\u00ed vy\u0161et\u0159ovatelka NIH dlouhodob\u00e9ho vy\u0161et\u0159ov\u00e1n\u00ed COVID, n\u00e1m d\u00e1v\u00e1 vod\u00edtko.<\/span><\/p>\n<p><em><span>\u201eZkoum\u00e1n\u00ed mo\u017en\u00fdch vedlej\u0161\u00edch \u00fa\u010dink\u016f stav\u00ed v\u011bdce p\u0159ed dilema: riskuj\u00ed, \u017ee podpo\u0159\u00ed odm\u00edtnut\u00ed vakc\u00edn, kter\u00e9 jsou obecn\u011b bezpe\u010dn\u00e9, \u00fa\u010dinn\u00e9 a rozhoduj\u00edc\u00ed pro z\u00e1chranu \u017eivot\u016f,\u201c p\u00ed\u0161e Science.\u00a0\u201eMus\u00edte b\u00fdt velmi opatrn\u00ed\u201c, ne\u017e spoj\u00edte vakc\u00edny COVID-19 s komplikacemi, varuje Nath.\u00a0\u010clov\u011bk m\u016f\u017ee vyvodit \u0161patn\u00fd z\u00e1v\u011br&#8230; D\u016fsledky jsou obrovsk\u00e9.\u201c<\/span><\/em><\/p>\n<p><span>Jin\u00fdmi slovy, je to v\u0161echno o ochran\u011b o\u010dkovac\u00edho pr\u016fmyslu, kter\u00fd se nyn\u00ed spojil a stal se pr\u016fmyslem experiment\u00e1ln\u00ed genov\u00e9 terapie.<\/span><\/p>\n<p><span>Mezit\u00edm jsou lidsk\u00e9 subjekty ponech\u00e1ny trp\u011bt \u2013 mnoz\u00ed z nich ani nev\u011bd\u00ed, \u017ee jsou subjekty.\u00a0V\u011b\u0159ili, \u017ee \u201ebezpe\u010dnost a \u00fa\u010dinnost\u201c a \u201ep\u0159\u00edsn\u00e9 testov\u00e1n\u00ed\u201c jsou l\u017ei.\u00a0Nathovu obranu se pokusil publikovat s\u00e9rii p\u0159\u00edpad\u016f asi 30 t\u011bchto pacient\u016f, ale l\u00e9ka\u0159sk\u00e9 \u010dasopisy je odm\u00edtly publikovat.<\/span><\/p>\n<p class=\"has-medium-font-size\"><span style=\"font-size: 18pt;\"><strong>Co je p\u0159\u00ed\u010dinou Long-COVID?<\/strong><\/span><\/p>\n<p><span>Pokud jde o mechanismy dlouh\u00e9ho COVID, n\u00e1zory se li\u0161\u00ed.\u00a0V\u00fdsledky v\u00fdzkumu, kter\u00e9 Dr.\u00a0Bruce Patterson prezentovan\u00fd na Mezin\u00e1rodn\u00edm summitu COVID v \u0158\u00edm\u011b v z\u00e1\u0159\u00ed 2021 nazna\u010duj\u00ed, \u017ee monocyty, u kter\u00fdch bylo prok\u00e1z\u00e1no, \u017ee zp\u016fsobuj\u00ed po\u0161kozen\u00ed plic u pacient\u016f s akutn\u00edm COVID, jsou tak\u00e9 zapojeny do dlouh\u00e9ho COVID.<\/span><\/p>\n<p><span>Stru\u010dn\u011b \u0159e\u010deno, z\u00e1n\u011btliv\u00e9 cytokiny, kter\u00e9 maj\u00ed spou\u0161t\u011bt aktivaci T bun\u011bk, tak u n\u011bkter\u00fdch lid\u00ed ned\u011blaj\u00ed, co\u017e m\u00e1 za n\u00e1sledek nedostate\u010dnou antivirovou odpov\u011b\u010f.\u00a0M\u00edsto T bun\u011bk &#8211; kter\u00e9 jsou pot\u0159ebn\u00e9 k boji s infekc\u00ed &#8211; se produkuj\u00ed B bu\u0148ky a ur\u010dit\u00e1 podskupina monocyt\u016f.\u00a0Jak popisuje HealthRising.org:<\/span><\/p>\n<p><em><span>&#8222;Kdy\u017e pou\u017eili protil\u00e1tky, aby hledali d\u016fkazy o proteinech koronaviru v monocytech&#8230; na\u0161li je &#8211; v hojnosti.&#8220;\u00a0Sedmdes\u00e1t t\u0159i procent \u201eneklasick\u00fdch\u201c monocyt\u016f od dlouhodob\u00fdch pacient\u016f s COVID neslo proteiny koronaviru&#8230;<\/span><\/em><\/p>\n<p><em><span>Tyto typy monocyt\u016f byly \u010dasto pova\u017eov\u00e1ny za protiz\u00e1n\u011btliv\u00e9, ale ned\u00e1vn\u00e9 studie ukazuj\u00ed, \u017ee v n\u011bkter\u00fdch situac\u00edch mohou produkovat proz\u00e1n\u011btliv\u00e9 cytokiny.\u00a0Pod\u00edlej\u00ed se p\u0159edev\u0161\u00edm na \u201evykl\u00edzen\u00ed odpadk\u016f\u201c a antivirov\u00e9 reakci&#8230;<\/span><\/em><\/p>\n<p><em><span>Auto\u0159i p\u0159edpokl\u00e1daj\u00ed, \u017ee tyto monocyty byly p\u0159itahov\u00e1ny k bu\u0148k\u00e1m infikovan\u00fdm koronavirem v krevn\u00edch c\u00e9v\u00e1ch, kde je vychytaly a pot\u00e9 na jejich povrch ulo\u017eily protein koronaviru, aby upozornily imunitn\u00ed syst\u00e9m.<\/span><\/em><\/p>\n<p><em><span>Probl\u00e9m s dlouh\u00fdmi COVID nast\u00e1v\u00e1, kdy\u017e jsou p\u0159itahov\u00e1ny k c\u00e9v\u00e1m a zra\u0148uj\u00ed je nebo nevhodn\u011b roz\u0161i\u0159uj\u00ed c\u00e9vy.<\/span><\/em><\/p>\n<p><em><span>Tyto neklasick\u00e9 monocyty jsou jedin\u00e9 monocyty, kter\u00e9 nesou receptor CX3CR1, kter\u00fd po nav\u00e1z\u00e1n\u00ed na fraktalkin aktivuje antiapoptotick\u00fd protein, kter\u00fd umo\u017e\u0148uje monocyt\u016fm p\u0159e\u017e\u00edt d\u00e9le ne\u017e obvykle.\u00a0Tak\u00e9 zp\u016fsobuje, \u017ee monocyty opou\u0161t\u011bj\u00ed sv\u016fj protiz\u00e1n\u011btliv\u00fd stav a uvol\u0148uj\u00ed proz\u00e1n\u011btliv\u00e9 cytokiny.<\/span><\/em><\/p>\n<p><em><span>Toto jsou d\u016fle\u017eit\u00e9 kroky, proto\u017ee v\u011bt\u0161ina monocyt\u016f zem\u0159e b\u011bhem n\u011bkolika dn\u00ed a velmi dlouho \u017eij\u00edc\u00ed (a\u017e 16 m\u011bs\u00edc\u016f) monocyty nesouc\u00ed protein koronaviru jsou z\u00e1sadn\u00edm aspektem Pattersonovy hypot\u00e9zy&#8230;<\/span><\/em><\/p>\n<p><em><span>Vazba monocyt\u016f tak\u00e9 spou\u0161t\u00ed produkci VEGF \u2013 kter\u00fd je podle Pattersona zv\u00fd\u0161en\u00fd t\u00e9m\u011b\u0159 u v\u0161ech \u0159idi\u010d\u016f na dlouh\u00e9 vzd\u00e1lenosti.\u00a0VEGF pak roz\u0161i\u0159uje krevn\u00ed c\u00e9vy, co\u017e zp\u016fsobuje bolesti hlavy, migr\u00e9ny a mo\u017en\u00e1 i kognitivn\u00ed probl\u00e9my, \u0159ekl Patterson.<\/span><\/em><\/p>\n<p class=\"has-medium-font-size\"><span style=\"font-size: 18pt;\"><strong>Teorie autoprotil\u00e1tek<\/strong><\/span><\/p>\n<p><span>Dal\u0161\u00ed teorie Haralda Pr\u00fcsse, neurologa z n\u011bmeck\u00e9ho centra pro neurodegenerativn\u00ed nemoci a Charit\u00e9 v Berl\u00edn\u011b, \u0159\u00edk\u00e1, \u017ee protil\u00e1tky nam\u00ed\u0159en\u00e9 proti spike proteinu SARS-CoV-2 by mohly zp\u016fsobit \u201ekolater\u00e1ln\u00ed po\u0161kozen\u00ed\u201c.\u00a0Jak uv\u00e1d\u00ed Science:<\/span><\/p>\n<p><em><span>\u201eV roce 2020, p\u0159i hled\u00e1n\u00ed protil\u00e1tkov\u00fdch terapi\u00ed pro COVID-19, [Pr\u00fcss] a jeho kolegov\u00e9 zjistili, \u017ee z 18 protil\u00e1tek, kter\u00e9 identifikovali se siln\u00fdmi \u00fa\u010dinky proti SARS-CoV-2, se \u010dty\u0159i tak\u00e9 zam\u011b\u0159ovaly na zdrav\u00e9 tk\u00e1n\u011b u my\u0161\u00ed \u2013 co\u017e je zn\u00e1mkou toho. mohou vyvolat autoimunitn\u00ed probl\u00e9my&#8230;<\/span><\/em><\/p>\n<p><em><span>Minul\u00fd rok v\u00fdzkumn\u00e9 skupiny objevily neobvykle vysok\u00e9 hladiny autoprotil\u00e1tek u lid\u00ed po infekci SARS-CoV-2, kter\u00e9 mohou napadnout vlastn\u00ed bu\u0148ky a tk\u00e1n\u011b t\u011bla.<\/span><\/em><\/p>\n<p><em><span>Ve vyd\u00e1n\u00ed \u010dasopisu Nature z kv\u011btna 2021 imunologov\u00e9 z Yale School of Medicine Aaron Ring a Akiko Iwasaki a jejich kolegov\u00e9 informovali o objevu autoprotil\u00e1tek u pacient\u016f s akutn\u00edm COVID-19, kter\u00e9 se zam\u011b\u0159uj\u00ed na imunitn\u00ed syst\u00e9m a mozek;\u00a0nyn\u00ed zkoumaj\u00ed, jak dlouho autoprotil\u00e1tky vydr\u017e\u00ed a zda mohou po\u0161kodit tk\u00e1\u0148&#8230;<\/span><\/em><\/p>\n<p><em><span>V \u010dl\u00e1nku, kter\u00fd Pr\u00fcss a jeho kolegov\u00e9 brzy p\u0159edstav\u00ed, popisuj\u00ed, \u017ee u nejm\u00e9n\u011b t\u0159etiny t\u011bchto pacient\u016f na\u0161li autoprotil\u00e1tky, kter\u00e9 napadaj\u00ed my\u0161\u00ed neurony a dal\u0161\u00ed mozkov\u00e9 bu\u0148ky.<\/span><\/em><\/p>\n<p><span>V\u011bdci tak\u00e9 zkoumaj\u00ed, zda by COVID po bodnut\u00ed mohl b\u00fdt zp\u016fsoben autoprotil\u00e1tkami proti receptoru enzymu 2 konvertuj\u00edc\u00edho angiotenzin (ACE2), kter\u00fd je c\u00edlem spike proteinu.<\/span><\/p>\n<p class=\"has-medium-font-size\"><span style=\"font-size: 18pt;\"><strong>Jin\u00e9 pracovn\u00ed teorie<\/strong><\/span><\/p>\n<p><span>Jin\u00e9 teorie p\u0159edpokl\u00e1daj\u00ed aberantn\u00ed imunitn\u00ed odpov\u011b\u010f zp\u016fsobenou trvalou aktivac\u00ed specifick\u00e9 podskupiny T bun\u011bk, zejm\u00e9na u lid\u00ed, jejich\u017e dlouhodob\u00e9 p\u0159\u00edznaky COVID zahrnuj\u00ed neurologick\u00e9 komplikace.<\/span><\/p>\n<p><span>Perzistentn\u00ed mikroskopick\u00e9 krevn\u00ed sra\u017eeniny jsou dal\u0161\u00ed teori\u00ed, na kter\u00e9 pracuje Resia Pretorius, fyziolo\u017eka z University of Stellenbosch v Ji\u017en\u00ed Africe.<\/span><\/p>\n<p><span>Ona a jej\u00ed kolegov\u00e9 zve\u0159ejnili p\u0159edb\u011b\u017en\u00e9 v\u00fdsledky, kter\u00e9 ukazuj\u00ed, \u017ee mikroskopick\u00e9 krevn\u00ed sra\u017eeniny mohou p\u0159etrv\u00e1vat dlouho po vymizen\u00ed infekce SARS-CoV-2.\u00a0Tyto sra\u017eeniny pak naru\u0161uj\u00ed okysli\u010dov\u00e1n\u00ed, co\u017e m\u016f\u017ee vysv\u011btlit p\u0159\u00edznaky, jako je mozkov\u00e1 mlha.<\/span><\/p>\n<p><span>Jin\u00e1 teorie nazna\u010duje, \u017ee symptomy jsou zp\u016fsobeny zbytky spike protein\u016f ulo\u017een\u00fdch ve tk\u00e1n\u00edch a org\u00e1nech &#8211; v\u010detn\u011b st\u0159eva &#8211; kter\u00fdm trv\u00e1 d\u00e9le ne\u017e rok, ne\u017e se po t\u011b\u017ek\u00e9 infekci rozpadnou.\u00a0Jak uv\u00e1d\u00ed Medical News Today:<\/span><\/p>\n<p><em><span>\u201eV\u00fdzkumn\u00edci zkoumali antigeny SARS-CoV-2 \u2013 viru, kter\u00fd zp\u016fsobuje COVID-19 \u2013 ve vzorc\u00edch krevn\u00ed plazmy odebran\u00fdch lidem s dlouhodobou infekc\u00ed COVID-19 a typickou infekc\u00ed COVID-19.<\/span><\/em><\/p>\n<p><em><span>Zjistili, \u017ee specifick\u00fd antigen SARS-CoV-2 \u2013 spike protein \u2013 byl p\u0159\u00edtomen v krvi v\u011bt\u0161iny pacient\u016f s dlouhodobou infekc\u00ed COVID, a to a\u017e rok po prvotn\u00ed diagn\u00f3ze COVID-19.\u00a0Naproti tomu spike protein nebyl detekov\u00e1n u pacient\u016f s typickou infekc\u00ed COVID-19.<\/span><\/em><\/p>\n<p><em><span>Toto zji\u0161t\u011bn\u00ed podporuje hypot\u00e9zu, \u017ee SARS-CoV-2 m\u016f\u017ee p\u0159etrv\u00e1vat v t\u011ble prost\u0159ednictv\u00edm virov\u00fdch rezervo\u00e1r\u016f, kde pokra\u010duje v uvol\u0148ov\u00e1n\u00ed spike protein\u016f a vyvol\u00e1v\u00e1 z\u00e1n\u011bt.&#8220;<\/span><\/em><\/p>\n<p><span>Ve snaze identifikovat biomarkery dlouh\u00e9ho COVID v\u011bdci m\u011b\u0159ili hladiny t\u0159\u00ed antigen\u016f SARS-CoV-2: spike protein, S1 podjednotka spike proteinu a nukleokapsida (vn\u011bj\u0161\u00ed proteinov\u00fd obal) viru.<\/span><\/p>\n<p><span>V\u0161echny t\u0159i antigeny byly nalezeny v krvi 65 % dlouhodob\u011b testovan\u00fdch pacient\u016f s COVID, ale nejb\u011b\u017en\u011bj\u0161\u00ed byl vrcholov\u00fd protein, kter\u00fd z\u016fstal zv\u00fd\u0161en\u00fd po nejdel\u0161\u00ed dobu.\u00a0Stru\u010dn\u011b \u0159e\u010deno, charakteristick\u00fdm znakem dlouh\u00e9ho COVID je dlouhodob\u00e1 p\u0159\u00edtomnost spike proteinu a spike protein je p\u0159esn\u011b to, co vakc\u00edna COVID \u0159\u00edk\u00e1, aby va\u0161e bu\u0148ky vytvo\u0159ily.<\/span><\/p>\n<p><span>Je pravda, \u017ee spike protein produkovan\u00fd va\u0161imi bu\u0148kami v reakci na vakcinaci je geneticky pozm\u011bn\u011bn, tak\u017ee nen\u00ed zcela identick\u00fd s spike proteinem nalezen\u00fdm v SARS-CoV-2 (kter\u00fd je mimochodem tak\u00e9 um\u011bl\u00fd, zd\u00e1 se b\u00fdt), ale bez ohledu na zdroj se spike protein jev\u00ed jako d\u016fle\u017eit\u00fd patogenn\u00ed faktor.\u00a0Je tedy logick\u00e9, \u017ee mnoho p\u0159\u00edjemc\u016f vakc\u00edny proti COVID by hl\u00e1silo dlouhodob\u00e9 p\u0159\u00edznaky podobn\u00e9 COVID, proto\u017ee jejich t\u011blo je neust\u00e1le produkuje.<\/span><\/p>\n<p class=\"has-medium-font-size\"><span style=\"font-size: 18pt;\"><strong>Injekce mRNA po\u0161kozuj\u00ed srdce V\u0160ECH p\u0159\u00edjemc\u016f<\/strong><\/span><\/p>\n<figure class=\"wp-block-embed aligncenter is-type-video is-provider-youtube wp-block-embed-youtube wp-embed-aspect-4-3 wp-has-aspect-ratio\">\n<div class=\"wp-block-embed__wrapper\"><iframe loading=\"lazy\" title=\"Subklinick\u00e1 myokarditida \u2013 NOV\u00c1 zpr\u00e1va ze \u0160v\u00fdcarska \u2013 z\u00e1sadn\u00ed n\u00e1lezy\" src=\"https:\/\/www.youtube.com\/embed\/vveMHtVk_mY?feature=oembed\" width=\"800\" height=\"600\" frameborder=\"0\" allowfullscreen=\"allowfullscreen\" data-mce-fragment=\"1\"><\/iframe><\/div>\n<\/figure>\n<p><span>Na rozd\u00edl od p\u016fvodn\u00edch tvrzen\u00ed v\u00edme, \u017ee mRNA v injek\u010dn\u00edch st\u0159\u00edka\u010dk\u00e1ch COVID cestuje po cel\u00e9m t\u011ble a hromad\u00ed se v r\u016fzn\u00fdch org\u00e1nech.\u00a0Bu\u0148ky v t\u011bchto org\u00e1nech pak dlouhodob\u011b exprimuj\u00ed spike protein.<\/span><\/p>\n<p><em><strong><span>&#8222;\u0160v\u00fdcar\u0161t\u00ed v\u011bdci zjistili, \u017ee V\u0160ICHNI p\u0159\u00edjemci mRNA Jab zaznamenali ur\u010dit\u00fd stupe\u0148 po\u0161kozen\u00ed srdce, i kdy\u017e byli asymptomati\u010dt\u00ed.&#8220;<\/span><\/strong><\/em><\/p>\n<p><span>Krom\u011b reproduk\u010dn\u00edch org\u00e1n\u016f je posti\u017eeno p\u0159edev\u0161\u00edm srdce a ned\u00e1vn\u00e1 \u0161v\u00fdcarsk\u00e1 studie zjistila, \u017ee m\u00edra subklinick\u00e9 myokarditidy je 100kr\u00e1t vy\u0161\u0161\u00ed ne\u017e u klinick\u00e9 myokarditidy.\u00a0Je zaj\u00edmav\u00e9, \u017ee zat\u00edmco jin\u00e9 studie zjistily vy\u0161\u0161\u00ed v\u00fdskyt postvakcina\u010dn\u00ed myokarditidy u mu\u017e\u016f, u \u017een byl mnohem vy\u0161\u0161\u00ed.<\/span><\/p>\n<p><span>Odhaduje se, \u017ee 1 z 27 \u017een, kter\u00e9 dostaly injekci mRNA-COVID, m\u011bla zn\u00e1mky po\u0161kozen\u00ed myokardu.\u00a0Do\u0161li tak\u00e9 k z\u00e1v\u011bru, \u017ee V\u0160ICHNI p\u0159\u00edjemci zaznamenali n\u011bjakou formu po\u0161kozen\u00ed srdce, i kdy\u017e nem\u011bli \u017e\u00e1dn\u00e9 p\u0159\u00edznaky.\u00a0Ve videu v\u00fd\u0161e Dr.\u00a0Vinay Prasad uv\u00e1d\u00ed tuto studii a vysv\u011btluje, co to znamen\u00e1 m\u00edt subklinickou myokarditidu.\u00a0Jak uv\u00e1d\u00ed The Daily Skeptic:<\/span><\/p>\n<p><em><span>&#8222;Z\u00e1sadn\u00ed je, \u017ee studie zjistila zv\u00fd\u0161en\u00e9 hladiny troponinu u v\u0161ech o\u010dkovan\u00fdch osob, co\u017e sv\u011bd\u010d\u00ed o po\u0161kozen\u00ed srdce&#8230; To nazna\u010duje, \u017ee vakc\u00edna b\u011b\u017en\u011b po\u0161kozuje srdce (org\u00e1n, kter\u00fd se \u0161patn\u011b hoj\u00ed) a \u017ee zn\u00e1m\u00e1 zran\u011bn\u00ed jsou jen ta z\u00e1va\u017en\u011bj\u0161\u00ed. P\u0159\u00edpady jsou mnohem v\u011bt\u0161\u00ed, vyskytuj\u00ed se v\u0161ude&#8230; Nejde o vz\u00e1cn\u00e9 jevy, jak \u010dasto tvrd\u00ed l\u00e9ka\u0159sk\u00e9 autority a m\u00e9dia.\u00a0Jsou d\u011bsiv\u011b b\u011b\u017en\u00e9.&#8220;<\/span><\/em><\/p>\n<p class=\"has-medium-font-size\"><span style=\"font-size: 18pt;\"><strong>\u00damrt\u00ed po o\u010dkov\u00e1n\u00ed COVID budou poh\u0159beni<\/strong><\/span><\/p>\n<p><span>Celkov\u011b vzato, d\u016fkazy ukazuj\u00ed, \u017ee\u00a0<\/span><a href=\"https:\/\/takecontrol.substack.com\/p\/covid-vaccine-injuries\" target=\"_blank\" rel=\"noreferrer noopener\"><span>o\u010dkov\u00e1n\u00ed proti COVID<\/span><\/a><span>\u00a0je absolutn\u00ed katastrofou ve\u0159ejn\u00e9ho zdrav\u00ed, ale na\u0161i \u00fa\u0159edn\u00edci ve\u0159ejn\u00e9ho zdrav\u00ed ned\u011blaj\u00ed nic, aby tomu zabr\u00e1nili.\u00a0Naopak, zdvojn\u00e1sobili a ztrojn\u00e1sobili sv\u00e1 doporu\u010den\u00ed ohledn\u011b o\u010dkov\u00e1n\u00ed proti COVID a z\u00e1rove\u0148 poh\u0159bili usv\u011bd\u010duj\u00edc\u00ed d\u016fkazy.<\/span><\/p>\n<p><span>V\u00a0<\/span><a href=\"https:\/\/takecontrol.substack.com\/p\/hiding-covid-vaccine-safety-signals\" target=\"_blank\" rel=\"noreferrer noopener\"><span>knize How FDA a CDC Are Hiding COVID Jab Dangers<\/span><\/a><span>\u00a0podrobn\u011b popisuji, jak americk\u00fd \u00da\u0159ad pro kontrolu potravin a l\u00e9\u010div a Centra pro kontrolu a prevenci nemoc\u00ed odm\u00edtaj\u00ed vydat relevantn\u00ed \u00fadaje, lhaly o v\u00fdsledc\u00edch studi\u00ed a co je je\u0161t\u011b d\u011bsiv\u011bj\u0161\u00ed, nyn\u00ed um\u011ble manipuluj\u00ed s datab\u00e1zemi. eliminovat bezpe\u010dnostn\u00ed sign\u00e1ly a skr\u00fdt nadm\u011brn\u00e1 \u00famrt\u00ed souvisej\u00edc\u00ed s vakc\u00ednou.<\/span><\/p>\n<p class=\"has-medium-font-size\"><span style=\"font-size: 18pt;\"><strong>Jak l\u00e9\u010dit Long-COVID?<\/strong><\/span><\/p>\n<p><span>L\u00e9\u010dba poran\u011bn\u00ed po injekci, kter\u00e1 zahrnuj\u00ed dlouhodob\u00e9 p\u0159\u00edznaky podobn\u00e9 COVID, m\u016f\u017ee b\u00fdt v ran\u00fdch f\u00e1z\u00edch, ale nad\u011bje existuje.\u00a0\u0158ada l\u00e9ka\u0159\u016f, v\u011bdc\u016f a speci\u00e1ln\u00edch skupin COVID zkoum\u00e1 zp\u016fsoby l\u00e9\u010dby a pracuje s posti\u017een\u00fdmi pacienty.\u00a0To zahrnuje:<\/span><\/p>\n<ul>\n<li><strong><span>L\u00e9\u010debn\u00fd protokol FLCCC<\/span><\/strong><span>\u00a0\u2013 Frontline COVID-19 Critical Care Alliance (FLCCC) vyvinul protokoly jak pro ty, kte\u0159\u00ed bojuj\u00ed s\u00a0<\/span><a href=\"https:\/\/covid19criticalcare.com\/treatment-protocols\/i-recover-long-covid-treatment\/\" target=\"_blank\" rel=\"noreferrer noopener\"><span>vlekl\u00fdmi onemocn\u011bn\u00edmi COVID<\/span><\/a><span>\u00a0, tak pro ty , kte\u0159\u00ed byli\u00a0<\/span><a href=\"https:\/\/covid19criticalcare.com\/treatment-protocols\/i-recover\/\" target=\"_blank\" rel=\"noreferrer noopener\"><span>zran\u011bni o\u010dkov\u00e1n\u00edm proti COVID<\/span><\/a><span>\u00a0.\u00a0<\/span><a href=\"https:\/\/covid19criticalcare.com\/covid-19-protocols\/i-recover-post-vaccine-treatment\/\" target=\"_blank\" rel=\"noreferrer noopener\"><span>Oba si m\u016f\u017eete st\u00e1hnout na covid19criticalcare.com.<\/span><\/a><\/li>\n<li><strong><span>Spike Protein Detoxification<\/span><\/strong><span>\u00a0&#8211; Sv\u011btov\u00e1 zdravotn\u00ed rada identifikovala l\u00e1tky, kter\u00e9 mohou inhibovat, neutralizovat a eliminovat \u0161pi\u010dat\u00fd protein.\u00a0Inhibitory, kter\u00e9 zabra\u0148uj\u00ed nav\u00e1z\u00e1n\u00ed spike proteinu na va\u0161e bu\u0148ky, zahrnuj\u00ed prunella vulgaris, \u010daj z jehli\u010d\u00ed, emodin, neem, extrakt z pampeli\u0161ky a l\u00e9k ivermektin.\u00a0Dr\u00a0Pierre Kory z FLCCC v\u011b\u0159\u00ed, \u017ee ivermektin m\u016f\u017ee b\u00fdt nejlep\u0161\u00edm p\u0159\u00edstupem k nav\u00e1z\u00e1n\u00ed cirkuluj\u00edc\u00edho spike proteinu.<\/span><\/li>\n<li><span>Neutraliz\u00e1tory spike proteinu, kter\u00e9 pom\u00e1haj\u00ed br\u00e1nit spike proteinu p\u0159ed po\u0161kozen\u00edm bun\u011bk, zahrnuj\u00ed N-acetylcystein \u200b\u200b(NAC), glutathion, fenyklov\u00fd \u010daj, bady\u00e1nov\u00fd \u010daj, \u010daj z jehli\u010d\u00ed, t\u0159ezalku te\u010dkovanou, kostivalov\u00fd \u010daj a vitam\u00edn C.<\/span><\/li>\n<li><a href=\"https:\/\/takecontrol.substack.com\/p\/new-benefits-of-fasting?s=r\" target=\"_blank\" rel=\"noreferrer noopener\"><span>\u010casov\u011b omezen\u00e9 stravov\u00e1n\u00ed (TRE)<\/span><\/a><span>\u00a0m\u016f\u017ee pomoci eliminovat toxick\u00e9 proteiny stimulac\u00ed\u00a0<\/span><a href=\"https:\/\/takecontrol.substack.com\/p\/best-of-series-metabolic-autophagy-7ad?s=r#details\" target=\"_blank\" rel=\"noreferrer noopener\"><span>autofagie<\/span><\/a><span>\u00a0a nattokin\u00e1za, forma fermentovan\u00e9 s\u00f3ji, je u\u017eite\u010dn\u00e1 p\u0159i sni\u017eov\u00e1n\u00ed krevn\u00edch sra\u017eenin.\u00a0<\/span><a href=\"https:\/\/takecontrol.substack.com\/p\/spike-protein-detox\" target=\"_blank\" rel=\"noreferrer noopener\"><span>Viz Sv\u011btov\u00e1 rada pro zdrav\u00ed odhaluje Spike Protein Detox pro<\/span><\/a><span>\u00a0n\u011bkolik dal\u0161\u00edch detoxika\u010dn\u00edch dopl\u0148k\u016f\u00a0.<\/span><\/li>\n<li><strong><span>Dopl\u0148ky stravy<\/span><\/strong><span>\u00a0\u2013\u00a0<\/span><a href=\"https:\/\/takecontrol.substack.com\/p\/treating-long-haul-syndrome\" target=\"_blank\" rel=\"noreferrer noopener\"><span>L\u00e9\u010dba dlouh\u00e9ho syndromu<\/span><\/a><span>\u00a0uv\u00e1d\u00ed seznam dopl\u0148k\u016f stravy, kter\u00e9 Dr.\u00a0Al Johnson doporu\u010duje p\u0159i dlouhodob\u00e9m COVID, nap\u0159.\u00a0B. Vitamin C (pro zklidn\u011bn\u00ed z\u00e1n\u011btu), vitamin D (pro optimalizaci celkov\u00e9 imunitn\u00ed funkce), glutathion (k potla\u010den\u00ed z\u00e1n\u011btu) a NAC (jako prekurzor glutathionu).<\/span><\/li>\n<li><span>Dr\u00a0Peter McCullough uv\u00e1d\u00ed, \u017ee dos\u00e1hl ur\u010dit\u00e9ho \u00fasp\u011bchu p\u0159i l\u00e9\u010db\u011b neurologick\u00fdch p\u0159\u00edznak\u016f fluvoxaminem, antidepresivem SSRI, a p\u0159ezkum z b\u0159ezna 2022 navrhuje pou\u017eit\u00ed flavonoid\u016f luteolinu a\u00a0<\/span><a href=\"https:\/\/takecontrol.substack.com\/p\/quercetin-an-alternative-to-hydroxychloroquine\" target=\"_blank\" rel=\"noreferrer noopener\"><span>kvercetinu<\/span><\/a><span>\u00a0k boji proti neurotoxick\u00fdm \u00fa\u010dink\u016fm spike proteinu.<\/span><\/li>\n<li><span>Mezin\u00e1rodn\u00ed spolupr\u00e1ce zahrnuj\u00edc\u00ed v\u00fdzkumn\u00edky v Izraeli a USA tak\u00e9 vyvinula to, co se \u0159\u00edk\u00e1, \u017ee je \u201ep\u0159elomov\u00fd\u201c v\u00fd\u017eivov\u00fd vzorec pro Long Covid s n\u00e1zvem \u201eRestore\u201c.\u00a0V\u00fdsledky studie nazna\u010duj\u00ed, \u017ee ka\u017ed\u00fd ze zm\u00edn\u011bn\u00fdch p\u0159\u00edznak\u016f se po \u010dty\u0159ech t\u00fddnech u\u017e\u00edv\u00e1n\u00ed zm\u00edrnil u 72 % a\u017e 84 % \u00fa\u010dastn\u00edk\u016f studie.\u00a0Toto uv\u00e1d\u00ed Jerusalem Post:<\/span><\/li>\n<\/ul>\n<p><em><span>&#8222;Dopln\u011bk stravy obsahuje \u017eiviny a bylinn\u00e9 bioextrakty pro kritickou obnovu imunitn\u00edho syst\u00e9mu po zotaven\u00ed z virov\u00e9 infekce, s p\u0159\u00edsadami, jako je zinek, vitam\u00edn D, kvercetin, bromelain, t\u0159ezalka te\u010dkovan\u00e1, kadidlo indick\u00e9 a beta-karyofylen, kanabinoid.&#8220; CB2 agonista (agonist\u00e9 zap\u00ednaj\u00ed receptory proteinov\u00fdch molekul, antagonist\u00e9 je vyp\u00ednaj\u00ed).<\/span><\/em><\/p>\n<p><strong>\u010cl\u00e1nek ve\u00a0<a href=\"https:\/\/media.mercola.com\/ImageServer\/Public\/2022\/November\/PDF\/long-covid-pdf.pdf\" target=\"_blank\" rel=\"noreferrer noopener\" data-type=\"URL\" data-id=\"https:\/\/media.mercola.com\/ImageServer\/Public\/2022\/November\/PDF\/long-covid-pdf.pdf\">form\u00e1tu PDF<\/a>\u00a0:<\/strong><\/p>\n<p><strong><span style=\"font-size: 18pt;\">Prameny:<\/span><\/strong><\/p>\n<ul>\n<li><a href=\"https:\/\/takecontrol.substack.com\/p\/long-covid#footnote-anchor-1\"><span>1\u00a0<\/span><\/a><a href=\"https:\/\/www.cdc.gov\/coronavirus\/2019-ncov\/long-term-effects\/index.html\"><span>CDC, COVID-19, podm\u00ednky po COVID 16. z\u00e1\u0159\u00ed 2021<\/span><\/a><\/li>\n<li><a href=\"https:\/\/takecontrol.substack.com\/p\/long-covid#footnote-anchor-2\"><span>2\u00a0<\/span><\/a><a href=\"https:\/\/medicine.wustl.edu\/news\/long-covid-19-poses-risks-to-vaccinated-people-too\/\"><span>L\u00e9ka\u0159sk\u00e1 fakulta Washingtonsk\u00e9 univerzity 25. kv\u011btna 2022<\/span><\/a><\/li>\n<li><a href=\"https:\/\/takecontrol.substack.com\/p\/long-covid#footnote-anchor-3\"><span>3\u00a0<\/span><\/a><a href=\"https:\/\/www.science.org\/content\/article\/rare-cases-coronavirus-vaccines-may-cause-long-covid-symptoms\"><span>V\u011bda 20. ledna 2022<\/span><\/a><\/li>\n<li><a href=\"https:\/\/takecontrol.substack.com\/p\/long-covid#footnote-anchor-4\"><span>4\u00a0<\/span><\/a><a href=\"https:\/\/medicine.wustl.edu\/news\/long-covid-19-poses-risks-to-vaccinated-people-too\/\"><span>L\u00e9ka\u0159sk\u00e1 fakulta Washingtonsk\u00e9 univerzity 25. kv\u011btna 2022<\/span><\/a><\/li>\n<li><a href=\"https:\/\/takecontrol.substack.com\/p\/long-covid#footnote-anchor-5\"><span>5\u00a0<\/span><\/a><a href=\"https:\/\/www.science.org\/content\/article\/rare-cases-coronavirus-vaccines-may-cause-long-covid-symptoms\"><span>V\u011bda 20. ledna 2022<\/span><\/a><\/li>\n<li><a href=\"https:\/\/takecontrol.substack.com\/p\/long-covid#footnote-anchor-6\"><span>6\u00a0<\/span><\/a><a href=\"https:\/\/www.science.org\/content\/article\/rare-cases-coronavirus-vaccines-may-cause-long-covid-symptoms\"><span>V\u011bda 20. ledna 2022<\/span><\/a><\/li>\n<li><a href=\"https:\/\/takecontrol.substack.com\/p\/long-covid#footnote-anchor-7\"><span>7\u00a0<\/span><\/a><a href=\"https:\/\/www.science.org\/content\/article\/rare-cases-coronavirus-vaccines-may-cause-long-covid-symptoms\"><span>V\u011bda 20. ledna 2022<\/span><\/a><\/li>\n<li><a href=\"https:\/\/takecontrol.substack.com\/p\/long-covid#footnote-anchor-8\"><span>8\u00a0<\/span><\/a><a href=\"https:\/\/www.frontiersin.org\/articles\/10.3389\/fimmu.2021.746021\/full\"><span>Frontiers in Immunology 10. ledna 2022 DOI: 10.3389\/fimmu.2021.746021<\/span><\/a><\/li>\n<li><a href=\"https:\/\/takecontrol.substack.com\/p\/long-covid#footnote-anchor-9\"><span>9\u00a0<\/span><\/a><a href=\"https:\/\/www.healthrising.org\/blog\/2021\/07\/21\/patterson-cracked-long-covid\/\"><span>Zdrav\u00ed stoup\u00e1 21. \u010dervence 2021<\/span><\/a><\/li>\n<li><a href=\"https:\/\/takecontrol.substack.com\/p\/long-covid#footnote-anchor-10\"><span>10\u00a0<\/span><\/a><a href=\"https:\/\/www.youtube.com\/watch?v=3AgvHVOo2Hg\"><span>P\u016fvodn\u011b vys\u00edl\u00e1no na YouTube 25. \u0159\u00edjna 2021, 6:15.\u00a0Video je od t\u00e9 doby soukrom\u00e9<\/span><\/a><\/li>\n<li><a href=\"https:\/\/takecontrol.substack.com\/p\/long-covid#footnote-anchor-11\"><span>11\u00a0<\/span><\/a><a href=\"https:\/\/www.healthrising.org\/blog\/2021\/07\/21\/patterson-cracked-long-covid\/\"><span>Zdrav\u00ed stoup\u00e1 21. \u010dervence 2021<\/span><\/a><\/li>\n<li><a href=\"https:\/\/takecontrol.substack.com\/p\/long-covid#footnote-anchor-12\"><span>12\u00a0<\/span><\/a><a href=\"https:\/\/www.science.org\/content\/article\/rare-cases-coronavirus-vaccines-may-cause-long-covid-symptoms\"><span>V\u011bda 20. ledna 2022<\/span><\/a><\/li>\n<li><a href=\"https:\/\/takecontrol.substack.com\/p\/long-covid#footnote-anchor-13\"><span>13\u00a0<\/span><\/a><a href=\"https:\/\/www.nature.com\/articles\/s41586-021-03631-y\"><span>P\u0159\u00edroda 19. kv\u011btna 2021;\u00a0595:283-288<\/span><\/a><\/li>\n<li><a href=\"https:\/\/takecontrol.substack.com\/p\/long-covid#footnote-anchor-14\"><span>14\u00a0<\/span><\/a><a href=\"https:\/\/www.science.org\/content\/article\/rare-cases-coronavirus-vaccines-may-cause-long-covid-symptoms\"><span>V\u011bda 20. ledna 2022<\/span><\/a><\/li>\n<li><a href=\"https:\/\/takecontrol.substack.com\/p\/long-covid#footnote-anchor-15\"><span>15\u00a0<\/span><\/a><a href=\"https:\/\/www.ncbi.nlm.nih.gov\/pmc\/articles\/PMC8366804\/\"><span>MedRxiv Revidov\u00e1no 29. \u0159\u00edjna 2021 DOI: 10.1101\/2021.08.08.21261763<\/span><\/a><\/li>\n<li><a href=\"https:\/\/takecontrol.substack.com\/p\/long-covid#footnote-anchor-16\"><span>16\u00a0<\/span><\/a><a href=\"https:\/\/www.science.org\/content\/article\/rare-cases-coronavirus-vaccines-may-cause-long-covid-symptoms\"><span>V\u011bda 20. ledna 2022<\/span><\/a><\/li>\n<li><a href=\"https:\/\/takecontrol.substack.com\/p\/long-covid#footnote-anchor-17\"><span>17\u00a0<\/span><\/a><a href=\"https:\/\/cardiab.biomedcentral.com\/articles\/10.1186\/s12933-021-01359-7\"><span>Kardiovaskul\u00e1rn\u00ed diabetologie 2021;\u00a020 \u010d\u00edslo polo\u017eky 172<\/span><\/a><\/li>\n<li><a href=\"https:\/\/takecontrol.substack.com\/p\/long-covid#footnote-anchor-18\"><span>18\u00a0<\/span><\/a><a href=\"https:\/\/www.science.org\/content\/article\/rare-cases-coronavirus-vaccines-may-cause-long-covid-symptoms\"><span>V\u011bda 20. ledna 2022<\/span><\/a><\/li>\n<li><a href=\"https:\/\/takecontrol.substack.com\/p\/long-covid#footnote-anchor-19\"><span>19\u00a0<\/span><\/a><a href=\"https:\/\/assets.researchsquare.com\/files\/rs-1139035\/v1_covered.pdf?c=1640020576\"><span>Research Square Infekce a perzistence SARS-CoV-2<\/span><\/a><\/li>\n<li><a href=\"https:\/\/takecontrol.substack.com\/p\/long-covid#footnote-anchor-20\"><span>20\u00a0<\/span><\/a><a href=\"https:\/\/www.medicalnewstoday.com\/articles\/long-covid-viral-reservoir-of-spike-protein-may-explain-long-term-symptoms\"><span>Medical News Dnes 4. \u010dervence 2022<\/span><\/a><\/li>\n<li><a href=\"https:\/\/takecontrol.substack.com\/p\/long-covid#footnote-anchor-21\"><span>21.\u00a0<\/span><\/a><a href=\"https:\/\/pubmed.ncbi.nlm.nih.gov\/35028901\/\"><span>molekul\u00e1rn\u00ed neurobiologie b\u0159ezen 2022;\u00a059(3): 1850-1861<\/span><\/a><\/li>\n<li><a href=\"https:\/\/takecontrol.substack.com\/p\/long-covid#footnote-anchor-22\"><span>22\u00a0<\/span><\/a><a href=\"https:\/\/dailysceptic.org\/2022\/10\/27\/mrna-vaccines-injure-the-heart-of-all-vaccine-recipients-and-cause-myocarditis-in-up-to-1-in-27-study-finds\/\"><span>Denn\u00ed skeptik 27. \u0159\u00edjna 2022<\/span><\/a><\/li>\n<li><a href=\"https:\/\/takecontrol.substack.com\/p\/long-covid#footnote-anchor-23\"><span>23\u00a0<\/span><\/a><a href=\"https:\/\/dailysceptic.org\/2022\/10\/27\/mrna-vaccines-injure-the-heart-of-all-vaccine-recipients-and-cause-myocarditis-in-up-to-1-in-27-study-finds\/\"><span>Denn\u00ed skeptik 27. \u0159\u00edjna 2022<\/span><\/a><\/li>\n<li><a href=\"https:\/\/takecontrol.substack.com\/p\/long-covid#footnote-anchor-24\"><span>24\u00a0<\/span><\/a><a href=\"https:\/\/pubmed.ncbi.nlm.nih.gov\/35028901\/\"><span>Molekul\u00e1rn\u00ed neurobiologie b\u0159ezen 2022;\u00a059(3): 1850-1861<\/span><\/a><\/li>\n<li><a href=\"https:\/\/takecontrol.substack.com\/p\/long-covid#footnote-anchor-25\"><span>25\u00a0<\/span><\/a><a href=\"https:\/\/www.frontiersin.org\/articles\/10.3389\/fnut.2022.1034169\/full\"><span>Frontiers in Nutrition 25. \u0159\u00edjna 2022 DOI: 10.3389\/fnut.2022.1034169<\/span><\/a><\/li>\n<li><a href=\"https:\/\/takecontrol.substack.com\/p\/long-covid#footnote-anchor-26\"><span>26\u00a0<\/span><\/a><a href=\"https:\/\/www.jpost.com\/health-and-wellness\/coronavirus\/article-721675\"><span>Jerusalem Post 7. listopadu 2022<\/span><\/a><\/li>\n<\/ul>\n<\/div>\n<\/div>\n<div class=\"elementor-element elementor-element-8c57238 quelle dc-has-condition dc-condition-empty elementor-widget elementor-widget-heading\" data-id=\"8c57238\" data-element_type=\"widget\" data-widget_type=\"heading.default\">\n<div class=\"elementor-widget-container\">\n<h3 class=\"elementor-heading-title elementor-size-default\"><span style=\"font-size: 8pt;\"><a href=\"https:\/\/takecontrol.substack.com\/p\/long-covid\" target=\"_blank\" rel=\"nofollow noopener\">ZDROJ<\/a><\/span><\/h3>\n<p>&nbsp;<\/p>\n<\/div>\n<\/div>\n","protected":false},"excerpt":{"rendered":"<p>Zat\u00edmco Long Covid byl pova\u017eov\u00e1n za vedlej\u0161\u00ed \u00fa\u010dinek skute\u010dn\u00e9 infekce, mnoz\u00ed hl\u00e1s\u00ed podobn\u00e9 p\u0159\u00edznaky i&#8230;<\/p>\n","protected":false},"author":2,"featured_media":18302,"comment_status":"closed","ping_status":"closed","sticky":false,"template":"","format":"standard","meta":[],"categories":[7],"tags":[3816,694,651,21],"_links":{"self":[{"href":"https:\/\/www.infokuryr.cz\/n\/wp-json\/wp\/v2\/posts\/18301"}],"collection":[{"href":"https:\/\/www.infokuryr.cz\/n\/wp-json\/wp\/v2\/posts"}],"about":[{"href":"https:\/\/www.infokuryr.cz\/n\/wp-json\/wp\/v2\/types\/post"}],"author":[{"embeddable":true,"href":"https:\/\/www.infokuryr.cz\/n\/wp-json\/wp\/v2\/users\/2"}],"replies":[{"embeddable":true,"href":"https:\/\/www.infokuryr.cz\/n\/wp-json\/wp\/v2\/comments?post=18301"}],"version-history":[{"count":1,"href":"https:\/\/www.infokuryr.cz\/n\/wp-json\/wp\/v2\/posts\/18301\/revisions"}],"predecessor-version":[{"id":18303,"href":"https:\/\/www.infokuryr.cz\/n\/wp-json\/wp\/v2\/posts\/18301\/revisions\/18303"}],"wp:featuredmedia":[{"embeddable":true,"href":"https:\/\/www.infokuryr.cz\/n\/wp-json\/wp\/v2\/media\/18302"}],"wp:attachment":[{"href":"https:\/\/www.infokuryr.cz\/n\/wp-json\/wp\/v2\/media?parent=18301"}],"wp:term":[{"taxonomy":"category","embeddable":true,"href":"https:\/\/www.infokuryr.cz\/n\/wp-json\/wp\/v2\/categories?post=18301"},{"taxonomy":"post_tag","embeddable":true,"href":"https:\/\/www.infokuryr.cz\/n\/wp-json\/wp\/v2\/tags?post=18301"}],"curies":[{"name":"wp","href":"https:\/\/api.w.org\/{rel}","templated":true}]}}