{"id":18297,"date":"2022-11-17T01:00:42","date_gmt":"2022-11-17T00:00:42","guid":{"rendered":"http:\/\/www.infokuryr.cz\/n\/?p=18297"},"modified":"2022-11-16T16:33:17","modified_gmt":"2022-11-16T15:33:17","slug":"vysilani-bylo-zruseno-pote-co-odbornice-na-vyzivu-omdlela-v-zivem-televiznim-vysilani","status":"publish","type":"post","link":"https:\/\/www.infokuryr.cz\/n\/2022\/11\/17\/vysilani-bylo-zruseno-pote-co-odbornice-na-vyzivu-omdlela-v-zivem-televiznim-vysilani\/","title":{"rendered":"Vys\u00edl\u00e1n\u00ed bylo zru\u0161eno pot\u00e9, co odbornice na v\u00fd\u017eivu omdlela v \u017eiv\u00e9m televizn\u00edm vys\u00edl\u00e1n\u00ed"},"content":{"rendered":"<div id=\"fb-root\"><\/div>\n<p><span>V argentinsk\u00e9 televizn\u00ed show Buenos Dias, Amerika (BDA) se koncem minul\u00e9ho m\u011bs\u00edce stalo n\u011bco pozoruhodn\u00e9ho.\u00a0Moder\u00e1tor Antonio Laje mluvil s v\u00fd\u017eivovou poradkyn\u00ed Teresou C\u00f3ccaro, kdy\u017e se j\u00ed najednou ud\u011blalo \u0161patn\u011b a omdlela.<\/span><\/p>\n<p><span>Lid\u00e9 j\u00ed p\u0159isp\u011bchali na pomoc a vys\u00edl\u00e1n\u00ed bylo p\u0159eru\u0161eno.\u00a0C\u00f3ccarov\u00e1 byla n\u00e1sledn\u011b hospitalizov\u00e1n.<\/span><\/p>\n<p><span>Ka\u017ed\u00e9 r\u00e1no p\u0159ich\u00e1z\u00ed do BDA, aby lidem radila ohledn\u011b v\u00fd\u017eivy.\u00a0R\u00e1no 25. \u0159\u00edjna mluvila o sladkostech, cukru a um\u011bl\u00fdch sladidlech.\u00a0Pot\u00e9, co \u0159ekla, \u017ee kdy\u017e d\u00edt\u011b p\u016fjde na narozeninovou oslavu a sn\u00ed n\u011bco s um\u011bl\u00fdm sladidlem, nic se ned\u011bje, Tereza se omluvila omluvila a omdlela.<\/span><\/p>\n<p><span>Malena de los R\u00edos, kter\u00e1 sed\u011bla vedle n\u00ed, si v\u0161imla, \u017ee j\u00ed nen\u00ed dob\u0159e, a po\u017e\u00e1dala ji o pomoc.\u00a0Od t\u00e9 doby se zotavila a uvedla, \u017ee prod\u011blala vazovag\u00e1ln\u00ed synkopu, nejb\u011b\u017en\u011bj\u0161\u00ed formu mdloby.<\/span><\/p>\n<p><span>Vasovag\u00e1ln\u00ed synkopa je zp\u016fsobena celkov\u00fdm roz\u0161\u00ed\u0159en\u00edm krevn\u00edch c\u00e9v v d\u016fsledku stimulace hlavov\u00e9ho nervu, co\u017e zp\u016fsobuje prudk\u00fd pokles krevn\u00edho tlaku.\u00a0Synkopa nem\u00e1 nic spole\u010dn\u00e9ho s dietou, \u0159ekla Tereza.<\/span><\/p>\n<p><span>Covid vakc\u00edna m\u016f\u017ee mimo jin\u00e9 zp\u016fsobit\u00a0<\/span><a href=\"https:\/\/pubmed.ncbi.nlm.nih.gov\/35569982\/\" target=\"_blank\" rel=\"noreferrer noopener\" data-type=\"URL\" data-id=\"https:\/\/pubmed.ncbi.nlm.nih.gov\/35569982\/\"><span>vazovag\u00e1ln\u00ed synkopu.<\/span><\/a><\/p>\n<div class='videoWrapper'>\r\n\t            <iframe src='https:\/\/rumble.com\/embed\/pj.v1rueum\/' frameborder='0' allowfullscreen><\/iframe>\r\n\t        <\/div>\n<p>&nbsp;<\/p>\n<p><img decoding=\"async\" loading=\"lazy\" class=\"alignnone size-full wp-image-1185\" src=\"http:\/\/www.infokuryr.cz\/n\/wp-content\/uploads\/2021\/04\/kuryr-podpis.png\" alt=\"\" width=\"84\" height=\"24\" \/><\/p>\n<p>&nbsp;<\/p>\n","protected":false},"excerpt":{"rendered":"<p>V argentinsk\u00e9 televizn\u00ed show Buenos Dias, Amerika (BDA) se koncem minul\u00e9ho m\u011bs\u00edce stalo n\u011bco pozoruhodn\u00e9ho.\u00a0Moder\u00e1tor&#8230;<\/p>\n","protected":false},"author":2,"featured_media":18298,"comment_status":"closed","ping_status":"closed","sticky":false,"template":"","format":"standard","meta":[],"categories":[7],"tags":[3813,3814,46],"_links":{"self":[{"href":"https:\/\/www.infokuryr.cz\/n\/wp-json\/wp\/v2\/posts\/18297"}],"collection":[{"href":"https:\/\/www.infokuryr.cz\/n\/wp-json\/wp\/v2\/posts"}],"about":[{"href":"https:\/\/www.infokuryr.cz\/n\/wp-json\/wp\/v2\/types\/post"}],"author":[{"embeddable":true,"href":"https:\/\/www.infokuryr.cz\/n\/wp-json\/wp\/v2\/users\/2"}],"replies":[{"embeddable":true,"href":"https:\/\/www.infokuryr.cz\/n\/wp-json\/wp\/v2\/comments?post=18297"}],"version-history":[{"count":0,"href":"https:\/\/www.infokuryr.cz\/n\/wp-json\/wp\/v2\/posts\/18297\/revisions"}],"wp:featuredmedia":[{"embeddable":true,"href":"https:\/\/www.infokuryr.cz\/n\/wp-json\/wp\/v2\/media\/18298"}],"wp:attachment":[{"href":"https:\/\/www.infokuryr.cz\/n\/wp-json\/wp\/v2\/media?parent=18297"}],"wp:term":[{"taxonomy":"category","embeddable":true,"href":"https:\/\/www.infokuryr.cz\/n\/wp-json\/wp\/v2\/categories?post=18297"},{"taxonomy":"post_tag","embeddable":true,"href":"https:\/\/www.infokuryr.cz\/n\/wp-json\/wp\/v2\/tags?post=18297"}],"curies":[{"name":"wp","href":"https:\/\/api.w.org\/{rel}","templated":true}]}}