{"id":18211,"date":"2022-11-15T01:06:06","date_gmt":"2022-11-15T00:06:06","guid":{"rendered":"http:\/\/www.infokuryr.cz\/n\/?p=18211"},"modified":"2022-11-14T18:23:47","modified_gmt":"2022-11-14T17:23:47","slug":"planovani-a-organizovani-masove-migrace-ze-strany-osn","status":"publish","type":"post","link":"https:\/\/www.infokuryr.cz\/n\/2022\/11\/15\/planovani-a-organizovani-masove-migrace-ze-strany-osn\/","title":{"rendered":"Pl\u00e1nov\u00e1n\u00ed a organizov\u00e1n\u00ed masov\u00e9 migrace ze strany OSN"},"content":{"rendered":"<div id=\"fb-root\"><\/div>\n<p><span>Sv\u011bdectv\u00ed afgh\u00e1nsk\u00fdch migrant\u016f, kte\u0159\u00ed dorazili do Guatemaly na cest\u011b do Spojen\u00fdch st\u00e1t\u016f, ukazuj\u00ed, \u017ee Organizace spojen\u00fdch n\u00e1rod\u016f a dal\u0161\u00ed humanit\u00e1rn\u00ed organizace jim poskytuj\u00ed mapy, informace a pravd\u011bpodobn\u011b i pen\u00edze, aby se tam neleg\u00e1ln\u011b dostali p\u0159es Nikaraguu, Honduras a nakonec Mexiko do USA.\u00a0Spolu s mnoha programov\u00fdmi prohl\u00e1\u0161en\u00edmi vysok\u00fdch p\u0159edstavitel\u016f OSN a EU z posledn\u00edch let je t\u0159eba dosp\u011bt k z\u00e1v\u011bru, \u017ee sou\u010dasn\u00e1 masov\u00e1 migrace je rozs\u00e1hl\u00fdm a centr\u00e1ln\u011b \u0159\u00edzen\u00fdm podnikem, kter\u00fd m\u00e1 kulturn\u011b infiltrovat z\u00e1padn\u00ed st\u00e1ty v prav\u00e9m slova smyslu.<\/span><span id=\"more-10531\"><\/span><\/p>\n<p><span style=\"font-size: 18pt;\"><strong>Afgh\u00e1nci v Guatemale<\/strong><\/span><\/p>\n<p><span>V\u011bdeck\u00fd blog\u00a0<\/span><em><span>ScienceFiles<\/span><\/em><span>\u00a0ned\u00e1vno u\u010dinil z\u00e1sadn\u00ed \u00favahy o migraci ze vzd\u00e1len\u00fdch zem\u00ed.\u00a0Jak se nap\u0159\u00edklad chud\u00ed Afri\u010dan\u00e9 z Akieni ve st\u0159edoafrick\u00e9m Gabonu dostanou do Br\u00e9m?\u00a0P\u0159es Saharu do Libye a odtud do It\u00e1lie?<br \/>\n<\/span><br \/>\n<em><span>\u201eNen\u00ed to tak snadn\u00e9, mal\u00fd logistick\u00fd z\u00e1zrak, dostat se z Gabonu do Libye a d\u00e1le do It\u00e1lie.\u00a0kdo v\u00e1m pom\u016f\u017ee?\u00a0\u0160patn\u011b placen\u00fd jako vy, kdo v\u00e1m d\u00e1v\u00e1 pot\u0159ebn\u00e9 pen\u00edze na cestu?\u00a0Kdo v\u00e1m poskytuje pot\u0159ebn\u00e9 informace, p\u0159\u00edstup k pa\u0161er\u00e1k\u016fm, materi\u00e1l a vybaven\u00ed na cestu?<\/span><br \/>\n<span>Pro mal\u00fd dojem: Pokud se rozhodnete migrovat z Br\u00e9m do Pekingu, pak je to asi o 1000 kilometr\u016f m\u00e9n\u011b ne\u017e z Akieni do Br\u00e9m.<\/span><\/em><\/p>\n<p><span>Nebo jak se dostanete z Afgh\u00e1nist\u00e1nu do USA?\u00a0Nejprve do Ji\u017en\u00ed Ameriky, Nikaraguy, Hondurasu, Venezuely, Guatemaly, Mexika a\u017e po USA?\u00a0V Guatemale se v sou\u010dasn\u00e9 dob\u011b formuje\u00a0\u00a0<\/span><a href=\"https:\/\/dailycaller.com\/2022\/10\/17\/guatemala-border-immigration-biden\/\"><span>vlak tis\u00edc\u016f migrant\u016f<\/span><\/a><span>\u00a0, \u00a0v\u011bt\u0161ina z nich z Venezuely, kte\u0159\u00ed se cht\u011bj\u00ed dostat do Spojen\u00fdch st\u00e1t\u016f.<\/span><br \/>\n<em><span>\u201eJak se m\u016f\u017ee tolik lid\u00ed z tak daleka sej\u00edt na stejn\u00e9m m\u00edst\u011b v Guatemale?\u00a0Nen\u00ed to v\u016fbec snadn\u00e9, bez centr\u00e1ln\u00edho org\u00e1nu, kter\u00fd poskytuje relevantn\u00ed informace, org\u00e1nu, kter\u00fd\u00a0<\/span><\/em><span><em>distribuuje stejn\u00e9 informace o stejn\u00e9m m\u00edst\u011b, odkud lze stejnou cestou do USA v\u00e9st prost\u0159ednictv\u00edm rozpt\u00fdlen\u00fdch\u00a0<\/em>(proniknut\u00fdch)<\/span><\/p>\n<p><span>Jak z\u00edsk\u00e1vaj\u00ed cizinci, kte\u0159\u00ed se pot\u00fdkaj\u00ed i se zna\u010dn\u00fdmi jazykov\u00fdmi probl\u00e9my, v ka\u017ed\u00e9m ohledu informace, kter\u00e9 jim pomohou neomyln\u011b p\u0159eklenout vzd\u00e1lenost mezi Guatemalou a USA?\u00a0A jak se v\u016fbec dostali do Guatemaly?<\/span><br \/>\n<span>Na\u00a0 n\u011bkter\u00e9 z t\u011bchto ot\u00e1zek odpov\u00edd\u00e1\u00a0<\/span><a href=\"https:\/\/dailycaller.com\/2022\/10\/20\/immigration-afghanistan-border-guatemala\/\"><span>p\u0159\u00edsp\u011bvek pr\u00e1v\u011b publikovan\u00fd v Daily Caller (DC)<\/span><\/a><span>\u00a0.\u00a0Novin\u00e1\u0159i z DC se ptali afgh\u00e1nsk\u00fdch migrant\u016f, kte\u0159\u00ed dorazili do Guatemaly, na jejich p\u0159edchoz\u00ed a budouc\u00ed cesty a zvl\u00e1\u0161t\u011b je zaj\u00edmalo, kdo jim umo\u017enil cestu z Ji\u017en\u00ed Ameriky do USA.\u00a0Novin\u00e1\u0159i p\u00ed\u0161ou:<\/span><\/p>\n<p><em>\u00a0<\/em><em><span>&#8222;OSN a dal\u0161\u00ed humanit\u00e1rn\u00ed agentury informuj\u00ed migranty z cel\u00e9ho sv\u011bta, jak se dostat do Spojen\u00fdch st\u00e1t\u016f, aby neleg\u00e1ln\u011b p\u0159ekro\u010dili hranici,&#8220; \u0159eklo \u0161est migrant\u016f z Afgh\u00e1nist\u00e1nu Daily Caller News Foundation pot\u00e9, co byli zadr\u017eeni v Guatemale.<\/span><\/em><\/p>\n<p><em><span>Migranti uvedli, \u017ee p\u0159ed p\u0159\u00edjezdem do Guatemaly jim humanit\u00e1rn\u00ed pracovn\u00edci poskytli mapy, kter\u00e9 je nasm\u011brovaly do Mexika, aby se mohli dostat k ji\u017en\u00ed hranici Spojen\u00fdch st\u00e1t\u016f.\u00a0T\u011bchto mu\u017e\u016f bylo \u0161est z 16 Afgh\u00e1nc\u016f v deten\u010dn\u00edm st\u0159edisku pro zahrani\u010dn\u00ed migranty v Guatemala City.<\/span><\/em><\/p>\n<p><em><span>&#8222;Dali n\u00e1m kartu,&#8220; \u0159ekl jeden z afgh\u00e1nsk\u00fdch mu\u017e\u016f.\u00a0\u201eMapa vedla a\u017e do Mexika.\u00a0Spojen\u00e9 st\u00e1ty neexistovaly.\u00a0Ale \u0159ekli n\u00e1m, jak ty hranice p\u0159ekro\u010dit,\u201c vysv\u011btlil jeden z afgh\u00e1nsk\u00fdch migrant\u016f.\u00a0&#8222;Ale \u0159ekli n\u00e1m, jak se dostat na hranici USA\u00a0<\/span><\/em><em><span>,&#8220; dodal.<\/span><\/em><\/p>\n<p><em><span>Skupina zaplatila v ka\u017ed\u00e9 zemi na cest\u011b, aby se dostala do dal\u0161\u00ed severn\u00ed destinace na cest\u011b do USA.<\/span><\/em><\/p>\n<p><em><span>\u201eNikaragua m\u00e1 imigra\u010dn\u00ed proceduru, kde po v\u00e1s \u017e\u00e1daj\u00ed 150 dolar\u016f.\u00a0\u0160li jsme a dali 150 dolar\u016f na imigraci a p\u0159ekro\u010dili dal\u0161\u00ed hranici do Hondurasu.\u00a0Bylo n\u00e1m \u0159e\u010deno, \u017ee Honduras m\u00e1 tak\u00e9 imigra\u010dn\u00ed proceduru,\u201c \u0159ekl prvn\u00ed afgh\u00e1nsk\u00fd uprchl\u00edk DCNF.<\/span><br \/>\n<span>\u201eTak jsme \u0161li a zahrnuli na\u0161e biometrick\u00e9 \u00fadaje do v\u0161ech postup\u016f, kter\u00e9 jsme d\u011blali.\u00a0A pak jsme se zase p\u0159est\u011bhovali do jin\u00e9 zem\u011b,\u201c dodal.<\/span><\/em><\/p>\n<p><span>To \u0159e\u0161\u00ed alespo\u0148 \u010d\u00e1st z\u00e1hady kolem Afgh\u00e1nc\u016f a dal\u0161\u00edch, kte\u0159\u00ed se dost\u00e1vaj\u00ed do Spojen\u00fdch st\u00e1t\u016f z Ji\u017en\u00ed Ameriky, p\u00ed\u0161e\u00a0<\/span><em><span>ScienceFiles<\/span><\/em><span>\u00a0.\u00a0Organizace spojen\u00fdch n\u00e1rod\u016f a dal\u0161\u00ed humanit\u00e1rn\u00ed pracovn\u00edci se staraj\u00ed o logistiku a poskytuj\u00ed migrant\u016fm informace, kter\u00e9 pot\u0159ebuj\u00ed k hladk\u00e9 navigaci p\u0159es Nikaraguu, Honduras a nakonec Mexiko na cest\u011b do Spojen\u00fdch st\u00e1t\u016f.\u00a0Ot\u00e1zku, kdo dal k dispozici pot\u0159ebn\u00e9 finan\u010dn\u00ed prost\u0159edky, ji\u017e nen\u00ed t\u0159eba kl\u00e1st samostatn\u011b.<\/span><\/p>\n<p><span>Nen\u00ed d\u016fvod p\u0159edpokl\u00e1dat, \u017ee migrace z Afriky bude fungovat bez pomoci OSN a dal\u0161\u00edch humanit\u00e1rn\u00edch organizac\u00ed.\u00a0Je tedy t\u0159eba doj\u00edt k z\u00e1v\u011bru, \u017ee sou\u010dasn\u00e1 migrace z jihu na sever je rozs\u00e1hl\u00fdm a centr\u00e1ln\u011b \u0159\u00edzen\u00fdm \u00fasil\u00edm, pokusem o kulturn\u00ed infiltraci z\u00e1padn\u00edch st\u00e1t\u016f v prav\u00e9m slova smyslu.<\/span><\/p>\n<p><span>Je ve\u0159ejn\u00fdm tajemstv\u00edm, \u017ee migrace je st\u00e1le v\u00edce vyu\u017e\u00edv\u00e1na jako zbra\u0148 k tlaku na obyvatelstvo v z\u00e1padn\u00edch zem\u00edch.\u00a0Vzhledem k tomu, \u017ee migranti jsou st\u00e1le v\u00edce prod\u00e1v\u00e1ni jako \u201eklimatick\u00ed uprchl\u00edci\u201c, nen\u00ed t\u0159eba se pt\u00e1t, jak\u00e1 agenda stoj\u00ed za \u00fatokem na z\u00e1padn\u00ed civilizaci.\u00a0<\/span><strong><sup><span>1<\/span><\/sup><\/strong><br \/>\n<span>Ale je tu je\u0161t\u011b jedna agenda.<\/span><\/p>\n<p><span style=\"font-size: 18pt;\"><strong>D\u0159\u00edv\u011bj\u0161\u00ed podivn\u00e9 machinace OSN<\/strong><\/span><\/p>\n<p><span>V roce 2015, kdy se p\u0159es N\u011bmecko p\u0159ehnala velk\u00e1 z\u00e1plava migrant\u016f, kter\u00e9, jak se zd\u00e1, je postupn\u011b p\u0159ekon\u00e1v\u00e1no politikou vl\u00e1dnouc\u00edch stran, kter\u00e9 nad\u00e1le poru\u0161uj\u00ed z\u00e1kladn\u00ed z\u00e1kon, vy\u0161lo najevo, \u017ee OSN drasticky omezila svou pomoc region\u00e1ln\u00edm uprchlick\u00e9 t\u00e1bory ve v\u00e1le\u010dn\u00fdch a krizov\u00fdch z\u00f3n\u00e1ch.<\/span><\/p>\n<p><span>Podle \u00da\u0159adu vysok\u00e9ho komisa\u0159e OSN pro uprchl\u00edky byly t\u00e9m\u011b\u0159 dva miliony syrsk\u00fdch uprchl\u00edk\u016f v t\u00e1borech v Turecku, 1,2 milionu v Jord\u00e1nsku, 600 000 v Jemenu, 250 000 v Ir\u00e1ku a 250 000 v Egypt\u011b.\u00a0Dostupn\u00e9 prost\u0159edky v\u0161ak oproti roku 2014 klesly o deset procent, musely se sn\u00ed\u017eit p\u0159\u00edd\u011bly potravin a zav\u0159\u00edt kliniky.\u00a0Jen v srpnu muselo b\u00fdt kv\u016fli nedostatku financ\u00ed uzav\u0159eno 184 klinik a t\u0159i miliony Ir\u00e1\u010dan\u016f jsou nyn\u00ed bez l\u00e9ka\u0159sk\u00e9 p\u00e9\u010de.\u00a0Pl\u00e1n pro syrsk\u00e9 uprchl\u00edky ve skute\u010dnosti pot\u0159ebuje odhadovan\u00fdch 1,3 miliardy dolar\u016f, ale z t\u00e9to \u010d\u00e1stky bylo p\u0159ijato pouze 35 procent.<\/span><\/p>\n<p><span>Zejm\u00e9na situace v Libanonu a Jord\u00e1nsku je ne\u00fanosn\u00e1 a\u00a0<\/span><em><span>\u201e\u017eene do Evropy nov\u00e9 vlny uprchl\u00edk\u016f.\u201c<\/span><\/em><span>\u00a0Posti\u017eeni jsou podle zpr\u00e1vy tak\u00e9 som\u00e1l\u0161t\u00ed a s\u00fad\u00e1n\u0161t\u00ed uprchl\u00edci v Keni.\u00a0<\/span><em><span>\u201eVe spojen\u00ed s nemo\u017enost\u00ed n\u00e1vratu do sv\u00fdch domovsk\u00fdch zem\u00ed tyto zhor\u0161en\u00e9 podm\u00ednky v\u00fdznamn\u011b p\u0159isp\u011bly k n\u00e1r\u016fstu po\u010dtu uprchl\u00edk\u016f m\u00ed\u0159\u00edc\u00edch do EU.\u201c\u00a0<\/span><strong><sup><span>2<\/span><\/sup><\/strong><sup><br \/>\n<\/sup><\/em><span><br \/>\nPro\u010d ale fondy OSN za\u010daly v tuto chv\u00edli vysychat?\u00a0N\u00e1hoda?<\/span><\/p>\n<p><span style=\"font-size: 18pt;\"><strong>Pomoc od nevl\u00e1dn\u00edch organizac\u00ed<\/strong><\/span><\/p>\n<p><span>Dne 20. z\u00e1\u0159\u00ed 2015 The\u00a0<\/span><em><span>Epoch Times<\/span><\/em><span>\u00a0uvedl :<br \/>\n<\/span><br \/>\n<em><span>\u201eJe v toku uprchl\u00edk\u016f v\u00edc, ne\u017e jsme d\u0159\u00edve v\u011bd\u011bli, nebo n\u00e1m to bylo \u0159e\u010deno?\u00a0Existuje z\u00e1jem na zneu\u017e\u00edv\u00e1n\u00ed tok\u016f uprchl\u00edk\u016f jako \u201emigra\u010dn\u00ed zbran\u011b\u201c k destabilizaci EU \u2013 a zejm\u00e9na N\u011bmecka?\u00a0Brit\u0161t\u00ed report\u00e9\u0159i nyn\u00ed objevili na \u0159eck\u00e9m ostrov\u011b Lesbos jeden d\u00edlek skl\u00e1da\u010dky, \u201ep\u0159\u00edru\u010dku pro migranty\u201c s n\u00e1zvem \u201eJak se nejl\u00e9pe dostat do Evropy\u201c.\u00a0Tento speci\u00e1ln\u00ed cestovn\u00ed pr\u016fvodce, napsan\u00fd v arab\u0161tin\u011b, poskytuje informace o tom, jak cestovat do Evropy, o pr\u00e1vech v zem\u00edch EU, tipy na zvl\u00e1\u0161tn\u00ed soci\u00e1ln\u00ed syst\u00e9my a jak je vyu\u017e\u00edt.\u00a0Telefonn\u00ed \u010d\u00edsla, cestovn\u00ed trasy, mapy a rady na cestu do EU obohacuj\u00ed malou bro\u017euru.\u00a0Novin\u00e1\u0159i ozna\u010dili organizaci \u201eW2EU\u201c za finan\u010dn\u00edka a vydavatele,<\/span><\/em><strong><sup><span>3<\/span><\/sup><\/strong><\/p>\n<p><span>Bylo by tak\u00e9 zcela v Sorosov\u011b z\u00e1m\u011bru, aby m\u011bli turist\u00e9 po cest\u011b p\u0159\u00edstup k ve\u0159ejn\u00fdm informac\u00edm, aby m\u011bli aktu\u00e1ln\u00ed informace o tom, co se d\u011bje.\u00a0Ohromuj\u00edc\u00ed skute\u010dnost, \u017ee p\u0159ev\u00e1\u017en\u011b mlad\u00ed chudobn\u00ed migranti byli v\u0161ichni vybaveni n\u011bjak\u00fdmi drah\u00fdmi mobiln\u00edmi telefony, nazna\u010duje, \u017ee Sorosova s\u00ed\u0165 pomohla s akvizic\u00ed.\u00a0Je tak\u00e9 nep\u0159edstaviteln\u00e9, \u017ee bezpo\u010det chud\u00fdch migrant\u016f byli v\u0161ichni schopni zaplatit n\u00e1klady na pa\u0161ov\u00e1n\u00ed ve v\u00fd\u0161i a\u017e 10 000 EUR ze sv\u00e9ho nebo rodinn\u00e9ho fondu.<\/span><\/p>\n<p><span style=\"font-size: 18pt;\"><strong>Prvotn\u00ed c\u00edle OSN<\/strong><\/span><\/p>\n<p><strong><span>a)<\/span><\/strong><span>\u00a0Slova z roku 1999 zvl\u00e1\u0161tn\u00edho vyslance OSN v Kosovu Sergia Vieiry de Mello, kter\u00fd byl od roku 2002 vysok\u00fdm komisa\u0159em OSN pro lidsk\u00e1 pr\u00e1va a na p\u0159\u00edmluvu George W. Bushe, zvl\u00e1\u0161tn\u00edho vyslance OSN v Ir\u00e1ku, vrhla sv\u011btlo na c\u00edle vl\u00e1dnouc\u00edch elit, kde se v pov\u00e1le\u010dn\u00e9m nepokoji 19. srpna 2003 stal ob\u011bt\u00ed bombov\u00e9ho \u00fatoku.\u00a04. srpna 1999 \u0159ekl v po\u0159adu na americk\u00e9 rozhlasov\u00e9 stanici PBS (Public Broadcasting System):<\/span><br \/>\n<em><span>\u201eOpakuji:\u00a0<\/span><\/em><strong><em><span>nesm\u00ed\u0161en\u00e9 n\u00e1rody jsou ve skute\u010dnosti nacistick\u00fd koncept<\/span><\/em><\/strong><em><span>\u00a0.\u00a0P\u0159esn\u011b s t\u00edm bojovaly spojeneck\u00e9 mocnosti ve druh\u00e9 sv\u011btov\u00e9 v\u00e1lce.\u00a0<\/span><\/em><strong><em><span>Organizace spojen\u00fdch n\u00e1rod\u016f byla vytvo\u0159ena\u00a0<\/span><\/em><\/strong><em><strong><span>, aby bojovala s touto koncepc\u00ed, a je tomu tak ji\u017e cel\u00e1 desetilet\u00ed.<\/span><\/strong><\/em><em><span>To byl p\u0159esn\u011b d\u016fvod, pro\u010d NATO bojovalo v Kosovu.\u00a0A to byl d\u016fvod, pro\u010d Rada bezpe\u010dnosti OSN po\u017eadovala tak silnou vojenskou p\u0159\u00edtomnost v Kosovu \u2013 aby zabr\u00e1nila syst\u00e9mu etnick\u00e9 \u010distoty.\u201c<\/span><\/em><\/p>\n<p><span>Dnes \u017e\u00e1dn\u00e9mu n\u00e1rodu nejde o \u201eetnickou \u010distotu\u201c z hlediska rodov\u00e9 linie, ale sp\u00ed\u0161e o zachov\u00e1n\u00ed kulturn\u00ed odli\u0161nosti a identity lid\u00ed.\u00a0Tam p\u0159ijet\u00ed lid\u00ed jin\u00fdch n\u00e1rod\u016f a ras nen\u00ed v\u016fbec \u017e\u00e1dn\u00fd probl\u00e9m, pokud se to d\u011bje s m\u00edrou a skute\u010dnou integrac\u00ed.\u00a0Hr\u016fza nacion\u00e1ln\u011b socialistick\u00e9ho rasismu se z\u00e1m\u011brn\u011b pou\u017e\u00edv\u00e1 k ospravedln\u011bn\u00ed m\u00ed\u0161en\u00ed n\u00e1rod\u016f.\u00a0<\/span><strong><sup><span>4<\/span><\/sup><\/strong><\/p>\n<p><strong><span>b)<\/span><\/strong><span>\u00a0Dne 21. b\u0159ezna 2000 zve\u0159ejnila Organizace spojen\u00fdch n\u00e1rod\u016f studii, ve kter\u00e9 se uva\u017euje o tom, jak lze \u010delit zmen\u0161uj\u00edc\u00ed se populaci v zem\u00edch, kter\u00e9 maj\u00ed obzvl\u00e1\u0161t\u011b m\u00e1lo d\u011bt\u00ed, a jak lze populaci udr\u017eet vhodnou migrac\u00ed.\u00a0Studie uv\u00e1d\u00ed: \u201e\u00a0<\/span><em><span>Pojem\u00a0<\/span><\/em><strong><em><span>udr\u017eovac\u00ed migrace<\/span><\/em><\/strong><em><span>\u00a0se vztahuje na imigraci ze zahrani\u010d\u00ed pot\u0159ebnou k vyrovn\u00e1n\u00ed \u00fabytku populace, zmen\u0161ov\u00e1n\u00ed populace v produktivn\u00edm v\u011bku a celkov\u00e9ho st\u00e1rnut\u00ed populace.\u201c<\/span><\/em><\/p>\n<p><span>Aby se udr\u017eela st\u00e1l\u00e1 populace v produktivn\u00edm v\u011bku (15 a\u017e 64 let), studie pova\u017euje za nezbytn\u00e9 n\u00e1sleduj\u00edc\u00ed ro\u010dn\u00ed \u00fadaje o p\u0159ist\u011bhovalectv\u00ed: pro It\u00e1lii 372 000, N\u011bmecko 487 000 a celou EU 1 588 000.<\/span><br \/>\n<span>Pro z\u00edsk\u00e1n\u00ed \u201epom\u011bru potenci\u00e1ln\u00ed podpory\u201c, tedy pom\u011bru mezi po\u010dtem lid\u00ed v produktivn\u00edm v\u011bku (15 a\u017e 64 let) a po\u010dtem senior\u016f (65 let a v\u00edce), pro It\u00e1lii p\u0159ipad\u00e1 2 268 000 imigrant\u016f ro\u010dn\u011b, pro N\u011bmecko 3 630 000 ro\u010dn\u011b a 13 480 000 ro\u010dn\u011b pro celou EU.<\/span><br \/>\n<span>Nakonec se \u0159\u00edk\u00e1:<\/span><em><span>Migra\u010dn\u00ed toky, kter\u00e9 by byly nezbytn\u00e9 pro p\u0159izp\u016fsoben\u00ed se st\u00e1rnut\u00ed populace (tj. pro udr\u017een\u00ed potenci\u00e1ln\u00edho pom\u011bru podpory), jsou extr\u00e9mn\u011b velk\u00e9 a ve v\u0161ech p\u0159\u00edpadech by bylo nutn\u00e9 dos\u00e1hnout mnohem vy\u0161\u0161\u00edch po\u010dt\u016f imigrace ne\u017e v minulosti.\u201c<\/span><\/em><\/p>\n<p><span>Ale udr\u017een\u00ed populace ve st\u00e1tech na konstantn\u00ed \u00farovni nen\u00ed v\u016fbec nutn\u00e9.\u00a0V\u017edy byly siln\u00e9 v\u00fdkyvy.\u00a0V\u011bc slou\u017e\u00ed pouze jako z\u00e1minka ke skryt\u00ed skute\u010dn\u00fdch c\u00edl\u016f masov\u00e9 migrace p\u0159ed obyvatelstvem.<\/span><\/p>\n<p><strong><span>c)<\/span><\/strong><span>\u00a0Ir Peter Sutherland (* 25. dubna 1946; \u2020 7. ledna 2018) byl jedn\u00edm z nejvlivn\u011bj\u0161\u00edch glob\u00e1ln\u00edch strat\u00e9g\u016f v r\u00e1mci EU a OSN.\u00a0Byl mimo jin\u00e9 komisa\u0159em EU, \u0161\u00e9fem WTO, p\u0159edsedou Goldman-Sachs, p\u0159edsedou Trilater\u00e1ln\u00ed komise pro Evropu, \u010dlenem \u0159\u00edd\u00edc\u00ed rady Bilderbergers a v letech 2006-2017 zvl\u00e1\u0161tn\u00edm vyslancem OSN pro migraci.\u00a0Existuj\u00ed souvislosti.<\/span><br \/>\n<span>Na dotaz podv\u00fdboru Sn\u011bmovny lord\u016f pro vnit\u0159n\u00ed z\u00e1le\u017eitosti EU v \u010dervnu 2012 mimo jin\u00e9 \u0159ekl: St\u00e1rnouc\u00ed nebo klesaj\u00edc\u00ed domorod\u00e1 populace v zem\u00edch jako N\u011bmecko nebo ji\u017en\u00ed EU je\u00a0<\/span><em><span>\u201ekl\u00ed\u010dov\u00fdm argumentem \u2013 a j\u00e1 v\u00e1h\u00e1m s pou\u017eit\u00edm slovo, proto\u017ee se stalo p\u0159edm\u011btem \u00fatoku \u2013 pro rozvoj multikulturn\u00edch st\u00e1t\u016f.\u201c\u00a0<\/span><\/em><sup><span>8<\/span><\/sup><span>Jin\u00fdmi slovy, demografie je kl\u00ed\u010dem ke spu\u0161t\u011bn\u00ed a zah\u00e1jen\u00ed masov\u00e9 migrace,\u00a0<\/span><strong><span>p\u0159i\u010dem\u017e c\u00edlem je z\u00e1nik homogenn\u00edch n\u00e1rod\u016f a rozvoj multikulturn\u00edch st\u00e1t\u016f.<\/span><\/strong><\/p>\n<p><span>Dne 30. z\u00e1\u0159\u00ed 2015 byl P. Sutherland pozv\u00e1n na konferenci na t\u00e9ma \u201eGlob\u00e1ln\u00ed reakce na st\u0159edomo\u0159skou uprchlickou krizi\u201c v americk\u00e9m think-tanku \u201eCouncil on Foreign Relations\u201c.\u00a0Tam mimo jin\u00e9 \u0159ekl:<\/span><br \/>\n<em><span>\u201eAle tweety<\/span><\/em><span>\u00a0(na Twitteru)\u00a0<\/span><em><span>, kter\u00e9 dost\u00e1v\u00e1m, jsou naprosto hrozn\u00e9.\u00a0Ale \u010d\u00edm jsou hrozn\u011bj\u0161\u00ed, t\u00edm v\u00edc m\u011b to bav\u00ed, proto\u017ee ka\u017ed\u00fd idiot, kter\u00fd je \u010dte, nebo neidiot, kter\u00fd je \u010dte, kter\u00fd p\u0159ijde\u00a0<\/span><\/em><strong><em><span>a \u0159ekne mi, \u017ee jsem odhodl\u00e1n zni\u010dit homogenitu n\u00e1rod\u016f, op\u011bt naprosto spr\u00e1vn\u011b odsoudil!\u00a0<\/span><\/em><\/strong><em><span>(&#8222;dead bloody right&#8220;) To je p\u0159esn\u011b to, co m\u00e1m v \u00famyslu ud\u011blat!\u00a0<\/span><\/em><span>(potlesk, sm\u00edch)\u00a0<\/span><em><span>.\u00a0Kdybych to mohl ud\u011blat z\u00edtra, zni\u010dil bych je, v\u010detn\u011b m\u00fdch vlastn\u00edch lid\u00ed.\u201c<\/span><\/em><\/p>\n<p><em><strong><span>d)<\/span><\/strong><\/em><span>\u00a0Portugalec Antonio Guterres, v letech 1999 a\u017e 2005 p\u0159edseda Socialistick\u00e9 internacion\u00e1ly a v letech 2005 a\u017e 2015 vysok\u00fd komisa\u0159 OSN pro uprchl\u00edky, ji\u017e 22. listopadu 2016, kr\u00e1tce po sv\u00e9m zvolen\u00ed nov\u00fdm gener\u00e1ln\u00edm tajemn\u00edkem, nazna\u010dil v Lisabonu OSN, \u017ee<\/span><em><span>\u00a0\u201emigrace nen\u00ed probl\u00e9m, ale \u0159e\u0161en\u00ed\u201c.\u00a0<\/span><\/em><strong><span>Evropsk\u00e9 n\u00e1rody nemaj\u00ed pr\u00e1vo kontrolovat sv\u00e9 hranice, mus\u00ed m\u00edsto toho hromadn\u011b p\u0159ij\u00edmat nejchud\u0161\u00ed lidi sv\u011bta.\u00a0<\/span><\/strong><span>&#8222;<\/span><em><span>\u00a0Mus\u00edme uznat, \u017ee migrace je nevyhnuteln\u00e1 a nezastav\u00ed se.&#8220;<\/span><\/em>\u00a0<em><span>\u201eMus\u00edme [Evropany] p\u0159esv\u011bd\u010dit, \u017ee migrace je nevyhnuteln\u00e1 a \u017ee jsou to multietnick\u00e9 spole\u010dnosti, kter\u00e9 jsou tak\u00e9 multikulturn\u00ed a multin\u00e1bo\u017eensk\u00e9, kter\u00e9 vytv\u00e1\u0159ej\u00ed bohatstv\u00ed.\u201c<\/span><\/em><span>\u00a0Politici by m\u011bli tyto \u201ehodnoty\u201c up\u0159ednostnit p\u0159ed v\u016fl\u00ed v\u011bt\u0161ina voli\u010d\u016f.<\/span><\/p>\n<p><span style=\"font-size: 18pt;\"><strong>Pakt OSN o migraci<\/strong><\/span><\/p>\n<p><span>Dne 19. z\u00e1\u0159\u00ed 2016 nechali p\u0159edstavitel\u00e9 OSN Valn\u00e9 shrom\u00e1\u017ed\u011bn\u00ed rozhodnout \u201eNewyorskou deklarac\u00ed\u201c, \u017ee do l\u00e9ta 2018 p\u0159inese mezi v\u0161echny \u010dlensk\u00e9 st\u00e1ty \u201eGlob\u00e1ln\u00ed pakt pro migraci\u201c, kter\u00fd m\u00e1 zaru\u010dit, \u017ee migranti jsou neust\u00e1le p\u0159ev\u00e1\u017eeni do jin\u00fdch zem\u00ed spo\u0159\u00e1dan\u00fdm zp\u016fsobem zem\u011b se mohou p\u0159ist\u011bhovat, jejich pr\u00e1va jsou pos\u00edlena a c\u00edlov\u00e9 zem\u011b jsou povinny je p\u0159ij\u00edmat bez omezen\u00ed.\u00a0<\/span><strong><sup><span>5<\/span><\/sup><\/strong><\/p>\n<p><span>V odpov\u011bdi na ot\u00e1zku feder\u00e1ln\u00ed vl\u00e1da uvedla, \u017ee Glob\u00e1ln\u00ed pakt (glob\u00e1ln\u00ed dohoda) nen\u00ed pr\u00e1vn\u011b z\u00e1vazn\u00fd, a tud\u00ed\u017e nen\u00ed mezin\u00e1rodn\u00ed dohodou.\u00a0Ale tento konstrukt anglo-americk\u00e9ho pr\u00e1va, kter\u00fd je tam ozna\u010dov\u00e1n jako \u201esoft law\u201c (= jemn\u00fd, m\u011bkk\u00fd z\u00e1kon), m\u00e1 v\u0161echno.\u00a0Znamen\u00e1 nez\u00e1vazn\u00e9, doporu\u010duj\u00edc\u00ed dohody, kter\u00e9 jsou pouze obecn\u00e9<\/span><\/p>\n<p><span>tendence, \u017e\u00e1douc\u00ed v\u00fdvoj a pravidla, ale\u00a0<\/span><em><span>ty se postupn\u011b st\u00e1vaj\u00ed mezin\u00e1rodn\u00edm zvykov\u00fdm pr\u00e1vem jako podobn\u00e1\u00a0<\/span><\/em><em><span>prohl\u00e1\u0161en\u00ed v\u016fle velk\u00e9ho po\u010dtu st\u00e1t\u016f, kter\u00e1 pak v\u00e1\u017ee i z\u00e1rodky, kter\u00e9 se k paktu ani nep\u0159ipojily.\u00a0<\/span><\/em><span>Krom\u011b toho pakt neust\u00e1le \u0159\u00edk\u00e1 \u201eZavazujeme se&#8230;\u201c.<\/span><\/p>\n<p><span>29. listopadu 2018 schv\u00e1lil Spolkov\u00fd sn\u011bm hlasy CDU a SPD \u201e\u010f\u00e1bl\u016fv pakt\u201c (M. Klonovsky), o kter\u00e9m se pak rozhodlo na za\u010d\u00e1tku prosince 2018 na vrcholn\u00e9 konferenci vl\u00e1d v Maroku.\u00a0Od t\u00e9 doby se vl\u00e1dnouc\u00ed spolupachatel\u00e9 OSN v N\u011bmecku c\u00edtili je\u0161t\u011b \u201elegitimn\u011bj\u0161\u00ed\u201c pokra\u010dovat ve sv\u00e9 politice neomezen\u00e9ho masov\u00e9ho p\u0159ist\u011bhovalectv\u00ed proti n\u00e1rodn\u00edmu z\u00e1konu.<\/span><\/p>\n<p>_______________<\/p>\n<p><span>1\u00a0\u00a0 sciencefiles.org 23. 10. 2022\u00a02 Viz: Zvl\u00e1dnut\u00fd\u00a0<a href=\"https:\/\/fassadenkratzer.wordpress.com\/2016\/04\/14\/gelenktes-fliehen-verursachung-und-steuerung-von-flucht-und-migration\/\">\u00fat\u011bk &#8230;<\/a>\u00a03\u00a0\u00a0\u00a0<\/span><a href=\"https:\/\/sciencefiles.org\/2022\/10\/23\/steckt-die-un-hinter-massenmigration-in-die-usa-und-nach-europa\/\"><span>epochtimes.de\u00a0<\/span><\/a><span><a href=\"http:\/\/www.epochtimes.de\/politik\/welt\/migranten-handbuch-auf-insel-lesbos-verteilt-fluechtlingsstroeme-als-migrationswaffe-zur-destabilisierung-a1270534.html\">20. 9. 2015<\/a>\u00a04 Pozn\u00e1mky, tak\u00e9 pro zbytek:\u00a0<a href=\"https:\/\/fassadenkratzer.wordpress.com\/2018\/04\/20\/uno-eu-und-usa-kreise-planen-seit-jahrzehnten-die-massenmigration\/\">kruhy OSN, EU a USA &#8230;<\/a>\u00a05 Bl\u00ed\u017ee:\u00a0<a href=\"https:\/\/fassadenkratzer.wordpress.com\/2018\/05\/02\/die-uno-schmiedet-einen-globalen-pakt-fuer-dauerhafte-geordnete-massenmigration-mit-aufnahmepflicht\/\">OSN vytv\u00e1\u0159\u00ed a glob\u00e1ln\u00ed pakt &#8230;<\/a>\u00a06 Bl\u00ed\u017ee:\u00a0<a href=\"https:\/\/fassadenkratzer.wordpress.com\/2018\/05\/24\/der-un-migrationspakt-und-die-unverbindliche-verbindlichkeit\/\">Pakt OSN o migraci a&#8230;<\/a><\/span><\/p>\n<p><a href=\"https:\/\/fassadenkratzer.wordpress.com\/2022\/11\/14\/planung-und-orchestrierung-der-massenmigration-durch-die-un\/\">ZDROJ<\/a><\/p>\n<p>&nbsp;<\/p>\n","protected":false},"excerpt":{"rendered":"<p>Sv\u011bdectv\u00ed afgh\u00e1nsk\u00fdch migrant\u016f, kte\u0159\u00ed dorazili do Guatemaly na cest\u011b do Spojen\u00fdch st\u00e1t\u016f, ukazuj\u00ed, \u017ee Organizace&#8230;<\/p>\n","protected":false},"author":2,"featured_media":14972,"comment_status":"closed","ping_status":"closed","sticky":false,"template":"","format":"standard","meta":[],"categories":[7],"tags":[1095,186,1505],"_links":{"self":[{"href":"https:\/\/www.infokuryr.cz\/n\/wp-json\/wp\/v2\/posts\/18211"}],"collection":[{"href":"https:\/\/www.infokuryr.cz\/n\/wp-json\/wp\/v2\/posts"}],"about":[{"href":"https:\/\/www.infokuryr.cz\/n\/wp-json\/wp\/v2\/types\/post"}],"author":[{"embeddable":true,"href":"https:\/\/www.infokuryr.cz\/n\/wp-json\/wp\/v2\/users\/2"}],"replies":[{"embeddable":true,"href":"https:\/\/www.infokuryr.cz\/n\/wp-json\/wp\/v2\/comments?post=18211"}],"version-history":[{"count":0,"href":"https:\/\/www.infokuryr.cz\/n\/wp-json\/wp\/v2\/posts\/18211\/revisions"}],"wp:featuredmedia":[{"embeddable":true,"href":"https:\/\/www.infokuryr.cz\/n\/wp-json\/wp\/v2\/media\/14972"}],"wp:attachment":[{"href":"https:\/\/www.infokuryr.cz\/n\/wp-json\/wp\/v2\/media?parent=18211"}],"wp:term":[{"taxonomy":"category","embeddable":true,"href":"https:\/\/www.infokuryr.cz\/n\/wp-json\/wp\/v2\/categories?post=18211"},{"taxonomy":"post_tag","embeddable":true,"href":"https:\/\/www.infokuryr.cz\/n\/wp-json\/wp\/v2\/tags?post=18211"}],"curies":[{"name":"wp","href":"https:\/\/api.w.org\/{rel}","templated":true}]}}