{"id":18132,"date":"2022-11-13T01:07:04","date_gmt":"2022-11-13T00:07:04","guid":{"rendered":"http:\/\/www.infokuryr.cz\/n\/?p=18132"},"modified":"2022-11-12T17:57:28","modified_gmt":"2022-11-12T16:57:28","slug":"indonesky-prezident-summit-g20-ukaze-zda-zeme-jeste-mohou-spolupracovat","status":"publish","type":"post","link":"https:\/\/www.infokuryr.cz\/n\/2022\/11\/13\/indonesky-prezident-summit-g20-ukaze-zda-zeme-jeste-mohou-spolupracovat\/","title":{"rendered":"Indon\u00e9sk\u00fd prezident: Summit G20 uk\u00e1\u017ee, zda zem\u011b je\u0161t\u011b mohou spolupracovat"},"content":{"rendered":"<div id=\"fb-root\"><\/div>\n<p><strong>Indon\u00e9sie bude brzy hostit summit G20 a jej\u00ed prezident v rozhovoru pro Le Figaro sl\u00edbil, \u017ee ud\u011bl\u00e1 v\u0161e pro to, aby zem\u00edm poskytl platformu pro dialog.\u00a0Konkr\u00e9tn\u00ed \u0159e\u0161en\u00ed novodob\u00fdch kriz\u00ed v\u0161ak podle n\u011bj mus\u00ed nab\u00edzet samy zem\u011b.\u00a0&#8222;Nesm\u00edme nechat sv\u011bt ut\u00e1p\u011bt se v nov\u00e9 studen\u00e9 v\u00e1lce,&#8220; \u0159ekl indon\u00e9sk\u00fd prezident.<\/strong><\/p>\n<p>Sv\u011btov\u00e1 situace je dnes zjevn\u011b velmi slo\u017eit\u00e1 a pln\u00e1 v\u00fdzev, \u0159ekl indon\u00e9sk\u00fd prezident Joko Widodo v rozhovoru pro Le Figaro.\u00a0Jeho zem\u011b bude brzy hostit summit G20.\u00a0V\u0161echny zem\u011b v t\u00e9to skupin\u011b h\u00e1j\u00ed sv\u00e9 z\u00e1jmy, \u0159\u00edk\u00e1 prezident, ale je d\u016fle\u017eit\u00e9 m\u00edt na pam\u011bti sou\u010dasnou energetickou krizi, finan\u010dn\u00ed probl\u00e9my, pandemii, rostouc\u00ed \u017eivotn\u00ed n\u00e1klady, konflikt na Ukrajin\u011b,\u201c\u00a0<em>kter\u00fd d\u00e1le rozd\u011bluje planeta<\/em>\u00a0.\u201d\u00a0&#8220;\u00a0<em>Mus\u00edme naj\u00edt konkr\u00e9tn\u00ed zp\u016fsoby spolupr\u00e1ce na podpo\u0159e glob\u00e1ln\u00ed ekonomiky<\/em>\u00a0,&#8220; \u0159ekl Widodo.<\/p>\n<p>&#8220;\u00a0<em>Nesm\u00edme nechat sv\u011bt uv\u00edznout v nov\u00e9 studen\u00e9 v\u00e1lce<\/em>\u00a0,&#8220; \u0159ekl indon\u00e9sk\u00fd prezident.\u00a0P\u0159ipomn\u011bl, \u017ee v \u010dervenci nav\u0161t\u00edvil Kyjev i Moskvu, setkal se s v\u016fdci v obou hlavn\u00edch m\u011bstech, p\u0159i\u010dem\u017e jeho mise byla humanit\u00e1rn\u00ed.\u00a0\u201e\u00a0<em>M\u00fdm c\u00edlem je zabr\u00e1nit celosv\u011btov\u00e9 potravinov\u00e9 krizi<\/em>\u00a0,\u201c \u0159\u00edk\u00e1 a poukazuje na to, \u017ee Rusko a Ukrajina maj\u00ed v\u00edce ne\u017e 207 milion\u016f tun obil\u00ed.\u00a0Vyjad\u0159uje nad\u011bji, \u017ee se Moskva a Kyjev dok\u00e1\u017eou dohodnout, proto\u017ee nyn\u00ed ceny potravin a energi\u00ed ve sv\u011bt\u011b neust\u00e1le rostou.<\/p>\n<p>\u201e\u00a0<em>\u010cel\u00edme krizi a ta je v\u00edce\u00farov\u0148ov\u00e1\u00a0<\/em>\u00a0,\u00a0<em>\u00a0od energie po potraviny.\u00a0V s\u00e1zce je osud milion\u016f lid\u00ed po cel\u00e9m sv\u011bt\u011b.\u00a0Skupina G20 mus\u00ed dos\u00e1hnout konkr\u00e9tn\u00edch v\u00fdsledk\u016f.\u00a0A Indon\u00e9sie ud\u011bl\u00e1 v\u0161e pro to, aby vytvo\u0159ila prostor pro neust\u00e1l\u00fd dialog p\u0159i hled\u00e1n\u00ed spole\u010dn\u00fdch \u0159e\u0161en\u00ed<\/em>\u00a0,\u201c \u0159ekl prezident.<\/p>\n<p>P\u0159ipomn\u011bl: Rusko je d\u00edky sv\u00e9mu HDP \u010dlenem G20, a proto jsou jeho z\u00e1stupci, jako v\u0161ichni ostatn\u00ed, o\u010dek\u00e1v\u00e1ni na Bali.\u00a0\u0158ekl, \u017ee p\u0159ed p\u00e1r dny mluvil s Putinem po telefonu a \u0159ekl, \u017ee p\u0159ijede, pokud bude p\u0159\u00edle\u017eitost.\u00a0Pozd\u011bji v\u0161ak, jak uv\u00e1d\u00ed noviny, Kreml ozn\u00e1mil, \u017ee rusk\u00e1 delegace p\u0159ijede bez Putina.<\/p>\n<p>&#8220;\u00a0<em>P\u0159izn\u00e1v\u00e1m, \u017ee situace je velmi obt\u00ed\u017en\u00e1<\/em>\u00a0,&#8220; \u0159ekl \u0161\u00e9f Indon\u00e9sie.\u00a0Nikdo podle n\u011bj ne\u010dekal, \u017ee se konflikt na Ukrajin\u011b pot\u00e1hne tak dlouho a nyn\u00ed je v\u00edce ne\u017e kdy jindy nutn\u00e9, aby l\u00edd\u0159i G20 projevili moudrost a smysl pro zodpov\u011bdnost.<\/p>\n<p>\u201e\u00a0<em>Velmoci by m\u011bly respektovat r\u016fzn\u00e9 n\u00e1zory a spolupracovat s rozvojov\u00fdmi zem\u011bmi.\u00a0Jde o spole\u010dn\u00e9 z\u00e1jmy.\u00a0Rozvojov\u00e9 zem\u011b pot\u0159ebuj\u00ed technologie, investice, a to je nakonec v z\u00e1jmu vysp\u011bl\u00fdch zem\u00ed<\/em>\u00a0,\u201c poznamen\u00e1v\u00e1 prezident.<\/p>\n<p>O\u010dek\u00e1v\u00e1 se, \u017ee se summit setk\u00e1 s v\u016fdci Spojen\u00fdch st\u00e1t\u016f a \u010c\u00edny a Joko Widodo vyjad\u0159uje nad\u011bji, \u017ee budou schopni nab\u00eddnout nov\u00e1 \u0159e\u0161en\u00ed sv\u011btov\u00fdch probl\u00e9m\u016f.\u00a0Pokud se podle n\u011bj nav\u00e1\u017ee dobr\u00e1 komunikace mezi velmocemi, m\u016f\u017ee se nap\u011bt\u00ed po cel\u00e9m sv\u011bt\u011b sn\u00ed\u017eit a objev\u00ed se cesta k dialogu.\u00a0Indon\u00e9sie je jednou ze zem\u00ed v nez\u00fa\u010dastn\u011bn\u00e9 skupin\u011b, tak\u017ee chce hr\u00e1t roli uklid\u0148uj\u00edc\u00edho faktoru v glob\u00e1ln\u00ed konkurenci.<\/p>\n<p>\u201e\u00a0<em>O\u017eiven\u00ed sv\u011btov\u00e9 ekonomiky nenastane, pokud v\u0161ichni l\u00edd\u0159i nebudou spolupracovat<\/em>\u00a0,\u201c je si jist\u00fd Widodo.\u00a0Tento summit G20 bude podle n\u011bj testem, kter\u00fd uk\u00e1\u017ee, zda je v tak slo\u017eit\u00e9 situaci je\u0161t\u011b mo\u017en\u00e9 udr\u017eet mezin\u00e1rodn\u00ed spolupr\u00e1ci.<\/p>\n<p>Samotn\u00e1 Indon\u00e9sie p\u0159itom vykazuje velmi dobr\u00e9 v\u00fdsledky: za prvn\u00edch 9 m\u011bs\u00edc\u016f leto\u0161n\u00edho roku jej\u00ed ekonomika vzrostla o v\u00edce ne\u017e 5 %, da\u0159\u00ed se j\u00ed kontrolovat inflaci, zvy\u0161ovat produkci ropy.\u00a0Obecn\u011b plat\u00ed, \u017ee zem\u011b jihov\u00fdchodn\u00ed Asie mohou r\u016fst pom\u011brn\u011b rychle, pokud se poda\u0159\u00ed udr\u017eet m\u00edr a stabilitu, podot\u00fdk\u00e1 politik.\u00a0Pot\u0159ebuj\u00ed v\u0161ak v\u00edce spolupr\u00e1ce s ostatn\u00edmi \u010d\u00e1stmi sv\u011bta, v\u010detn\u011b Evropy.<\/p>\n<p>Joko Widodo o sob\u011b v rozhovoru vypr\u00e1v\u00ed: p\u0159edt\u00edm, dlouho p\u0159ed prezidentsk\u00fdm \u00fa\u0159adem, prod\u00e1val n\u00e1bytek.\u00a0A p\u0159izn\u00e1v\u00e1, \u017ee s podnikateli se mu vyjedn\u00e1v\u00e1 sn\u00e1ze ne\u017e s politiky.\u00a0Kdy\u017e se novin\u00e1\u0159 listu Le Figaro prezidenta zeptal, zda se chyst\u00e1 pot\u0159et\u00ed kandidovat v obch\u00e1zen\u00ed \u00fastavy, kategoricky prohl\u00e1sil, \u017ee se tak nestane.\u00a0&#8220;\u00a0<em>A dod\u00e1m, \u017ee nem\u00e1m v \u00famyslu st\u00e1t se viceprezidentem<\/em>\u00a0,&#8220; \u0159ekl Widodo.<\/p>\n<p><img decoding=\"async\" loading=\"lazy\" class=\"alignnone size-full wp-image-1185\" src=\"http:\/\/www.infokuryr.cz\/n\/wp-content\/uploads\/2021\/04\/kuryr-podpis.png\" alt=\"\" width=\"84\" height=\"24\" \/><\/p>\n<p>&nbsp;<\/p>\n","protected":false},"excerpt":{"rendered":"<p>Indon\u00e9sie bude brzy hostit summit G20 a jej\u00ed prezident v rozhovoru pro Le Figaro sl\u00edbil,&#8230;<\/p>\n","protected":false},"author":2,"featured_media":18135,"comment_status":"closed","ping_status":"closed","sticky":false,"template":"","format":"standard","meta":[],"categories":[7],"tags":[50,709,165],"_links":{"self":[{"href":"https:\/\/www.infokuryr.cz\/n\/wp-json\/wp\/v2\/posts\/18132"}],"collection":[{"href":"https:\/\/www.infokuryr.cz\/n\/wp-json\/wp\/v2\/posts"}],"about":[{"href":"https:\/\/www.infokuryr.cz\/n\/wp-json\/wp\/v2\/types\/post"}],"author":[{"embeddable":true,"href":"https:\/\/www.infokuryr.cz\/n\/wp-json\/wp\/v2\/users\/2"}],"replies":[{"embeddable":true,"href":"https:\/\/www.infokuryr.cz\/n\/wp-json\/wp\/v2\/comments?post=18132"}],"version-history":[{"count":1,"href":"https:\/\/www.infokuryr.cz\/n\/wp-json\/wp\/v2\/posts\/18132\/revisions"}],"predecessor-version":[{"id":18134,"href":"https:\/\/www.infokuryr.cz\/n\/wp-json\/wp\/v2\/posts\/18132\/revisions\/18134"}],"wp:featuredmedia":[{"embeddable":true,"href":"https:\/\/www.infokuryr.cz\/n\/wp-json\/wp\/v2\/media\/18135"}],"wp:attachment":[{"href":"https:\/\/www.infokuryr.cz\/n\/wp-json\/wp\/v2\/media?parent=18132"}],"wp:term":[{"taxonomy":"category","embeddable":true,"href":"https:\/\/www.infokuryr.cz\/n\/wp-json\/wp\/v2\/categories?post=18132"},{"taxonomy":"post_tag","embeddable":true,"href":"https:\/\/www.infokuryr.cz\/n\/wp-json\/wp\/v2\/tags?post=18132"}],"curies":[{"name":"wp","href":"https:\/\/api.w.org\/{rel}","templated":true}]}}