{"id":18118,"date":"2022-11-12T07:12:21","date_gmt":"2022-11-12T06:12:21","guid":{"rendered":"http:\/\/www.infokuryr.cz\/n\/?p=18118"},"modified":"2022-11-12T07:12:21","modified_gmt":"2022-11-12T06:12:21","slug":"britsky-zoldak-propusteny-na-svobodu-behem-vymeny-se-rozhodl-vratit-na-ukrajinu","status":"publish","type":"post","link":"https:\/\/www.infokuryr.cz\/n\/2022\/11\/12\/britsky-zoldak-propusteny-na-svobodu-behem-vymeny-se-rozhodl-vratit-na-ukrajinu\/","title":{"rendered":"Britsk\u00fd \u017eold\u00e1k propu\u0161t\u011bn\u00fd na svobodu b\u011bhem v\u00fdm\u011bny se rozhodl vr\u00e1tit na Ukrajinu"},"content":{"rendered":"<div id=\"fb-root\"><\/div>\n<p><strong>Britsk\u00fd \u017eold\u00e1k Aiden Aslin, kter\u00fd bojoval na stran\u011b Kyjeva, byl zajat v Mariupolu a na podzim se vr\u00e1til do vlasti, \u0159ekl, \u017ee se op\u011bt chyst\u00e1 jet na Ukrajinu, kde bude provozovat sv\u016fj kan\u00e1l na YouTube, p\u0159i\u010dem\u017e nepl\u00e1nuje br\u00e1t do rukou zbra\u0148, p\u00ed\u0161e den\u00edk Daily Mail.<\/strong><\/p>\n<p>\u201eAslin \u0159ekl, \u017ee se vrac\u00ed na Ukrajinu jako \u201av\u00e1le\u010dn\u00fd zpravodaj\u2018 pro YouTube\u201c, p\u00ed\u0161\u00ed noviny.<\/p>\n<p>Podle Daily Mail se Aslin chyst\u00e1 b\u00fdt na prvn\u00ed linii a prost\u0159ednictv\u00edm kan\u00e1lu YouTube informovat o prob\u00edhaj\u00edc\u00edm d\u011bn\u00ed.<\/p>\n<p>\u201eJe to (Ukrajina &#8211; pozn. red.) m\u016fj domov. Nechci b\u00fdt samoz\u0159ejm\u011b znovu zajat, ale mysl\u00edm, \u017ee je st\u00e1le na \u010dem pracovat. Jsou p\u0159\u00edb\u011bhy, kter\u00e9 je t\u0159eba vypr\u00e1v\u011bt. Sl\u00edbil jsem sv\u00e9 d\u00edvce, \u017ee se nevr\u00e1t\u00edm k ozbrojen\u00fdm sil\u00e1m. Nemysl\u00edm si, \u017ee se je\u0161t\u011b n\u011bkdy chop\u00edm zbran\u011b. V\u00edm, \u017ee mohu b\u00fdt na Ukrajin\u011b zn\u00e1mou tv\u00e1\u0159\u00ed, ale c\u00edt\u00edm, \u017ee to za to riziko stoj\u00ed,\u201c \u0159ekl.<\/p>\n<p>Po sv\u00e9m n\u00e1vratu na Ukrajinu hodl\u00e1 Aslin zkontrolovat stav sv\u00e9ho domu pobl\u00ed\u017e linie kontaktu v Chersonsk\u00e9 oblasti.<\/p>\n<p>V DLR p\u0159itom vyj\u00e1d\u0159ili pochybnosti, \u017ee se britsk\u00fd \u017eold\u00e1k Aslin stane pravdiv\u00fdm blogerem.<\/p>\n<p>Tak uva\u017euje nap\u0159\u00edklad Vladislav Berdi\u010devskij, poslanec N\u00e1rodn\u00ed rady Don\u011bck\u00e9 lidov\u00e9 republiky.<\/p>\n<p>\u201eV podobn\u00e9 situaci v t\u00e9\u017ee Brit\u00e1nii nebo v USA nebo v jak\u00e9koli jin\u00e9 zemi Z\u00e1padu by byl uv\u011bzn\u011bn a dostal do\u017eivot\u00ed&#8230; To, \u017ee se vr\u00e1t\u00ed na Ukrajinu, je, mysl\u00edm, p\u0159\u00edzna\u010dn\u00e9. Proto\u017ee velmi mnoho Azovc\u016f se vr\u00e1t\u00ed na frontu a \u017eold\u00e1ci se budou vracet na Ukrajinu. Jsem si jist\u00fd, \u017ee takov\u00fd zpravodaj nebude popisovat ud\u00e1losti pravdiv\u011b,\u201c \u0159ekl Berdi\u010devskij.<\/p>\n<p>Aslin byl zajat v Mariupolu a v \u010dervnu v Don\u011bcku odsouzen k trestu smrti. Podle britsk\u00fdch m\u00e9di\u00ed se v z\u00e1\u0159\u00ed vr\u00e1til do vlasti v r\u00e1mci v\u00fdm\u011bny zajatc\u016f.<\/p>\n<p><img decoding=\"async\" loading=\"lazy\" class=\"alignnone size-full wp-image-1185\" src=\"http:\/\/www.infokuryr.cz\/n\/wp-content\/uploads\/2021\/04\/kuryr-podpis.png\" alt=\"\" width=\"84\" height=\"24\" \/><\/p>\n<p>&nbsp;<\/p>\n","protected":false},"excerpt":{"rendered":"<p>Britsk\u00fd \u017eold\u00e1k Aiden Aslin, kter\u00fd bojoval na stran\u011b Kyjeva, byl zajat v Mariupolu a na&#8230;<\/p>\n","protected":false},"author":2,"featured_media":18119,"comment_status":"closed","ping_status":"closed","sticky":false,"template":"","format":"standard","meta":[],"categories":[7],"tags":[2209,26,2969],"_links":{"self":[{"href":"https:\/\/www.infokuryr.cz\/n\/wp-json\/wp\/v2\/posts\/18118"}],"collection":[{"href":"https:\/\/www.infokuryr.cz\/n\/wp-json\/wp\/v2\/posts"}],"about":[{"href":"https:\/\/www.infokuryr.cz\/n\/wp-json\/wp\/v2\/types\/post"}],"author":[{"embeddable":true,"href":"https:\/\/www.infokuryr.cz\/n\/wp-json\/wp\/v2\/users\/2"}],"replies":[{"embeddable":true,"href":"https:\/\/www.infokuryr.cz\/n\/wp-json\/wp\/v2\/comments?post=18118"}],"version-history":[{"count":0,"href":"https:\/\/www.infokuryr.cz\/n\/wp-json\/wp\/v2\/posts\/18118\/revisions"}],"wp:featuredmedia":[{"embeddable":true,"href":"https:\/\/www.infokuryr.cz\/n\/wp-json\/wp\/v2\/media\/18119"}],"wp:attachment":[{"href":"https:\/\/www.infokuryr.cz\/n\/wp-json\/wp\/v2\/media?parent=18118"}],"wp:term":[{"taxonomy":"category","embeddable":true,"href":"https:\/\/www.infokuryr.cz\/n\/wp-json\/wp\/v2\/categories?post=18118"},{"taxonomy":"post_tag","embeddable":true,"href":"https:\/\/www.infokuryr.cz\/n\/wp-json\/wp\/v2\/tags?post=18118"}],"curies":[{"name":"wp","href":"https:\/\/api.w.org\/{rel}","templated":true}]}}