{"id":18017,"date":"2022-11-10T04:32:27","date_gmt":"2022-11-10T03:32:27","guid":{"rendered":"http:\/\/www.infokuryr.cz\/n\/?p=18017"},"modified":"2022-11-10T04:32:27","modified_gmt":"2022-11-10T03:32:27","slug":"ivan-stubna-americti-politici-prohrali-blokacni-valku-s-kubou","status":"publish","type":"post","link":"https:\/\/www.infokuryr.cz\/n\/2022\/11\/10\/ivan-stubna-americti-politici-prohrali-blokacni-valku-s-kubou\/","title":{"rendered":"Ivan \u0160tub\u0148a: Ameri\u010dt\u00ed politici prohr\u00e1li \u201ebloka\u010dn\u00ed v\u00e1lku\u201c s Kubou"},"content":{"rendered":"<div id=\"fb-root\"><\/div>\n<section class=\"perex\"><span>Valn\u00e9 shrom\u00e1\u017ed\u011bn\u00ed OSN koncem \u0159\u00edjna odsoudilo americk\u00e9 embargo na Kubu.\u00a0Rezoluce odsoudila embargo na Kubu pom\u011brem 185:2.\u00a0Pro nez\u00e1vaznou rezoluci odsuzuj\u00edc\u00ed embargo 3. listopadu hlasovalo 185 zem\u00ed, p\u0159i\u010dem\u017e USA a jeho v\u011brn\u00fd pes Izrael hlasovaly proti.\u00a0Braz\u00edlie a Ukrajina se zdr\u017eely hlasov\u00e1n\u00ed.<\/span><\/p>\n<\/section>\n<section class=\"clanek-obsah\"><span>Bylo to u\u017e 30 &#8211; ty kr\u00e1t po sob\u011b, co OSN hlasovala pro odsouzen\u00ed politiky USA, kter\u00e1 plat\u00ed u\u017e desetilet\u00ed.\u00a0(1960).<\/span><\/p>\n<p><span>&#8222;Spojen\u00e9 st\u00e1ty jsou proti t\u00e9to rezoluci, ale stoj\u00edme u kub\u00e1nsk\u00e9ho lidu a budeme nad\u00e1le hledat zp\u016fsoby, jak mu poskytnout smysluplnou podporu,&#8220; \u0159ekl na VZ OSN americk\u00fd z\u00e1stupce John Kelley.<\/span><\/p>\n<p><span>Kelley je oby\u010dejn\u00fd lh\u00e1\u0159.\u00a0Jeho slova se daj\u00ed do srozumiteln\u00e9 \u0159e\u010di p\u0159elo\u017eit takto: Spojen\u00e9 st\u00e1ty budou blokovat Kubu do t\u00e9 doby, ne\u017e nesvrhnou sou\u010dasnou vl\u00e1du a Kuba se nestane lokajem USA!!!<\/span><\/p>\n<p><span>Mexick\u00fd prezident Andres Manuel Lopez Obrador shrnul do jednoho slova, co\u017e se za posledn\u00edch 30 let ud\u00e1lo v OSN v souvislosti s blok\u00e1dou Spojen\u00fdch st\u00e1t\u016f proti Kub\u011b: \u201eHanba\u201c!<\/span><\/p>\n<p><b><span>Kub\u00e1nsk\u00e9 veden\u00ed klasifikuje blok\u00e1du jako v\u00e1le\u010dn\u00fd akt v dob\u011b m\u00edru a jako nejv\u011bt\u0161\u00ed p\u0159ek\u00e1\u017eku rozvoje zem\u011b.\u00a0<\/span><\/b><span>Je skute\u010dn\u011b hanbou OSN, \u017ee 60 let trv\u00e1n\u00ed blok\u00e1dy Kuby a 30 let neschopnosti OSN \u0159e\u0161it blok\u00e1du Kuby hlasov\u00e1n\u00edm jen kv\u016fli tomu, \u017ee USA maj\u00ed pr\u00e1vo veta.\u00a0N\u011bco je v syst\u00e9mu OSN zkostnat\u011bl\u00e9 a \u0161patn\u00e9 pokud neum\u00ed odstranit nespravedlivou blok\u00e1du, kdy\u017e si cel\u00fd sv\u011bt p\u0159eje jej\u00ed zru\u0161en\u00ed.<\/span><\/p>\n<p><span>Akt blok\u00e1dy Kuby je p\u0159itom aktem mezin\u00e1rodn\u00edho terorismu USA, kter\u00fd OSN zlegalizovalo sv\u00fdmi pravidly.\u00a0Blok\u00e1da je poru\u0161en\u00edm mnoha \u010dl\u00e1nk\u016f Charty OSN, mezin\u00e1rodn\u00edho pr\u00e1va a nedoz\u00edrn\u00fdch \u0161kod zp\u016fsoben\u00fdch kub\u00e1nsk\u00e9mu lidu americkou zlo\u010dineckou administrativou.<\/span><\/p>\n<p><span>Ministr zahrani\u010dn\u00edch v\u011bc\u00ed Kuby, Bruno Rodr\u00edguez Parrillo p\u0159i t\u00e9to p\u0159\u00edle\u017eitosti na p\u016fd\u011b OSN mimo jin\u00e9 \u0159ekl:<\/span><\/p>\n<p><span>\u201eJde o \u00famysln\u00fd akt hospod\u00e1\u0159sk\u00e9 v\u00e1lky s c\u00edlem zabr\u00e1nit p\u0159\u00edlivu finan\u010dn\u00edch p\u0159\u00edjm\u016f do zem\u011b, zni\u010dit schopnost vl\u00e1dy uspokojovat pot\u0159eby obyvatelstva, zp\u016fsobit kolaps ekonomiky a vytvo\u0159it situaci bezvl\u00e1dy.\u00a0Jak v roce 1960 \u0159ekl n\u00e1m\u011bstek ministra zahrani\u010dn\u00edch v\u011bc\u00ed Mallory, USA se sna\u017e\u00ed \u201evyvolat zklam\u00e1n\u00ed a bezmocnost, sn\u00ed\u017eit mzdy, zp\u016fsobit hlad, zoufalstv\u00ed a svr\u017een\u00ed vl\u00e1dy\u201c.\u00a0(pozn. autora.: Lester D. Mallory byl hlavn\u00ed inici\u00e1tor zaveden\u00ed hospod\u00e1\u0159sk\u00e9 blok\u00e1dy Kuby v r. 1960.)<\/span><\/p>\n<p><span>Jen za prvn\u00edch 14 m\u011bs\u00edc\u016f vl\u00e1dy prezidenta Josepha Bidena dos\u00e1hly \u0161kody zp\u016fsoben\u00e9 blok\u00e1dou 6 miliard 364 milion\u016f dolar\u016f.<\/span><\/p>\n<p><span>B\u011bhem blok\u00e1dy Kuby USA uskute\u010dnily mnoho teroristick\u00fdch i vojensk\u00fdch \u00fatok\u016f na Kubu v\u010detn\u011b v\u00edce ne\u017e 100 pokus\u016f o vra\u017edu Fidela Castra.\u00a0St\u00e1le provozuj\u00ed na Kub\u011b zlo\u010dineckou z\u00e1kladnu USA Guantan\u00e1mo, v n\u00ed\u017e nez\u00e1konn\u011b v\u011bzn\u00ed a mu\u010d\u00ed odp\u016frce z cel\u00e9ho sv\u011bta v rozporu s mezin\u00e1rodn\u00edm pr\u00e1vem.<\/span><\/p>\n<p><span>Ze strany USA jde o dlouhodob\u00fd brut\u00e1ln\u00ed \u00fatok na miliony lidsk\u00fdch bytost\u00ed v\u010detn\u011b d\u011bt\u00ed, \u017een a star\u00fdch lid\u00ed, kte\u0159\u00ed trp\u00ed nejv\u00edc.\u00a0Jedn\u00e1 se o plnohodnotn\u00fd zlo\u010din proti lidskosti vzhledem ke sv\u00fdm c\u00edl\u016fm a d\u016fsledk\u016fm, kter\u00e9 nelze ospravedlnit.\u00a0A vrcholov\u00ed p\u0159edstavitel\u00e9 OSN nejsou schopni naj\u00edt \u0159e\u0161en\u00ed a na cel\u00fd tento proces jen bezmocn\u011b apaticky p\u0159ihl\u00ed\u017eej\u00ed.\u00a0Pro\u010d?\u00a0Je vysok\u00e9 podez\u0159en\u00ed, \u017ee vrcholov\u00e9 p\u0159edstavitele OSN \u0159\u00edd\u00ed USA!!!\u00a0OSN tak ztr\u00e1c\u00ed svou legitimitu, co\u017e m\u016f\u017ee v\u00e9st k mezin\u00e1rodn\u00edmu chaosu a dal\u0161\u00edm sebezni\u010duj\u00edc\u00edm v\u00e1lk\u00e1m vlivem politiky USA.<\/span><\/p>\n<p><strong>Na z\u00e1v\u011br mal\u00e1 pozn\u00e1mka:<\/strong><\/p>\n<p><span>Korpor\u00e1tn\u011b provl\u00e1dn\u00ed m\u00e9dia na Slovensku ml\u010d\u00ed a nejsou schopna se k blok\u00e1d\u011b Kuby objektivn\u011b vyj\u00e1d\u0159it. Jednostrannou neobjektivn\u00ed propagac\u00ed \u010dinnosti t\u00e9to vl\u00e1dy tato m\u00e9dia zneu\u017e\u00edvaj\u00ed sv\u00e9ho posl\u00e1n\u00ed a manipuluj\u00ed s ob\u010dany.\u00a0Je to proto, \u017ee zaprodaneck\u00e1 vl\u00e1da SR si nep\u0159eje pravdiv\u011b informovat ob\u010dany o americk\u00fdch zlo\u010dinech a zabarik\u00e1dovala kritick\u00e1 vyj\u00e1d\u0159en\u00ed na adresu t\u00e9to vl\u00e1dy.<\/span><\/p>\n<p><span>V\u00edce: <\/span><a href=\"https:\/\/www.plenglish.com\/news\/2022\/11\/06\/the-un-and-the-us-blockade-against-cuba-thirty-years-of-shame\/\" target=\"_blank\" rel=\"external noopener\">ZDE <\/a>a <a href=\"https:\/\/cubaminrex.cu\/es\/discurso-del-ministro-de-relaciones-exteriores-bruno-rodriguez-parrilla-en-la-presentacion-del\" target=\"_blank\" rel=\"external noopener\">ZDE <\/a>a <a href=\"https:\/\/www.aktuality.sk\/clanok\/lp334h6\/kontroverzne-guantanamo-funguje-uz-20-rokov-preco-ho-americki-prezidenti-nevedia-zavriet\/\" target=\"_blank\" rel=\"external noopener\">ZDE<\/a><\/p>\n<p><em><strong>Z m\u011bsta SNP Ivan \u0160tub\u0148a<\/strong><\/em><\/p>\n<\/section>\n<section class=\"clanek-pri\">\n<div class=\"socials\"><\/div>\n<\/section>\n","protected":false},"excerpt":{"rendered":"<p>Valn\u00e9 shrom\u00e1\u017ed\u011bn\u00ed OSN koncem \u0159\u00edjna odsoudilo americk\u00e9 embargo na Kubu.\u00a0Rezoluce odsoudila embargo na Kubu pom\u011brem&#8230;<\/p>\n","protected":false},"author":2,"featured_media":8683,"comment_status":"closed","ping_status":"closed","sticky":false,"template":"","format":"standard","meta":[],"categories":[7],"tags":[72,3773,135,35,37],"_links":{"self":[{"href":"https:\/\/www.infokuryr.cz\/n\/wp-json\/wp\/v2\/posts\/18017"}],"collection":[{"href":"https:\/\/www.infokuryr.cz\/n\/wp-json\/wp\/v2\/posts"}],"about":[{"href":"https:\/\/www.infokuryr.cz\/n\/wp-json\/wp\/v2\/types\/post"}],"author":[{"embeddable":true,"href":"https:\/\/www.infokuryr.cz\/n\/wp-json\/wp\/v2\/users\/2"}],"replies":[{"embeddable":true,"href":"https:\/\/www.infokuryr.cz\/n\/wp-json\/wp\/v2\/comments?post=18017"}],"version-history":[{"count":0,"href":"https:\/\/www.infokuryr.cz\/n\/wp-json\/wp\/v2\/posts\/18017\/revisions"}],"wp:featuredmedia":[{"embeddable":true,"href":"https:\/\/www.infokuryr.cz\/n\/wp-json\/wp\/v2\/media\/8683"}],"wp:attachment":[{"href":"https:\/\/www.infokuryr.cz\/n\/wp-json\/wp\/v2\/media?parent=18017"}],"wp:term":[{"taxonomy":"category","embeddable":true,"href":"https:\/\/www.infokuryr.cz\/n\/wp-json\/wp\/v2\/categories?post=18017"},{"taxonomy":"post_tag","embeddable":true,"href":"https:\/\/www.infokuryr.cz\/n\/wp-json\/wp\/v2\/tags?post=18017"}],"curies":[{"name":"wp","href":"https:\/\/api.w.org\/{rel}","templated":true}]}}