{"id":18000,"date":"2022-11-10T01:03:06","date_gmt":"2022-11-10T00:03:06","guid":{"rendered":"http:\/\/www.infokuryr.cz\/n\/?p=18000"},"modified":"2022-11-09T16:03:12","modified_gmt":"2022-11-09T15:03:12","slug":"sef-americkych-jadernych-sil-ukrajina-je-jen-rozcvickou-na-velmi-dlouhou-bitvu-s-ruskem-a-cinou-velka-krize-teprve-prijde","status":"publish","type":"post","link":"https:\/\/www.infokuryr.cz\/n\/2022\/11\/10\/sef-americkych-jadernych-sil-ukrajina-je-jen-rozcvickou-na-velmi-dlouhou-bitvu-s-ruskem-a-cinou-velka-krize-teprve-prijde\/","title":{"rendered":"\u0160\u00e9f americk\u00fdch jadern\u00fdch sil: Ukrajina je jen \u201erozcvi\u010dkou\u201c na \u201evelmi dlouhou\u201c bitvu s Ruskem a \u010c\u00ednou, velk\u00e1 krize teprve p\u0159ijde"},"content":{"rendered":"<div id=\"fb-root\"><\/div>\n<div class=\"elementor-element elementor-element-1fb4c2c elementor-widget elementor-widget-theme-post-content\" data-id=\"1fb4c2c\" data-element_type=\"widget\" data-widget_type=\"theme-post-content.default\">\n<div class=\"elementor-widget-container\">\n<p><span>Od roku 2018 vid\u00ed USA sv\u016fj prim\u00e1rn\u00ed strategick\u00fd z\u00e1m\u011br jako p\u0159\u00edpravu na takzvanou \u201evelmocenskou sout\u011b\u017e\u201c s Ruskem a \u010c\u00ednou.\u00a0Tvrd\u00ed, \u017ee tyto dva n\u00e1rody jsou v pop\u0159ed\u00ed \u00fasil\u00ed o svr\u017een\u00ed glob\u00e1ln\u00edho \u0159\u00e1du pod veden\u00edm USA vytvo\u0159en\u00e9ho na konci studen\u00e9 v\u00e1lky.<\/span><\/p>\n<p><span>Admir\u00e1l americk\u00e9ho n\u00e1mo\u0159nictva Charles Richard, \u0161\u00e9f americk\u00e9ho strategick\u00e9ho velitelstv\u00ed, ned\u00e1vno varoval, \u017ee USA budou brzy \u010delit vlekl\u00e9mu konfliktu s \u010c\u00ednou jako nikdy p\u0159edt\u00edm.\u00a0Stratcom je zodpov\u011bdn\u00fd za jadern\u00e9 zbran\u011b a obrann\u00e9 a \u00fato\u010dn\u00e9 informa\u010dn\u00ed schopnosti zem\u011b, zn\u00e1m\u00e9 jako C4ISR.<\/span><\/p>\n<p><span>&#8222;Mus\u00edme prov\u00e9st rychl\u00e9 a z\u00e1sadn\u00ed zm\u011bny v tom, jak p\u0159istupujeme k obran\u011b tohoto n\u00e1roda,&#8220; \u0159ekl Richard minul\u00fd t\u00fdden na sympoziu n\u00e1mo\u0159nictva.<\/span><br \/>\n<span>&#8222;Tato ukrajinsk\u00e1 krize, ve kter\u00e9 se pr\u00e1v\u011b nach\u00e1z\u00edme, je jen zah\u0159\u00edv\u00e1n\u00ed,&#8220; \u0159ekl.\u00a0\u201eVelk\u00e1 krize p\u0159ijde.\u00a0A nebude to dlouho trvat a budeme testov\u00e1ni zp\u016fsoby, jak\u00fdmi jsme u\u017e dlouho nebyli.\u201c<\/span><\/p>\n<p><span>Richard varoval, \u017ee \u201elo\u010f se pot\u00e1p\u00ed\u201c, proto\u017ee \u010c\u00edna vyv\u00edj\u00ed nov\u00e9 schopnosti rychleji ne\u017e Spojen\u00e9 st\u00e1ty, kter\u00e9 se na boji\u0161ti brzy ocitnou v p\u0159esile a podt\u0159\u00edd\u011b.<\/span><\/p>\n<p><span>\u201eNez\u00e1le\u017e\u00ed na tom, jak dobr\u00fd je n\u00e1\u0161 [opera\u010dn\u00ed pl\u00e1n] nebo jak dob\u0159\u00ed jsou na\u0161i velitel\u00e9 nebo jak dob\u0159\u00ed jsou na\u0161i kon\u011b \u2013 nebudeme jich m\u00edt dost.\u00a0A to je velmi kr\u00e1tkodob\u00fd probl\u00e9m,\u201c \u0159ekl Richard.<\/span><\/p>\n<p><span>Richard tak\u00e9 kritizoval stagnaci v USA, kter\u00e9 ztratily \u201eum\u011bn\u00ed\u201c rychle dod\u00e1vat nov\u00e9 syst\u00e9my.<\/span><\/p>\n<p><span>&#8222;Vzdu\u0161n\u00e9 s\u00edly za\u010daly s po\u017eadavkem t\u00e9m\u011b\u0159 napsan\u00fdm na ubrousku&#8230;kdy\u017e na konci 50. let zjistili, \u017ee sov\u011btsk\u00e9 integrovan\u00e9 syst\u00e9my protivzdu\u0161n\u00e9 obrany se dost\u00e1vaj\u00ed do bodu, kdy to B-52 prost\u011b nezvl\u00e1daj\u00ed, a my jsme pot\u0159ebovali v\u011bc zvan\u00e1 \u201a\u0159\u00edzen\u00e9 st\u0159ely\u2018,\u201c vzpom\u00ednal Richard.<\/span><\/p>\n<p><span>USA ji\u017e za \u010c\u00ednou zaost\u00e1vaj\u00ed v d\u016fle\u017eit\u00e9 oblasti raket.\u00a0\u010c\u00edna m\u00e1 generaci \u0159\u00edzen\u00fdch st\u0159el ultra dlouh\u00e9ho doletu, \u0159adu balistick\u00fdch st\u0159el a n\u011bkolik typ\u016f hypersonick\u00fdch zbran\u00ed, na kter\u00e9 USA nemaj\u00ed odpov\u011b\u010f.<\/span><\/p>\n<p><span>Peking tak\u00e9 vyvinul radar schopn\u00fd detekovat stealth letadla a za\u010dal je montovat do sv\u00fdch nejnov\u011bj\u0161\u00edch v\u00e1le\u010dn\u00fdch lod\u00ed, \u010d\u00edm\u017e ohro\u017euje vychvalovan\u00e9 americk\u00e9 flotily F-22 a F-35.<\/span><\/p>\n<p><span>Ale Pentagon je obzvl\u00e1\u0161t\u011b znepokojen frak\u010dn\u00edm orbit\u00e1ln\u00edm bombardovac\u00edm syst\u00e9mem, kter\u00fd \u010c\u00edna testovala v lo\u0148sk\u00e9m roce a kter\u00fd je podle n\u00ed sou\u010d\u00e1st\u00ed \u010d\u00ednsk\u00e9 militarizace vesm\u00edru.\u00a0Spojen\u00e9 st\u00e1ty zalo\u017eily sv\u00e9 vlastn\u00ed vesm\u00edrn\u00e9 s\u00edly v roce 2019, ale jejich zakl\u00e1daj\u00edc\u00ed dokumenty jasn\u011b \u0159\u00edkaj\u00ed, \u017ee jejich c\u00edlem je br\u00e1nit americkou vesm\u00edrnou nadvl\u00e1du a nikoli br\u00e1nit militarizaci vesm\u00edru.<\/span><\/p>\n<p><span>Srovn\u00e1n\u00ed mezi ruskou speci\u00e1ln\u00ed operac\u00ed na Ukrajin\u011b a podez\u0159elou \u010d\u00ednskou invaz\u00ed na Tchaj-wan d\u011blali ameri\u010dt\u00ed v\u016fdci od za\u010d\u00e1tku operace v \u00fanoru navzdory \u010d\u00ednsk\u00fdm protest\u016fm.\u00a0USA se v\u0161ak na konflikt s \u010c\u00ednou p\u0159ipravovaly nejpozd\u011bji od konce roku 2017, kdy Trumpova administrativa p\u0159edstavila s\u00e9rii nov\u00fdch strategick\u00fdch dokument\u016f nasti\u0148uj\u00edc\u00edch posun v americk\u00e9 zahrani\u010dn\u00ed politice.<\/span><\/p>\n<p><span>Posledn\u00ed n\u00e1rodn\u00ed obrann\u00e1 strategie, kterou Pentagon vydal minul\u00fd m\u011bs\u00edc, pokra\u010duje v pl\u00e1nov\u00e1n\u00ed takzvan\u00e9 \u201evelk\u00e9 mocensk\u00e9 sout\u011b\u017ee\u201c s Ruskem a \u010c\u00ednou, p\u0159i\u010dem\u017e Rusko je pova\u017eov\u00e1no za \u201ebezprost\u0159edn\u00ed hrozbu\u201c a \u010c\u00edna za dlouhodob\u00e9ho konkurenta.\u00a0Ministr obrany Lloyd Austin v n\u011bm popisuje Peking jako \u201enejd\u016fsledn\u011bj\u0161\u00edho strategick\u00e9ho konkurenta Washingtonu pro nadch\u00e1zej\u00edc\u00ed desetilet\u00ed\u201c.<\/span><\/p>\n<\/div>\n<\/div>\n<div class=\"elementor-element elementor-element-8c57238 quelle dc-has-condition dc-condition-empty elementor-widget elementor-widget-heading\" data-id=\"8c57238\" data-element_type=\"widget\" data-widget_type=\"heading.default\">\n<div class=\"elementor-widget-container\">\n<h3 class=\"elementor-heading-title elementor-size-default\"><span style=\"font-size: 8pt;\"><a href=\"https:\/\/www.theinteldrop.org\/2022\/11\/08\/head-of-us-nuclear-forces-claims-ukraine-just-a-warmup-for-very-long-struggle-with-russia-china\/\" target=\"_blank\" rel=\"nofollow noopener\">ZDROJ<\/a><\/span><\/h3>\n<p>&nbsp;<\/p>\n<\/div>\n<\/div>\n","protected":false},"excerpt":{"rendered":"<p>Od roku 2018 vid\u00ed USA sv\u016fj prim\u00e1rn\u00ed strategick\u00fd z\u00e1m\u011br jako p\u0159\u00edpravu na takzvanou \u201evelmocenskou sout\u011b\u017e\u201c&#8230;<\/p>\n","protected":false},"author":2,"featured_media":11817,"comment_status":"closed","ping_status":"closed","sticky":false,"template":"","format":"standard","meta":[],"categories":[7],"tags":[30,371,22,37,40],"_links":{"self":[{"href":"https:\/\/www.infokuryr.cz\/n\/wp-json\/wp\/v2\/posts\/18000"}],"collection":[{"href":"https:\/\/www.infokuryr.cz\/n\/wp-json\/wp\/v2\/posts"}],"about":[{"href":"https:\/\/www.infokuryr.cz\/n\/wp-json\/wp\/v2\/types\/post"}],"author":[{"embeddable":true,"href":"https:\/\/www.infokuryr.cz\/n\/wp-json\/wp\/v2\/users\/2"}],"replies":[{"embeddable":true,"href":"https:\/\/www.infokuryr.cz\/n\/wp-json\/wp\/v2\/comments?post=18000"}],"version-history":[{"count":0,"href":"https:\/\/www.infokuryr.cz\/n\/wp-json\/wp\/v2\/posts\/18000\/revisions"}],"wp:featuredmedia":[{"embeddable":true,"href":"https:\/\/www.infokuryr.cz\/n\/wp-json\/wp\/v2\/media\/11817"}],"wp:attachment":[{"href":"https:\/\/www.infokuryr.cz\/n\/wp-json\/wp\/v2\/media?parent=18000"}],"wp:term":[{"taxonomy":"category","embeddable":true,"href":"https:\/\/www.infokuryr.cz\/n\/wp-json\/wp\/v2\/categories?post=18000"},{"taxonomy":"post_tag","embeddable":true,"href":"https:\/\/www.infokuryr.cz\/n\/wp-json\/wp\/v2\/tags?post=18000"}],"curies":[{"name":"wp","href":"https:\/\/api.w.org\/{rel}","templated":true}]}}