{"id":17999,"date":"2022-11-10T01:02:01","date_gmt":"2022-11-10T00:02:01","guid":{"rendered":"http:\/\/www.infokuryr.cz\/n\/?p=17999"},"modified":"2022-11-09T15:58:57","modified_gmt":"2022-11-09T14:58:57","slug":"usa-zridi-novou-vojenskou-zakladnu-na-severovychode-syrie","status":"publish","type":"post","link":"https:\/\/www.infokuryr.cz\/n\/2022\/11\/10\/usa-zridi-novou-vojenskou-zakladnu-na-severovychode-syrie\/","title":{"rendered":"USA z\u0159\u00edd\u00ed novou vojenskou z\u00e1kladnu na severov\u00fdchod\u011b S\u00fdrie"},"content":{"rendered":"<div id=\"fb-root\"><\/div>\n<div class=\"elementor-element elementor-element-1fb4c2c elementor-widget elementor-widget-theme-post-content\" data-id=\"1fb4c2c\" data-element_type=\"widget\" data-widget_type=\"theme-post-content.default\">\n<div class=\"elementor-widget-container\">\n<p><span style=\"font-size: 18pt;\"><strong>Nov\u00e1 vojensk\u00e1 z\u00e1kladna se nach\u00e1z\u00ed v kl\u00ed\u010dov\u00e9m m\u011bst\u011b Rakka<\/strong><\/span><\/p>\n<p><span>N\u011bkolik americk\u00fdch voj\u00e1k\u016f a logistick\u00fdch sil ned\u00e1vno dorazilo do syrsk\u00e9ho m\u011bsta Rakka a pr\u00e1v\u011b z\u0159izuje novou vojenskou z\u00e1kladnu v provincii Hasakeh.<\/span><\/p>\n<p><span>Um\u00edst\u011bn\u00ed d\u00e1v\u00e1 dokonal\u00fd smysl, i kdy\u017e je\u0161t\u011b nebylo u\u010din\u011bno \u017e\u00e1dn\u00e9 ofici\u00e1ln\u00ed ozn\u00e1men\u00ed.\u00a0USA maj\u00ed v S\u00fdrii st\u00e1le odhadem 1000 voj\u00e1k\u016f a 28 vyhl\u00e1\u0161en\u00fdch vojensk\u00fdch m\u00edst.\u00a0V\u011bt\u0161ina z nich je v Hasakeh, tak\u017ee d\u00e1v\u00e1 smysl, aby tam byla i nov\u00e1 z\u00e1kladna.<\/span><\/p>\n<p><span>Na\u010dasov\u00e1n\u00ed je v\u0161ak obzvl\u00e1\u0161t\u011b odhaluj\u00edc\u00ed.\u00a0P\u0159ed v\u00edce ne\u017e t\u00fddnem USA prohl\u00e1sily, \u017ee \u201enemaj\u00ed v pl\u00e1nu\u201c vojensky se st\u00e1hnout ze S\u00fdrie, a \u010dlen Rady n\u00e1rodn\u00ed bezpe\u010dnosti John Kirby \u0159ekl, \u017ee p\u0159\u00edtomnost USA je \u201ev\u00fdhradn\u011b pro boj s ISIS\u201c.<\/span><\/p>\n<p><span>ISIS je p\u0159\u00edtomen v okol\u00ed Rakky, hlavn\u011b zb\u00fdvaj\u00edc\u00ed s\u00edly v pou\u0161tn\u00ed oblasti a kolem n\u00ed.\u00a0Tyto s\u00edly \u010dasto bojuj\u00ed proti syrsk\u00fdm a rusk\u00fdm sil\u00e1m a n\u011bkdy proti kurdsk\u00fdm YPG.<\/span><\/p>\n<p><span>Americk\u00e1 vojensk\u00e1 intervence v S\u00fdrii v podstat\u011b za\u010dala v roce 2011 podporou protiasadovsk\u00fdch rebel\u016f, p\u0159i\u010dem\u017e USA zah\u00e1jily n\u011bkolik \u00fatok\u016f ke konci Bushovy administrativy.\u00a0Byl to prezident Obama, kdo za\u010dal ofici\u00e1ln\u011b rozmis\u0165ovat voj\u00e1ky v roce 2015, \u00fadajn\u011b v boji proti ISIS, ale tak\u00e9 s ohledem na zm\u011bnu re\u017eimu jako vedlej\u0161\u00ed c\u00edl.<\/span><\/p>\n<p><span>USA st\u00e1le v\u00edce uvaluj\u00ed sankce na syrskou vl\u00e1du, aby podkopaly jej\u00ed schopnost vzdorovat rebel\u016fm a podpo\u0159ily zm\u011bnu re\u017eimu.\u00a0To m\u011blo zat\u00edm jen mal\u00fd efekt, ale ameri\u010dt\u00ed politici tvrd\u00ed, \u017ee zru\u0161en\u00ed t\u011bchto sankc\u00ed se nepl\u00e1nuje.\u00a0To nen\u00ed p\u0159ekvapiv\u00e9, proto\u017ee USA maj\u00ed tendenci u\u010dinit sankce b\u011b\u017enou sou\u010d\u00e1st\u00ed mezin\u00e1rodn\u00ed diplomacie.<\/span><\/p>\n<p><span>Obamova eskalace vedla k tomu, \u017ee USA a YPG vyhnaly ISIS z v\u011bt\u0161iny m\u011bst a do venkovsk\u00fdch oblast\u00ed, kter\u00e9 okupovaly.\u00a0Prezident Trump se za\u010dal stahovat ze S\u00fdrie, ale nakonec zm\u011bnil kurz a ozn\u00e1mil, \u017ee zb\u00fdvaj\u00edc\u00ed voj\u00e1ci z\u016fstanou, aby \u201ez\u00edskaly ropu\u201c.<\/span><\/p>\n<p><span>Zb\u00fdvaj\u00edc\u00ed p\u0159\u00edtomnost se soust\u0159ed\u00ed kolem dvou z\u00e1kladen: z\u00e1kladny na jord\u00e1nsk\u00fdch hranic\u00edch v al-Tanf a men\u0161\u00ed z\u00e1kladny v jednom ze syrsk\u00fdch ropn\u00fdch pol\u00ed, kter\u00e9 maj\u00ed usnadnit p\u0159evzet\u00ed ropy americkou spole\u010dnost\u00ed.\u00a0Podle m\u00edstn\u00edch je nov\u00e1 z\u00e1kladna v Rakce svou strukturou podobn\u00e1 men\u0161\u00ed z\u00e1kladn\u011b v ropn\u00e9m poli.<\/span><\/p>\n<p><span>T\u00edm je ot\u00e1zka sta\u017een\u00ed USA vy\u0159e\u0161ena a vypad\u00e1 to, \u017ee je na po\u0159adu dne obnoven\u00e1 eskalace.\u00a0I kdy\u017e nev\u00edme, kolik voj\u00e1k\u016f bude um\u00edst\u011bno v Rakce, zd\u00e1 se, \u017ee je to relativn\u011b m\u00e1lo.\u00a0Americk\u00e9 jednotky nejsou pozv\u00e1ny syrskou vl\u00e1dou a mohly by se st\u0159etnout se syrsk\u00fdmi silami.<\/span><\/p>\n<p><span>Oblast je tak\u00e9 na \u00fazem\u00ed YPG, co\u017e by za norm\u00e1ln\u00edch okolnost\u00ed nep\u0159edstavovalo probl\u00e9m, proto\u017ee USA a Kurdov\u00e9 maj\u00ed dobr\u00e9 vztahy.\u00a0Turecko bojuje s Kurdy a hroz\u00ed velk\u00e1 invaze. To by mohlo dostat USA do konfliktn\u00ed situace s jin\u00fdm \u010dlenem NATO.<\/span><\/p>\n<p><span>Vzhledem k absenci vize, jak by mohl vypadat konec americk\u00e9 anga\u017eovanosti v S\u00fdrii, se zd\u00e1lo, \u017ee USA sv\u00e9 jednotky v S\u00fdrii ponechaj\u00ed kv\u016fli z\u00e1kladn\u00e1m. T\u00edm dlouho riskovali nezam\u00fd\u0161len\u00e9 n\u00e1sledky a n\u00e1r\u016fst americk\u00fdch voj\u00e1k\u016f a z\u0159\u00edzen\u00ed dal\u0161\u00ed z\u00e1kladny toto riziko jen zvy\u0161uje.<\/span><\/p>\n<p><strong>Jason Ditz<\/strong><\/p>\n<\/div>\n<\/div>\n<div class=\"elementor-element elementor-element-8c57238 quelle dc-has-condition dc-condition-empty elementor-widget elementor-widget-heading\" data-id=\"8c57238\" data-element_type=\"widget\" data-widget_type=\"heading.default\">\n<div class=\"elementor-widget-container\">\n<h3 class=\"elementor-heading-title elementor-size-default\"><span style=\"font-size: 8pt;\"><a href=\"https:\/\/news.antiwar.com\/2022\/11\/07\/us-sets-up-new-military-base-in-ne-syria\/\" target=\"_blank\" rel=\"nofollow noopener\">ZDROJ<\/a><\/span><\/h3>\n<\/div>\n<\/div>\n","protected":false},"excerpt":{"rendered":"<p>Nov\u00e1 vojensk\u00e1 z\u00e1kladna se nach\u00e1z\u00ed v kl\u00ed\u010dov\u00e9m m\u011bst\u011b Rakka N\u011bkolik americk\u00fdch voj\u00e1k\u016f a logistick\u00fdch sil&#8230;<\/p>\n","protected":false},"author":2,"featured_media":6878,"comment_status":"closed","ping_status":"closed","sticky":false,"template":"","format":"standard","meta":[],"categories":[7],"tags":[898,147,37,321,1210],"_links":{"self":[{"href":"https:\/\/www.infokuryr.cz\/n\/wp-json\/wp\/v2\/posts\/17999"}],"collection":[{"href":"https:\/\/www.infokuryr.cz\/n\/wp-json\/wp\/v2\/posts"}],"about":[{"href":"https:\/\/www.infokuryr.cz\/n\/wp-json\/wp\/v2\/types\/post"}],"author":[{"embeddable":true,"href":"https:\/\/www.infokuryr.cz\/n\/wp-json\/wp\/v2\/users\/2"}],"replies":[{"embeddable":true,"href":"https:\/\/www.infokuryr.cz\/n\/wp-json\/wp\/v2\/comments?post=17999"}],"version-history":[{"count":0,"href":"https:\/\/www.infokuryr.cz\/n\/wp-json\/wp\/v2\/posts\/17999\/revisions"}],"wp:featuredmedia":[{"embeddable":true,"href":"https:\/\/www.infokuryr.cz\/n\/wp-json\/wp\/v2\/media\/6878"}],"wp:attachment":[{"href":"https:\/\/www.infokuryr.cz\/n\/wp-json\/wp\/v2\/media?parent=17999"}],"wp:term":[{"taxonomy":"category","embeddable":true,"href":"https:\/\/www.infokuryr.cz\/n\/wp-json\/wp\/v2\/categories?post=17999"},{"taxonomy":"post_tag","embeddable":true,"href":"https:\/\/www.infokuryr.cz\/n\/wp-json\/wp\/v2\/tags?post=17999"}],"curies":[{"name":"wp","href":"https:\/\/api.w.org\/{rel}","templated":true}]}}