{"id":17998,"date":"2022-11-10T01:01:11","date_gmt":"2022-11-10T00:01:11","guid":{"rendered":"http:\/\/www.infokuryr.cz\/n\/?p=17998"},"modified":"2022-11-09T15:52:34","modified_gmt":"2022-11-09T14:52:34","slug":"novy-pruzkum-ukazuje-ze-ctvrtina-evropanu-je-jiz-na-pokraji-zkazy","status":"publish","type":"post","link":"https:\/\/www.infokuryr.cz\/n\/2022\/11\/10\/novy-pruzkum-ukazuje-ze-ctvrtina-evropanu-je-jiz-na-pokraji-zkazy\/","title":{"rendered":"Nov\u00fd pr\u016fzkum ukazuje, \u017ee \u010dtvrtina Evropan\u016f je ji\u017e na pokraji zk\u00e1zy"},"content":{"rendered":"<div id=\"fb-root\"><\/div>\n<div class=\"elementor-element elementor-element-1fb4c2c elementor-widget elementor-widget-theme-post-content\" data-id=\"1fb4c2c\" data-element_type=\"widget\" data-widget_type=\"theme-post-content.default\">\n<div class=\"elementor-widget-container\">\n<p><span>D\u011bln\u00edci v cel\u00e9 Evrop\u011b a Severn\u00ed Americe se sna\u017e\u00ed vyj\u00edt s pen\u011bzi uprost\u0159ed krize \u017eivotn\u00edch n\u00e1klad\u016f vyvolan\u00e9 sankcemi a embargem na dovoz rusk\u00e9 energie.\u00a0Ceny benzinu a nafty se t\u00e9m\u011b\u0159 zdvojn\u00e1sobily a \u00fa\u010dty za energie se zn\u00e1sobily, co\u017e ovlivnilo i dal\u0161\u00ed komodity.<\/span><\/p>\n<p><span>V\u00edce ne\u017e \u010dtvrtina Evropan\u016f tvrd\u00ed, \u017ee se ocitla v \u201enejist\u00e9\u201c finan\u010dn\u00ed situaci, a polovina se ob\u00e1v\u00e1, \u017ee se to brzy stane, ukazuje nov\u00fd pr\u016fzkum.<br \/>\n<\/span><br \/>\n<span>Pr\u016fzkum, kter\u00fd provedla spole\u010dnost Ipsos jm\u00e9nem francouzsk\u00e9 nevl\u00e1dn\u00ed organizace Secours Populaire (People&#8217;s Aid) v \u0161esti zem\u00edch, zjistil, \u017ee 27 procent respondent\u016f je ve finan\u010dn\u00ed t\u00edsni, definovan\u00e9 jako \u201eneo\u010dek\u00e1van\u00fd v\u00fddaj by mohl v\u0161e zm\u011bnit\u201c, zat\u00edmco 55 procent Respondent\u016f uvedlo, \u017ee mus\u00ed b\u00fdt opatrn\u00ed se sv\u00fdmi v\u00fddaji, aby se vyhnuli stejn\u00e9 situaci.<\/span><\/p>\n<p><span>Studie tak\u00e9 zjistila, \u017ee 54 procent z 6 000 dotazovan\u00fdch lid\u00ed ve Francii, N\u011bmecku, \u0158ecku, It\u00e1lii, Polsku a Spojen\u00e9m kr\u00e1lovstv\u00ed zaznamenalo v posledn\u00edch t\u0159ech letech ztr\u00e1tu kupn\u00ed s\u00edly.<\/span><br \/>\n<span>T\u00e9m\u011b\u0159 dev\u011bt z deseti uvedlo, \u017ee rostouc\u00ed ceny potravin, paliva, topen\u00ed a n\u00e1jemn\u00e9ho \u2013 kter\u00e9 v sou\u010dasnosti raketov\u011b rostou kv\u016fli z\u00e1padn\u00edm sankc\u00edm v\u016f\u010di Rusku kv\u016fli vojensk\u00e9 operaci na Ukrajin\u011b \u2013 jsou d\u016fvodem jejich klesaj\u00edc\u00edho bohatstv\u00ed.\u00a0T\u0159i z deseti uvedli, \u017ee k jejich obt\u00ed\u017en\u00e9 situaci p\u0159isp\u011bly rostouc\u00ed dan\u011b.<\/span><\/p>\n<p><em><span>Kdy\u017e p\u0159ijde zima, v\u00edme, \u017ee mnoho rodin nebude schopno platit sv\u00e9 \u00fa\u010dty za energie,\u201c \u0159ekla Greta Barbolini z italsk\u00e9 charitativn\u00ed organizace ARCI, partnera Secours Populaire.<\/span><\/em><\/p>\n<p><span>Nen\u00ed p\u0159ekvapen\u00edm, \u017ee nejh\u016f\u0159e bylo zasa\u017eeno \u0158ecko, kter\u00e9 ji\u017e nyn\u00ed trp\u00ed \u010dty\u0159mi koly finan\u010dn\u00ed pomoci Evropsk\u00e9 unie (EU) as nimi spojen\u00fdmi \u00fasporn\u00fdmi opat\u0159en\u00edmi.\u00a0V\u00edce ne\u017e dv\u011b t\u0159etiny \u0158ek\u016f uvedly, \u017ee jejich kupn\u00ed s\u00edla klesla \u201ehodn\u011b\u201c nebo \u201epon\u011bkud\u201c.<br \/>\n<\/span><br \/>\n<span>Ve Francii, kde represivn\u00ed dan\u011b z motorov\u00e9 nafty vyvolaly pokra\u010duj\u00edc\u00ed protesty \u201e\u017elut\u00fdch vest\u201c v listopadu 2018, bylo toto \u010d\u00edslo 63 procent.\u00a0V It\u00e1lii zaznamenalo pokles relativn\u00edho bohatstv\u00ed 57 procent ve srovn\u00e1n\u00ed s 54 procenty N\u011bmc\u016f, 48 procenty Brit\u016f a 38 procenty Pol\u00e1k\u016f.<\/span><\/p>\n<p><span>\u010ctvrtina respondent\u016f uvedla, \u017ee byli nuceni \u010dinit obt\u00ed\u017en\u00e1 rozhodnut\u00ed v dom\u00e1cnosti.\u00a0T\u0159i p\u011btiny sn\u00ed\u017eily sv\u00e9 cestovn\u00ed v\u00fddaje, t\u00e9m\u011b\u0159 polovina si kv\u016fli \u00faspor\u00e1m vypnula topen\u00ed a t\u0159etina se vzdala l\u00e9ka\u0159sk\u00e9 p\u00e9\u010de.<\/span><\/p>\n<p><span>Nejohro\u017een\u011bj\u0161\u00ed populace se v jednotliv\u00fdch zem\u00edch li\u0161ila.\u00a0V N\u011bmecku a Polsku to byli v\u011bt\u0161inou star\u0161\u00ed lid\u00e9, kolem 60 procent.\u00a0Na druh\u00e9 stran\u011b v \u0158ecku a It\u00e1lii byli nejv\u00edce zasa\u017eeni mlad\u00ed lid\u00e9, a to 57 a 45 procent, zat\u00edmco ve Spojen\u00e9m kr\u00e1lovstv\u00ed tvo\u0159ili 55 procent t\u011bch, kte\u0159\u00ed se sna\u017eili vy\u017e\u00edt, osam\u011bl\u00ed rodi\u010de.<\/span><\/p>\n<p><em><span>M\u00e1me obavy o mlad\u00e9 lidi, d\u016fchodce a chud\u00e9 pracuj\u00edc\u00ed, proto\u017ee nic nenasv\u011bd\u010duje poklesu cen, \u0159ekl Sergo Kuruliszwili z polsk\u00e9ho partnera francouzsk\u00e9 charity PKPS.<\/span><\/em><\/p>\n<p><span>Je znepokojiv\u00e9, \u017ee dv\u011b t\u0159etiny respondent\u016f nev\u011bd\u00ed, jak\u00e9 v\u00fddaje by mohli d\u00e1le sn\u00ed\u017eit, pokud by museli nad\u00e1le \u0161et\u0159it.\u00a0V\u00edce ne\u017e \u010dtvrtina respondent\u016f byla v polovin\u011b m\u011bs\u00edce p\u0159e\u010derp\u00e1na a p\u0159ibli\u017en\u011b stejn\u00fd pod\u00edl uvedl, \u017ee se \u201eboj\u00ed ze ztr\u00e1ty domova\u201c.<\/span><\/p>\n<\/div>\n<\/div>\n<div class=\"elementor-element elementor-element-8c57238 quelle dc-has-condition dc-condition-empty elementor-widget elementor-widget-heading\" data-id=\"8c57238\" data-element_type=\"widget\" data-widget_type=\"heading.default\">\n<div class=\"elementor-widget-container\">\n<h3 class=\"elementor-heading-title elementor-size-default\"><span style=\"font-size: 8pt;\"><a href=\"https:\/\/sputniknews.com\/20221107\/quarter-of-europeans-on-the-brink-of-ruin-new-survey-finds-1103847982.html\" target=\"_blank\" rel=\"nofollow noopener\">ZDROJ<\/a><\/span><\/h3>\n<p>&nbsp;<\/p>\n<\/div>\n<\/div>\n","protected":false},"excerpt":{"rendered":"<p>D\u011bln\u00edci v cel\u00e9 Evrop\u011b a Severn\u00ed Americe se sna\u017e\u00ed vyj\u00edt s pen\u011bzi uprost\u0159ed krize \u017eivotn\u00edch&#8230;<\/p>\n","protected":false},"author":2,"featured_media":8823,"comment_status":"closed","ping_status":"closed","sticky":false,"template":"","format":"standard","meta":[],"categories":[7],"tags":[283,45,371,620],"_links":{"self":[{"href":"https:\/\/www.infokuryr.cz\/n\/wp-json\/wp\/v2\/posts\/17998"}],"collection":[{"href":"https:\/\/www.infokuryr.cz\/n\/wp-json\/wp\/v2\/posts"}],"about":[{"href":"https:\/\/www.infokuryr.cz\/n\/wp-json\/wp\/v2\/types\/post"}],"author":[{"embeddable":true,"href":"https:\/\/www.infokuryr.cz\/n\/wp-json\/wp\/v2\/users\/2"}],"replies":[{"embeddable":true,"href":"https:\/\/www.infokuryr.cz\/n\/wp-json\/wp\/v2\/comments?post=17998"}],"version-history":[{"count":0,"href":"https:\/\/www.infokuryr.cz\/n\/wp-json\/wp\/v2\/posts\/17998\/revisions"}],"wp:featuredmedia":[{"embeddable":true,"href":"https:\/\/www.infokuryr.cz\/n\/wp-json\/wp\/v2\/media\/8823"}],"wp:attachment":[{"href":"https:\/\/www.infokuryr.cz\/n\/wp-json\/wp\/v2\/media?parent=17998"}],"wp:term":[{"taxonomy":"category","embeddable":true,"href":"https:\/\/www.infokuryr.cz\/n\/wp-json\/wp\/v2\/categories?post=17998"},{"taxonomy":"post_tag","embeddable":true,"href":"https:\/\/www.infokuryr.cz\/n\/wp-json\/wp\/v2\/tags?post=17998"}],"curies":[{"name":"wp","href":"https:\/\/api.w.org\/{rel}","templated":true}]}}