{"id":17956,"date":"2022-11-08T05:21:15","date_gmt":"2022-11-08T04:21:15","guid":{"rendered":"http:\/\/www.infokuryr.cz\/n\/?p=17956"},"modified":"2022-11-08T05:21:15","modified_gmt":"2022-11-08T04:21:15","slug":"lukasenko-oznacil-evropske-politiky-za-maniaky","status":"publish","type":"post","link":"https:\/\/www.infokuryr.cz\/n\/2022\/11\/08\/lukasenko-oznacil-evropske-politiky-za-maniaky\/","title":{"rendered":"Luka\u0161enko ozna\u010dil evropsk\u00e9 politiky za \u201emaniaky\u201c"},"content":{"rendered":"<div id=\"fb-root\"><\/div>\n<p><span style=\"font-size: 18pt;\"><strong>B\u011blorusk\u00fd prezident Luka\u0161enko se vyj\u00e1d\u0159il k Ukrajin\u011b a politice EU v\u016f\u010di Rusku a ozna\u010dil odpov\u011bdn\u00e9 evropsk\u00e9 politiky za \u201emaniaky\u201c<\/strong><\/span><\/p>\n<p><span>B\u011blorusk\u00fd prezident Luka\u0161enko se vyj\u00e1d\u0159il k situaci v Evrop\u011b a varoval p\u0159ed dal\u0161\u00ed eskalac\u00ed konfliktu.\u00a0<\/span><span>Nazval \u201emaniaky\u201c evropsk\u00e9 politiky, kte\u0159\u00ed ob\u011btuj\u00ed Evropu z\u00e1jm\u016fm USA a dokonce podporuj\u00ed eskalaci vojensk\u00e9ho konfliktu.<\/span><\/p>\n<h3><span style=\"font-size: 18pt;\">Luka\u0161enko: Evropa nechce v\u00e1lku, ale vl\u00e1dy se nedok\u00e1\u017e\u00ed vyrovnat se situac\u00ed v jejich regionu<\/span><\/h3>\n<p><span>B\u011blorusk\u00fd prezident Alexandr Luka\u0161enko v\u011b\u0159\u00ed, \u017ee ob\u010dan\u00e9 evropsk\u00fdch zem\u00ed cht\u011bj\u00ed \u017e\u00edt v m\u00edru, ale jejich vl\u00e1dy nejsou schopny \u201euhasit ohe\u0148 doma\u201c.<\/span><\/p>\n<p><span>\u201eN\u011bmecko, cel\u00e1 Evropa \u2013 tam u\u017e \u017e\u00e1dn\u00ed st\u00e1tn\u00edci nejsou.\u00a0Kdyby byli\u2026 Nedok\u00e1\u017eou uhasit ani ohe\u0148 ve sv\u00e9m vlastn\u00edm dom\u011b,\u201c \u0159ekl podle agentury BelTA b\u011bhem slavnostn\u00edho p\u0159ed\u00e1v\u00e1n\u00ed cen v\u00edt\u011bz\u016fm \u0161ampion\u00e1tu ve \u0161t\u00edp\u00e1n\u00ed d\u0159eva mezi pracovn\u00edky m\u00e9di\u00ed u vodn\u00ed n\u00e1dr\u017ee Vja\u010da. 20 kilometr\u016f od Minsku.<\/span><\/p>\n<p><span>\u201eEvropan\u00e9 tuto v\u00e1lku necht\u011bj\u00ed.\u00a0V\u00edte, \u017ee dnes byla zap\u00e1lena Ukrajina a tady v B\u011blorusku z\u00edtra ho\u0159\u00ed, sho\u0159\u00ed cel\u00e1 Evropa,\u201c dodal prezident.\u00a0Domn\u00edv\u00e1 se, \u017ee Evropan\u00e9 mus\u00ed ukon\u010dit konfrontaci zp\u016fsobenou p\u0159edev\u0161\u00edm konfliktem na Ukrajin\u011b.<\/span><\/p>\n<p><span>Luka\u0161enko tak\u00e9 ozna\u010dil evropsk\u00e9 v\u016fdce za \u0161\u00edlence v jejich neschopnosti odm\u00edtnout Washington, co\u017e zvy\u0161uje nap\u011bt\u00ed v regionu.\u00a0\u201eJsou to st\u00e1tn\u00edci, kte\u0159\u00ed dovolili Ameri\u010dan\u016fm p\u0159iv\u00e9zt do Evropy dal\u0161\u00ed jadern\u00e9 zbran\u011b?\u00a0To jsou maniaci,\u201c \u0159ekl prezident.<\/span><\/p>\n<p><span>Luka\u0161enko pouk\u00e1zal na roli USA v sou\u010dasn\u00e9 situaci.\u00a0\u201eJedin\u00e9, \u010deho se Ameri\u010dan\u00e9 boj\u00ed, jsou jadern\u00e9 zbran\u011b, proto\u017ee k nim mohou l\u00e9tat.\u00a0Pokud nebudou pou\u017eity jadern\u00e9 zbran\u011b, budou bojovat konven\u010dn\u00edmi zbran\u011bmi.\u00a0Kde?\u00a0Budete bojovat s n\u00e1mi.\u00a0Budeme v tomto kotli.\u00a0Ukrajina u\u017e ho\u0159\u00ed,\u201c \u0159ekl prezident.<\/span><\/p>\n<p><span>Ud\u00e1losti na Ukrajin\u011b ozna\u010dil za katastrofu a dodal: &#8222;Neexistuje \u017e\u00e1dn\u00e1 jin\u00e1 zem\u011b jako Ukrajina, kde se v sov\u011btsk\u00fdch dob\u00e1ch tolik investovalo.&#8220;<\/span><\/p>\n<p><img decoding=\"async\" loading=\"lazy\" class=\"alignnone size-full wp-image-1185\" src=\"http:\/\/www.infokuryr.cz\/n\/wp-content\/uploads\/2021\/04\/kuryr-podpis.png\" alt=\"\" width=\"84\" height=\"24\" \/><\/p>\n<p>&nbsp;<\/p>\n","protected":false},"excerpt":{"rendered":"<p>B\u011blorusk\u00fd prezident Luka\u0161enko se vyj\u00e1d\u0159il k Ukrajin\u011b a politice EU v\u016f\u010di Rusku a ozna\u010dil odpov\u011bdn\u00e9&#8230;<\/p>\n","protected":false},"author":2,"featured_media":1086,"comment_status":"closed","ping_status":"closed","sticky":false,"template":"","format":"standard","meta":[],"categories":[7],"tags":[283,149,3759,2452,365],"_links":{"self":[{"href":"https:\/\/www.infokuryr.cz\/n\/wp-json\/wp\/v2\/posts\/17956"}],"collection":[{"href":"https:\/\/www.infokuryr.cz\/n\/wp-json\/wp\/v2\/posts"}],"about":[{"href":"https:\/\/www.infokuryr.cz\/n\/wp-json\/wp\/v2\/types\/post"}],"author":[{"embeddable":true,"href":"https:\/\/www.infokuryr.cz\/n\/wp-json\/wp\/v2\/users\/2"}],"replies":[{"embeddable":true,"href":"https:\/\/www.infokuryr.cz\/n\/wp-json\/wp\/v2\/comments?post=17956"}],"version-history":[{"count":0,"href":"https:\/\/www.infokuryr.cz\/n\/wp-json\/wp\/v2\/posts\/17956\/revisions"}],"wp:featuredmedia":[{"embeddable":true,"href":"https:\/\/www.infokuryr.cz\/n\/wp-json\/wp\/v2\/media\/1086"}],"wp:attachment":[{"href":"https:\/\/www.infokuryr.cz\/n\/wp-json\/wp\/v2\/media?parent=17956"}],"wp:term":[{"taxonomy":"category","embeddable":true,"href":"https:\/\/www.infokuryr.cz\/n\/wp-json\/wp\/v2\/categories?post=17956"},{"taxonomy":"post_tag","embeddable":true,"href":"https:\/\/www.infokuryr.cz\/n\/wp-json\/wp\/v2\/tags?post=17956"}],"curies":[{"name":"wp","href":"https:\/\/api.w.org\/{rel}","templated":true}]}}