{"id":17952,"date":"2022-11-08T05:14:26","date_gmt":"2022-11-08T04:14:26","guid":{"rendered":"http:\/\/www.infokuryr.cz\/n\/?p=17952"},"modified":"2022-11-08T05:14:26","modified_gmt":"2022-11-08T04:14:26","slug":"nedelnik-adama-b-bartose-109-vykastrovany-kozel-resi-kravske-prdy","status":"publish","type":"post","link":"https:\/\/www.infokuryr.cz\/n\/2022\/11\/08\/nedelnik-adama-b-bartose-109-vykastrovany-kozel-resi-kravske-prdy\/","title":{"rendered":"NED\u011aLN\u00cdK ADAMA B. BARTO\u0160E (109) VYKASTROVAN\u00dd KOZEL \u0158E\u0160\u00cd KRAVSK\u00c9 PRDY"},"content":{"rendered":"<div id=\"fb-root\"><\/div>\n<p>Tak se n\u00e1m po\u010das\u00ed u\u017e asi definitivn\u011b zvrtlo v podzimn\u00ed. Brrr. Za\u010dali jsme topit. A stonat. Nejd\u0159\u00edv n\u011bco lezlo na man\u017eelku, pak to p\u0159elezlo i na mne. Sobotu jsem prole\u017eel, ale alespo\u0148 jsem mohl kone\u010dn\u011b v\u00edc \u010d\u00edst knihy, co se mi tu \u0161tosuj\u00ed. Do\u010detl jsem\u00a0<em>Britsk\u00e9 elity<\/em>\u00a0od Michaila De\u013eagin (nakladatelstv\u00ed Torden), roze\u010dten\u00fd v\u00fdborn\u00fd\u00a0<em>N\u011bmeck\u00fd rok 1968<\/em>\u00a0od Ale\u0161e Valenty (vydal Institut V\u00e1clava Klause), za\u010dal \u010d\u00edst\u00a0<em>Dokonal\u00fd policejn\u00ed st\u00e1t<\/em>\u00a0o \u010d\u00ednsk\u00e9m digit\u00e1ln\u00edm \u0161m\u00edrovac\u00edm syst\u00e9mu (nakl. Universum), Drul\u00e1k\u016fv sborn\u00edk o svrchovanosti (<em>Svrchovanost zprava i zleva<\/em>) (vydal Daniel Podradsk\u00fd) a pak \u017eivotopis Rudolfa Sl\u00e1nsk\u00e9ho od Jana Chadimy (Vy\u0161ehrad).<span id=\"more-13288\"><\/span><\/p>\n<p>Od p\u0159\u00e1tel jsem v t\u00fddnu tak\u00e9 dostal t\u0159i nov\u00e9 kn\u00ed\u017ee\u010dky: v\u00fdb\u011br b\u00e1sn\u00ed od Stefana George (<em>Poesie<\/em>), Jean Haudry \u2013\u00a0<em>Indoevropsk\u00e1 tradice<\/em>\u00a0a titul\u00a0<em>O rasismu<\/em>\u00a0od Alaina de Benoist (kter\u00fd\u017eto francouzsk\u00fd autor mimochodem doplnil v\u00fd\u0161e zm\u00edn\u011bn\u00fd Drul\u00e1k\u016fv sborn\u00edk sest\u00e1vaj\u00edc\u00ed jinak z p\u0159\u00edsp\u011bvk\u016f \u010desk\u00fdch a slovensk\u00fdch autor\u016f) \u2013 v\u0161e to vy\u0161lo v r\u016fzn\u00fdch edic\u00edch\u00a0<em>D\u00e9lsk\u00e9ho pot\u00e1p\u011b\u010de<\/em>, posledn\u011b jmenovan\u00e9 d\u00edlko pak vydala\u00a0<em>Generace Identity<\/em>.<\/p>\n<p>A kdy\u017e jsme u t\u011bch kni\u017en\u00edch novinek, pak jsem se tu u\u017e zmi\u0148oval o knize Ale\u0161e P\u0159ichystala\u00a0<em>P\u0159e\u017e\u00edt nebo zem\u0159\u00edt II.<\/em>, kter\u00e1 je u\u017e kone\u010dn\u011b v prodeji (kdy\u017e jsem o ni psal minule, m\u011bl jsem ji p\u0159e\u010dtenou d\u00edky tomu, \u017ee mi ji poskytl autor v rukopise, ale te\u010f u\u017e je na pultech knih). Ale o knih\u00e1ch, jakkoli se jejich \u010dten\u00ed jev\u00ed v tento podzimn\u00ed \u010das jako velmi p\u0159\u00edhodn\u00e9, jsem ps\u00e1t necht\u011bl.<\/p>\n<p>A necht\u011bl jsem ps\u00e1t ani o H\u0148upovi, ale ono to tak n\u011bjak nejde, kdy\u017e se po\u0159\u00e1d dozv\u00edd\u00e1te, co vyv\u00e1d\u00ed za blbosti. A to jsem si dal v r\u00e1mci zachov\u00e1n\u00ed du\u0161evn\u00edho hygieny p\u016fst od zpravodajsk\u00fdch server\u016f. Jenom\u017ee na mne vyskakuj\u00ed statusy Pavla Opla na soci\u00e1ln\u00edch s\u00edt\u00edch a tam se zpravidla dozv\u00edm, co zase H\u0148up provedl \u010di co hloup\u00e9ho kde \u0159ekl. A tak jsem se v pr\u016fb\u011bhu v\u00edkendu dozv\u011bd\u011bl hned n\u011bkolik v\u011bc\u00ed, kter\u00e9 mne tuze nam\u00edchly, nadzdvihly ze \u017eidle, nebo sp\u00ed\u0161e \u2013 z postele, kde jsem se kur\u00fdroval\u2026<\/p>\n<p>Tak p\u0159edn\u011b \u2013 minule jsem sice psal, \u017ee \u010desk\u00e1 vl\u00e1da rokovala v Kyjev\u011b a trochu jsem se tomu posm\u00edval, i kdy\u017e je jasn\u00e9, \u017ee na tom nen\u00ed nic k sm\u00edchu, proto\u017ee kdy\u017e tam jedou, ur\u010dit\u011b tam n\u011bco vyjedn\u00e1vaj\u00ed i mezi \u010dty\u0159ma o\u010dima a n\u00e1m \u2013 ve\u0159ejnosti \u2013 to zcela ur\u010dit\u011b ne\u0159\u00edkaj\u00ed, u\u017e jen proto, \u017ee by se n\u00e1m to zcela ur\u010dit\u011b nel\u00edbilo (n\u011bco podobn\u00e9ho jsou i pravideln\u00e1 v\u00fdjezdn\u00ed jedn\u00e1n\u00ed s izraelskou vl\u00e1dou, kter\u00e9 jsem jako novin\u00e1\u0159 sledoval a kritizoval p\u0159ed lety). Kdy\u017e jsem ten minul\u00fd ned\u011bln\u00edk psal, tak jsem ale nev\u011bd\u011bl, \u017ee zat\u00edmco si H\u0148up p\u0159eb\u00edral od Zelen\u00e1\u010de jak\u00e9si vyznamen\u00e1n\u00ed, v t\u00e9m\u011b\u0159 ten stejn\u00fd \u010das ukon\u010dil sv\u016fj \u017eivot v\u00fdst\u0159elem z pistole p\u0159es s\u00eddlem vl\u00e1dy k zoufalstv\u00ed dohnan\u00fd senior, kter\u00fd u\u017e nev\u011bd\u011bl, z \u010deho zaplatit slo\u017eenky za energii.<\/p>\n<p>Jist\u011b nen\u00ed s\u00e1m, kdo se rozhodl bezv\u00fdchodnou situaci \u0159e\u0161it pr\u00e1v\u011b t\u00edmto politov\u00e1n\u00edhodn\u00fdm zp\u016fsobem, ostatn\u011b, lid\u00e9 si brali \u017eivot i v dob\u011b Babi\u0161ovy vl\u00e1dy, kter\u00e1 na n\u00e1s uplat\u0148ovala sv\u016fj covidov\u00fd teror \u2013 tehdy se \u0161el ne\u0161\u0165astn\u00fd mu\u017e zast\u0159elit pro zm\u011bnu p\u0159ed ministerstvo zdravotnictv\u00ed. Ale leto\u0161n\u00ed manifesta\u010dn\u00ed smrt p\u0159ed s\u00eddlem vl\u00e1dy je n\u011b\u010d\u00edm, co si sou\u010dasn\u00e1 vl\u00e1da rozhodn\u011b nem\u016f\u017ee p\u0159\u00e1t. Na\u0161t\u011bst\u00ed pro ni dlela zrovna v tu dobu \u2013 jak u\u017e bylo \u0159e\u010deno \u2013 v Kyjev\u011b, tak\u017ee se H\u0148up vyhnul komentov\u00e1n\u00ed t\u00e9to smutn\u00e9 ud\u00e1losti, ale je tak\u00e9 pravda, \u017ee se k n\u00ed u\u017e ani po sv\u00e9m n\u00e1vratu nevr\u00e1til a nikdo z m\u00e9di\u00ed se ho na to ani rad\u011bji neptal. Jakoby se ta ud\u00e1lost nestala. Co by k tomu tak\u00e9 mohl \u0159\u00edci, \u017ee? \u017de nem\u00e1 sign\u00e1ly, \u017ee by na tom lidi byli \u0161patn\u011b, proto\u017ee vl\u00e1da p\u0159ece \u0159ekla, \u017ee \u201enikoho nenech\u00e1 padnout\u201c? A \u017ee je tu p\u0159ece onen slavn\u00fd \u201ede\u0161tn\u00edk proti drahot\u011b\u201c? Nebo by \u0159ekl sv\u00e9 oblig\u00e1tn\u00ed \u2013 za to m\u016f\u017ee Putin, to Putin dohnal svoji energetickou v\u00e1lkou proti \u010cesk\u00e9 republice \u010desk\u00e9ho d\u016fchodce k zoufal\u00e9mu \u010dinu?<\/p>\n<p>Nedosti na tom, m\u00edsto, kde se za\u010dali lid\u00e9 spont\u00e1nn\u011b sch\u00e1zet, aby k uct\u011bn\u00ed pam\u00e1tky zesnul\u00e9ho mu\u017ee zap\u00e1lili sv\u00ed\u010dky, brzy ob\u0161ancovala policie a sv\u00ed\u010dky odstranila, aby se n\u00e1hodou nestalo, \u017ee se pietn\u00ed m\u00edsto zm\u011bn\u00ed v ohnisko vzdoru proti vl\u00e1d\u011b. Je to v\u016f\u010di ne\u0161\u0165astn\u00edkovi neuctiv\u00e9, stejn\u011b jako v\u016f\u010di t\u011bm, kte\u0159\u00ed s n\u00edm souc\u00edt\u00ed a sv\u00ed\u010dky a kv\u011btiny tam p\u0159inesli. Ch\u00e1pu, \u017ee se H\u0148up ob\u00e1v\u00e1 toho, kdyby tato v\u011bc za\u010dala \u017e\u00edt sv\u00fdm \u017eivotem, ale na to m\u011bl myslet d\u0159\u00edve, ne\u017e se rozhodl k tomu, \u017ee poh\u00e1dkov\u00e9 zisky v\u00e1le\u010dn\u00fdch spekulant\u016f s energiemi nech\u00e1 zaplatit u\u017e beztak zchudl\u00e9 ob\u010dany na\u0161\u00ed zem\u011b. Kdyby m\u011bl koule, te\u010f by byl prostor pro jeho televizn\u00ed projev, ne p\u00e1r dn\u00ed p\u0159ed volbami. Jak n\u00e1m kdysi p\u0159i\u0161lo p\u0159ita\u017een\u00e9 za vlasy, kdy\u017e prezident Klaus pronesl projev, ve kter\u00e9m varoval p\u0159ed sebevra\u017edami mlad\u00fdch lid\u00ed pot\u00e9, co se ud\u00e1lo n\u011bkolik takov\u00fdch p\u0159\u00edpad\u016f po sob\u011b (v roce 2003), tak te\u010f by se takov\u00fd projev hodil n\u00e1ramn\u011b. A nejen projev, ale aktivn\u00ed pomoc vl\u00e1dy. Jenom\u017ee H\u0148up je vykastrovan\u00fd kozel a u n\u011bj koule nehledejme. P\u00e9\u0165a rad\u011bji ml\u010d\u00ed, d\u011bl\u00e1, \u017ee se nic nestalo, p\u0159eb\u00edr\u00e1 si ocen\u011bn\u00ed od ukrajinsk\u00e9ho sitcomov\u00e9ho herce a sv\u00ed\u010dky po mrtv\u00e9m d\u016fchodci d\u00e1 rad\u011bji bleskurychle odstranit, aby lidi n\u00e1hodou nenapadlo k nim p\u0159id\u00e1vat dal\u0161\u00ed. Holt \u2013 d\u016fchodce nen\u00ed mlad\u00fd homosexu\u00e1l zast\u0159elen\u00fd v bratislavsk\u00e9m gay klubu \u2013 tam sv\u00ed\u010dky nejen pat\u0159\u00ed, ale rovnou ob\u0159\u00ed manifestace a pietn\u00ed velk\u00e1 shrom\u00e1\u017ed\u011bn\u00ed (ve stylu<em>\u00a0je suis..<\/em>.); z toho je pot\u0159eba vyt\u0159\u00edskat politick\u00fd kapit\u00e1l. Ale d\u016fchodce, kter\u00e9ho zavra\u017edil revolver na konci jeho vlastn\u00ed pa\u017ee kv\u016fli vysok\u00fdm cen\u00e1m elekt\u0159iny? Pche. To se holt p\u0159ipom\u00ednat nehod\u00ed\u2026<\/p>\n<p>Ob\u010das n\u011bkdo v souvislosti s demonstracemi spekuluje o tom, \u017ee bez novodob\u00e9ho \u0160m\u00edda \/ Zif\u010d\u00e1ka se \u017e\u00e1dn\u00fd velk\u00fd spont\u00e1nn\u00ed p\u0159evrat neuskute\u010dn\u00ed. Bohu\u017eel \u2013 m\u00e1m obavy, \u017ee letos se nebudou muset na hran\u00ed mrtvol naj\u00edmat herci a agenti. Lid\u00e9 si za\u010d\u00ednaj\u00ed br\u00e1t sv\u016fj \u017eivot sami, dokonce p\u0159ed s\u00eddlem vl\u00e1dy. To je tak hroziv\u00e1 vizitka sou\u010dasn\u00e9ho kabinetu, \u017ee si snad hor\u0161\u00ed p\u0159edstavit neum\u00edm. A z\u00e1rove\u0148 n\u011bco, co m\u016f\u017ee spustit skute\u010dnou revoluci.<\/p>\n<p>P\u0159esto se z toho premi\u00e9r nepou\u010d\u00ed a st\u00e1le bude m\u00edsto skute\u010dn\u00fdch probl\u00e9m\u016f \u0159e\u0161it nesmysly a blbosti.\u00a0<a href=\"https:\/\/www.ceskenoviny.cz\/zpravy\/fiala-cr-pristoupi-k-zavazku-snizit-emise-metanu-nejmene-o-30-\/2281979\" target=\"_blank\" rel=\"noopener\"><em><strong>Nap\u0159\u00edklad metan<\/strong><\/em><\/a>. \u010cesk\u00e1 republika se pr\u00fd chce p\u0159ipojit k z\u00e1vazku sn\u00ed\u017eit emise metanu o 30 procent v p\u0159\u00ed\u0161t\u00edch t\u0159ech letech. V\u00edme dob\u0159e, o co jde. O slavn\u00e9 prd\u011bn\u00ed dobytka, kter\u00e9 pr\u00fd \u2013 vedle CO2 \u2013 rovn\u011b\u017e p\u0159isp\u00edv\u00e1 k oteplov\u00e1n\u00ed planety. A zase se dozv\u00edme jednu dv\u011b proklamativn\u00ed v\u011bty, kter\u00e9 jsou jen politickou fr\u00e1z\u00ed, ale nikdo n\u00e1m u\u017e rad\u011bji nechce \u0159\u00edci, co tato hovadina ve skute\u010dnosti znamen\u00e1, a \u017ee to nen\u00ed jen n\u011bjak\u00e1 blbost, ale dal\u0161\u00ed zlo\u010din na na\u0161\u00ed zemi. Zlo\u010din proti lidu.<\/p>\n<p>Zavazujeme se snad t\u00edmto k tomu, \u017ee v p\u0159\u00ed\u0161t\u00edch t\u0159ech letech vybijeme stav skotu o t\u0159icet procent? V Holandsku p\u0159ece n\u011bco takov\u00e9ho u\u017e n\u011bkolik m\u011bs\u00edc\u016f \u0159e\u0161\u00ed, u\u017e to tam (proti v\u016fli lidu) schv\u00e1lili, tamn\u00ed zem\u011bd\u011blci proti tomu protestuj\u00ed a policie je ml\u00e1t\u00ed. Najd\u011bte si \u010dl\u00e1nky, kter\u00e9 o protestech farm\u00e1\u0159\u016f v Holandsku\u00a0<a href=\"https:\/\/www.irozhlas.cz\/zpravy-svet\/nizozemi-zemedelci-emise_2207071500_mst\" target=\"_blank\" rel=\"noopener\"><em><strong>pojedn\u00e1vaj\u00ed<\/strong><\/em><\/a>. Tamn\u00ed vl\u00e1dn\u00ed na\u0159\u00edzen\u00ed hovo\u0159\u00ed p\u0159esn\u011b o tom \u2013 je pot\u0159eba o t\u0159icet procent sn\u00ed\u017eit pod\u00edl dobytka. Nen\u00ed to to sam\u00e9?<\/p>\n<p>U\u017e v\u00edte, pro\u010d mne to nadzdvihlo ze \u017eidle, tedy z postele? Nejde o to, \u017ee se Fialovi p\u0159ed s\u00eddlem vl\u00e1dy vra\u017ed\u00ed ne\u0161\u0165astn\u00ed d\u016fchodci a on \u2013 m\u00edsto aby jednal, nebo je\u0161t\u011b l\u00e9pe abdikoval \u2013 \u0159e\u0161\u00ed rad\u011bji kravsk\u00e9 prdy. Ona je nav\u00edc za t\u011bmi prdy je\u0161t\u011b n\u011bjak\u00e1 hlub\u0161\u00ed agenda, kter\u00e1 souvis\u00ed s dal\u0161\u00edm sni\u017eov\u00e1n\u00edm sob\u011bsta\u010dnosti zem\u011b, s dal\u0161\u00edm z\u00e1m\u011brn\u00fdm a c\u00edlen\u00fdm chudnut\u00edm obyvatelstva, s dal\u0161\u00edmi \u0161\u00edlen\u00fdmi vizemi \u0161\u00edlen\u00e9ho Klause Schwaba. Pod z\u00e1minkou metanu vybijeme na\u0161e kr\u00e1vy, abychom v budoucnu mohli \u017er\u00e1t \u010dervy a cvr\u010dky, aby tak bylo mo\u017eno realizovat Velk\u00fd reset a nepodm\u00edn\u011bn\u00fd p\u0159\u00edjem\u2026<\/p>\n<p>H\u0148upova vl\u00e1da jede p\u0159esn\u011b podle not. Mrtv\u00ed ob\u010dan\u00e9 j\u00ed jsou u prdele. Mak\u00e1 pro z\u00e1padn\u00ed p\u00e1n\u00ed\u010dky a internacion\u00e1ln\u00ed mafi\u00e1ny pod p\u0159\u00edslibem jak\u00fdchsi osobn\u00edch v\u00fdhod. Nen\u00ed to na\u0161e vl\u00e1da. Je to proti\u010desk\u00e1 vl\u00e1da, ale i protimoravsk\u00e1 (by\u0165 je H\u0148up z Brna) a protislezsk\u00e1. A ve sv\u00e9m ta\u017een\u00ed proti lidu se nezastav\u00ed.<\/p>\n<p>Pokud ji v\u010das nezastav\u00edme my\u2026<\/p>\n<p><em>Adam B. Barto\u0161<\/em><br \/>\n<em>p\u0159edseda N\u00e1rodn\u00ed demokracie<\/em><\/p>\n<div class=\"wp-video\"><img decoding=\"async\" loading=\"lazy\" class=\"alignnone size-full wp-image-678\" src=\"http:\/\/www.infokuryr.cz\/n\/wp-content\/uploads\/2021\/04\/narodni_demokracie_logo.jpg\" alt=\"\" width=\"300\" height=\"85\" \/><\/div>\n<div><\/div>\n","protected":false},"excerpt":{"rendered":"<p>Tak se n\u00e1m po\u010das\u00ed u\u017e asi definitivn\u011b zvrtlo v podzimn\u00ed. Brrr. Za\u010dali jsme topit. A&#8230;<\/p>\n","protected":false},"author":2,"featured_media":17953,"comment_status":"closed","ping_status":"closed","sticky":false,"template":"","format":"standard","meta":[],"categories":[6],"tags":[367,76,29,85,122],"_links":{"self":[{"href":"https:\/\/www.infokuryr.cz\/n\/wp-json\/wp\/v2\/posts\/17952"}],"collection":[{"href":"https:\/\/www.infokuryr.cz\/n\/wp-json\/wp\/v2\/posts"}],"about":[{"href":"https:\/\/www.infokuryr.cz\/n\/wp-json\/wp\/v2\/types\/post"}],"author":[{"embeddable":true,"href":"https:\/\/www.infokuryr.cz\/n\/wp-json\/wp\/v2\/users\/2"}],"replies":[{"embeddable":true,"href":"https:\/\/www.infokuryr.cz\/n\/wp-json\/wp\/v2\/comments?post=17952"}],"version-history":[{"count":0,"href":"https:\/\/www.infokuryr.cz\/n\/wp-json\/wp\/v2\/posts\/17952\/revisions"}],"wp:featuredmedia":[{"embeddable":true,"href":"https:\/\/www.infokuryr.cz\/n\/wp-json\/wp\/v2\/media\/17953"}],"wp:attachment":[{"href":"https:\/\/www.infokuryr.cz\/n\/wp-json\/wp\/v2\/media?parent=17952"}],"wp:term":[{"taxonomy":"category","embeddable":true,"href":"https:\/\/www.infokuryr.cz\/n\/wp-json\/wp\/v2\/categories?post=17952"},{"taxonomy":"post_tag","embeddable":true,"href":"https:\/\/www.infokuryr.cz\/n\/wp-json\/wp\/v2\/tags?post=17952"}],"curies":[{"name":"wp","href":"https:\/\/api.w.org\/{rel}","templated":true}]}}