{"id":17943,"date":"2022-11-08T04:31:31","date_gmt":"2022-11-08T03:31:31","guid":{"rendered":"http:\/\/www.infokuryr.cz\/n\/?p=17943"},"modified":"2022-11-08T04:31:31","modified_gmt":"2022-11-08T03:31:31","slug":"madarsky-premier-v-orban-o-uprchliky-mame-zajem-ale-jen-o-ty-bile-ze-zapadni-evropy","status":"publish","type":"post","link":"https:\/\/www.infokuryr.cz\/n\/2022\/11\/08\/madarsky-premier-v-orban-o-uprchliky-mame-zajem-ale-jen-o-ty-bile-ze-zapadni-evropy\/","title":{"rendered":"Ma\u010farsk\u00fd premi\u00e9r V. Orb\u00e1n, \u201c o uprchl\u00edky m\u00e1me z\u00e1jem, ale jen o ty b\u00edl\u00e9 ze z\u00e1padn\u00ed Evropy"},"content":{"rendered":"<div id=\"fb-root\"><\/div>\n<p><strong>Ma\u010farsk\u00fd premi\u00e9r V. Orb\u00e1n\u00a0<a href=\"https:\/\/jungefreiheit.de\/debatte\/interview\/2022\/ungarn-liebt-freiheit\/\">poskytl rozs\u00e1hl\u00fd rozhovor webu<\/a>\u00a0Junge Freiheit<\/strong>\u00a0(Mlad\u00e1 svoboda), kter\u00fd je bl\u00edzk\u00fd n\u011bmeck\u00e9 opozi\u010dn\u00ed stran\u011b AfD.\u00a0<strong>Na dotaz redaktora, zda m\u00e1 Ma\u010farsko z\u00e1jem o uprchl\u00edky, nebo je bude nad\u00e1le odm\u00edtat, odpov\u011bd\u011bl. \u201eM\u00e1me z\u00e1jem o uprchl\u00edky, ale jen o ty b\u00edl\u00e9 ze z\u00e1padn\u00ed Evropy\u201c!<\/strong>\u00a0Podle Orb\u00e1na se mnoho b\u00edl\u00fdch Evropan\u016f v posledn\u00edch letech st\u011bhuje do Ma\u010farska,\u00a0<strong>proto\u017ee cht\u011bj\u00ed \u017e\u00edt v norm\u00e1ln\u00ed zemi, kter\u00e1 se hl\u00e1s\u00ed k k\u0159es\u0165ansk\u00fdm hodnot\u00e1m. Jsou pr\u00fd v\u00edt\u00e1ni a v zemi s nimi nejsou probl\u00e9my.<\/strong><\/p>\n<p>Orb\u00e1n v rozhovoru odm\u00edtl z\u00e1padn\u00ed koncept \u201emulti kulti\u201c, kter\u00e9mu se pr\u00fd Ma\u010fa\u0159i budou ze v\u0161ech sil br\u00e1nit.<\/p>\n<p><strong>Orb\u00e1n je v ot\u00e1zce imigrace v ostr\u00e9m konfliktu se z\u00e1padn\u00edmi politiky a jejich vazaly (t\u0159eba \u010desk\u00e9 a slovensk\u00e9 politick\u00e9 \u201eelity\u201c), kte\u0159\u00ed prosazuj\u00ed nahrazen\u00ed vlastn\u00edho obyvatelstva dovezen\u00fdmi barevn\u00fdmi imigranty.<\/strong>\u00a0Podle pl\u00e1nu glob\u00e1ln\u00ed finan\u010dn\u00ed oligarchie.<\/p>\n<p><strong>\u010ce\u0161i dnes mohou Ma\u010far\u016f jen z\u00e1vid\u011bt jejich premi\u00e9ra Orb\u00e1na a Ukrajinc\u016fm premi\u00e9ra Petra Fialu.<\/strong><\/p>\n<p><img decoding=\"async\" loading=\"lazy\" class=\"alignnone size-full wp-image-1185\" src=\"http:\/\/www.infokuryr.cz\/n\/wp-content\/uploads\/2021\/04\/kuryr-podpis.png\" alt=\"\" width=\"84\" height=\"24\" \/><\/p>\n<p>&nbsp;<\/p>\n","protected":false},"excerpt":{"rendered":"<p>Ma\u010farsk\u00fd premi\u00e9r V. Orb\u00e1n\u00a0poskytl rozs\u00e1hl\u00fd rozhovor webu\u00a0Junge Freiheit\u00a0(Mlad\u00e1 svoboda), kter\u00fd je bl\u00edzk\u00fd n\u011bmeck\u00e9 opozi\u010dn\u00ed stran\u011b&#8230;<\/p>\n","protected":false},"author":2,"featured_media":2488,"comment_status":"closed","ping_status":"closed","sticky":false,"template":"","format":"standard","meta":[],"categories":[7],"tags":[283,78,439,148],"_links":{"self":[{"href":"https:\/\/www.infokuryr.cz\/n\/wp-json\/wp\/v2\/posts\/17943"}],"collection":[{"href":"https:\/\/www.infokuryr.cz\/n\/wp-json\/wp\/v2\/posts"}],"about":[{"href":"https:\/\/www.infokuryr.cz\/n\/wp-json\/wp\/v2\/types\/post"}],"author":[{"embeddable":true,"href":"https:\/\/www.infokuryr.cz\/n\/wp-json\/wp\/v2\/users\/2"}],"replies":[{"embeddable":true,"href":"https:\/\/www.infokuryr.cz\/n\/wp-json\/wp\/v2\/comments?post=17943"}],"version-history":[{"count":0,"href":"https:\/\/www.infokuryr.cz\/n\/wp-json\/wp\/v2\/posts\/17943\/revisions"}],"wp:featuredmedia":[{"embeddable":true,"href":"https:\/\/www.infokuryr.cz\/n\/wp-json\/wp\/v2\/media\/2488"}],"wp:attachment":[{"href":"https:\/\/www.infokuryr.cz\/n\/wp-json\/wp\/v2\/media?parent=17943"}],"wp:term":[{"taxonomy":"category","embeddable":true,"href":"https:\/\/www.infokuryr.cz\/n\/wp-json\/wp\/v2\/categories?post=17943"},{"taxonomy":"post_tag","embeddable":true,"href":"https:\/\/www.infokuryr.cz\/n\/wp-json\/wp\/v2\/tags?post=17943"}],"curies":[{"name":"wp","href":"https:\/\/api.w.org\/{rel}","templated":true}]}}