{"id":17941,"date":"2022-11-08T04:28:56","date_gmt":"2022-11-08T03:28:56","guid":{"rendered":"http:\/\/www.infokuryr.cz\/n\/?p=17941"},"modified":"2022-11-08T04:28:56","modified_gmt":"2022-11-08T03:28:56","slug":"evropska-unie-pod-ceskym-predsednictvim-navrhne-balicek-pomoci-ukrajine-ve-vysi-18-miliard-eur","status":"publish","type":"post","link":"https:\/\/www.infokuryr.cz\/n\/2022\/11\/08\/evropska-unie-pod-ceskym-predsednictvim-navrhne-balicek-pomoci-ukrajine-ve-vysi-18-miliard-eur\/","title":{"rendered":"Evropsk\u00e1 unie pod \u010desk\u00fdm p\u0159edsednictv\u00edm navrhne bal\u00ed\u010dek pomoci Ukrajin\u011b ve v\u00fd\u0161i 18 miliard EUR"},"content":{"rendered":"<div id=\"fb-root\"><\/div>\n<h4>Evropsk\u00e1 unie pod \u010desk\u00fdm p\u0159edsednictv\u00edm navrhne bal\u00ed\u010dek pomoci Ukrajin\u011b ve v\u00fd\u0161i 18 miliard EUR, za kter\u00fd m\u00e1 ru\u010dit v\u0161ech 27 zem\u00ed EU! Pen\u00edze poskytne ECB naproti evropsk\u00fdm dluhopis\u016fm ru\u010den\u00fdm evropsk\u00fdm rozpo\u010dtem, ale Ma\u010farsko hodl\u00e1 n\u00e1vrh zablokovat, proto\u017ee Ukrajina pr\u00fd ji\u017e dostala pen\u011bz v\u00edce ne\u017e dost a u\u017e to sta\u010dilo! Pr\u00e1v\u011b proto V\u00edt Raku\u0161an znovu nato\u010dil video a p\u0159esv\u011bd\u010duje lidi, \u017ee vy\u0161\u0161\u00ed ceny za energie jsou dan\u00ed za svobodu a za podporu Ukrajiny! Fialova vl\u00e1da p\u0159id\u00e1 Ukrajinc\u016fm 3 000 korun m\u011bs\u00ed\u010dn\u011b na pokryt\u00ed cen bydlen\u00ed v \u010cR, zat\u00edmco \u010desk\u00fdm lidem sn\u00ed\u017e\u00ed podporu v nezam\u011bstnanosti a d\u016fchody!<\/h4>\n<p>Zat\u00edmco evropsk\u00e9 dom\u00e1cnosti, \u017eivnosti a podniky se hrout\u00ed pod pr\u00e1v\u011b p\u0159ich\u00e1zej\u00edc\u00edmi nov\u00fdmi z\u00e1lohov\u00fdmi fakturami na elekt\u0159inu a plyn, tak\u00a0<strong>Evropsk\u00e1 unie v \u010dele s Evropskou radou pod veden\u00edm Petra Fialy pl\u00e1nuje tento t\u00fdden ve st\u0159edu p\u0159edlo\u017eit v EU n\u00e1vrh nov\u00e9 pomoci Ukrajin\u011b ve v\u00fd\u0161i 18 miliard EUR<\/strong>, za kter\u00e9 m\u00e1 Brusel ru\u010dit Evropsk\u00e9 centr\u00e1ln\u00ed bance sv\u00fdm vlastn\u00edm unijn\u00edm rozpo\u010dtem v podob\u011b tzv. garan\u010dn\u00edho fondu, co\u017e znamen\u00e1 zaru\u010den\u00ed t\u011bchto pen\u011bz jednotliv\u00fdmi vl\u00e1dami 27 zem\u00ed EU, kter\u00e9 tento \u00fav\u011br potom budou spl\u00e1cet z dan\u00ed, kter\u00e9 zv\u00fd\u0161\u00ed vlastn\u00edmu obyvatelstvu, a to hlavn\u011b t\u011bm nejv\u00edce zraniteln\u00fdm.<\/p>\n<figure id=\"attachment_53729\" class=\"wp-caption aligncenter\" style=\"width: 696px;\"><a href=\"https:\/\/aeronet.news\/wp-content\/uploads\/UrsulaFiala.jpg\"><img decoding=\"async\" loading=\"lazy\" class=\"wp-image-53729 \" src=\"https:\/\/aeronet.news\/wp-content\/uploads\/UrsulaFiala-1024x683.jpg\" sizes=\"(max-width: 700px) 100vw, 700px\" srcset=\"https:\/\/aeronet.news\/wp-content\/uploads\/UrsulaFiala-1024x683.jpg 1024w, https:\/\/aeronet.news\/wp-content\/uploads\/UrsulaFiala-300x200.jpg 300w, https:\/\/aeronet.news\/wp-content\/uploads\/UrsulaFiala-768x512.jpg 768w, https:\/\/aeronet.news\/wp-content\/uploads\/UrsulaFiala-700x467.jpg 700w, https:\/\/aeronet.news\/wp-content\/uploads\/UrsulaFiala-535x357.jpg 535w, https:\/\/aeronet.news\/wp-content\/uploads\/UrsulaFiala-724x483.jpg 724w, https:\/\/aeronet.news\/wp-content\/uploads\/UrsulaFiala.jpg 1280w\" alt=\"\" width=\"696\" height=\"464\" \/><\/a><figcaption class=\"wp-caption-text\">Ursula von der Leyen a Petr Fiala<\/figcaption><\/figure>\n<p>Ur\u010dit\u011b jste zaregistrovali\u00a0<strong>skand\u00e1ln\u00ed a protilidov\u00fd v\u00fdpad lidovce a ministra pr\u00e1ce a soci\u00e1ln\u00edch v\u011bc\u00ed Mariana Jure\u010dky, kter\u00fd ozn\u00e1mil [<a href=\"https:\/\/href.li\/?https:\/\/www.mesec.cz\/clanky\/podpora-v-nezamestnanosti-bude-zrejme-nizsi-najdete-si-praci-je-ji-dost-vybizi-ministr-jurecka\/\" target=\"_blank\" rel=\"nofollow noopener\">1<\/a>], \u017ee pl\u00e1nuje sn\u00ed\u017eit podporu v nezam\u011bstnanosti<\/strong>\u00a0lidem propu\u0161t\u011bn\u00fdm na dla\u017ebu pot\u00e9, co podniky a \u017eivnosti za\u010dnou propou\u0161t\u011bt lidi kv\u016fli vysok\u00fdm cen\u00e1m energi\u00ed. Pro \u010desk\u00e1 m\u00e9dia uvedl, \u017ee sn\u00ed\u017een\u00ed a rovn\u011b\u017e zkr\u00e1cen\u00ed podpory, na kterou si p\u0159itom lid\u00e9 v \u010cR plat\u00ed dop\u0159edu ze sv\u00fdch dan\u00ed a mezd, by nem\u011blo nikomu vadit, proto\u017ee pr\u00e1ce je pr\u00fd dost. Lidem, kte\u0159\u00ed p\u0159ijdou o pr\u00e1ci, doporu\u010dil, aby si na\u0161li rychle jinou, proto\u017ee pr\u00e1ce je pr\u00fd dost. Zkuste tohle \u0159\u00edct v obci, kde zav\u0159e nadn\u00e1rodn\u00ed montovna, kter\u00e1 zam\u011bstn\u00e1vala 5 000 lid\u00ed a obyvatele z p\u0159ilehl\u00fdch obc\u00ed \u0161iroko daleko.<\/p>\n<h6><span style=\"font-size: 18pt;\">Fialova vl\u00e1da sn\u00ed\u017e\u00ed a zkr\u00e1t\u00ed podporu \u010desk\u00fdm nezam\u011bstnan\u00fdm a v\u00edce jak 3 000 d\u016fchodc\u016f s pr\u016fm\u011brn\u00fdm v\u011bkem nad 90 let, kte\u0159\u00ed slou\u017eili lidu a vlasti p\u0159ed rokem 1989<\/span><\/h6>\n<p>Zat\u00edmco Fialova vl\u00e1da cupuje st\u00e1tn\u00ed rozpo\u010det a tuneluje pen\u00edze z rozpo\u010dtu ve prosp\u011bch ukrajinsk\u00e9 junty, kter\u00e1 pen\u00edze obratem p\u0159ev\u00e1d\u00ed na Bahamy (<em>viz. Zelensk\u00fd a Pandora Papers<\/em>), tak mezit\u00edm se hledaj\u00ed cesty, jak sn\u00ed\u017eit deficit. A na\u0161li skupinu lid\u00ed, kter\u00e1 se neum\u00ed br\u00e1nit. Nezam\u011bstnan\u00e9 a d\u016fchodce. Minim\u00e1ln\u011b ty d\u016fchodce, kte\u0159\u00ed slou\u017eili vlasti za minul\u00e9ho re\u017eimu a Jure\u010dka ve sn\u011bmovn\u011b prosadil proti\u00fastavn\u00ed diskrimina\u010dn\u00ed z\u00e1kon, kter\u00fd sni\u017euje d\u016fchody lidem na z\u00e1klad\u011b politick\u00e9ho kl\u00ed\u010de.<\/p>\n<p>Poda\u0159ilo se mu ve sn\u011bmovn\u011b prosadit sn\u00ed\u017een\u00ed d\u016fchod\u016f lidem, kte\u0159\u00ed p\u0159ed rokem 1989 p\u016fsobili ve vysok\u00fdch politick\u00fdch funkc\u00edch, \u010di v \u0159ad\u00e1ch StB, SNB, u Pohrani\u010dn\u00ed str\u00e1\u017ee nebo v Hlavn\u00edm \u0161t\u00e1bu Lidov\u00fdch milic\u00ed, a to navrhoval\u00a0<strong>p\u0159edseda KDU-\u010cSL Marian Jure\u010dka ji\u017e v minul\u00e9m volebn\u00edm obdob\u00ed. Nyn\u00ed se k n\u00e1vrhu vr\u00e1til a p\u0159edlo\u017eil v Poslaneck\u00e9 sn\u011bmovn\u011b upravenou verzi, kterou sn\u011bmovna schv\u00e1lila [<a href=\"https:\/\/href.li\/?https:\/\/www.novinky.cz\/clanek\/domaci-poslanci-odklepli-nizsi-duchody-pro-komunisticke-prominenty-a-drivejsi-penze-pro-zachranare-40413637\" target=\"_blank\" rel=\"nofollow noopener\">2<\/a>]<\/strong>. Za ka\u017ed\u00fd rok ve funkci maj\u00ed m\u00edt sn\u00ed\u017een\u00fd d\u016fchod o 300 K\u010d a t\u00fdk\u00e1 se to pr\u00fd asi 3 000 lid\u00ed s pr\u016fm\u011brn\u00fdm v\u011bkem nad 90 let.<\/p>\n<figure id=\"attachment_53733\" class=\"wp-caption aligncenter\" style=\"width: 688px;\"><a href=\"https:\/\/aeronet.news\/wp-content\/uploads\/MarianJurecka.jpg\"><img decoding=\"async\" loading=\"lazy\" class=\"wp-image-53733 \" src=\"https:\/\/aeronet.news\/wp-content\/uploads\/MarianJurecka-1024x576.jpg\" sizes=\"(max-width: 700px) 100vw, 700px\" srcset=\"https:\/\/aeronet.news\/wp-content\/uploads\/MarianJurecka-1024x576.jpg 1024w, https:\/\/aeronet.news\/wp-content\/uploads\/MarianJurecka-300x169.jpg 300w, https:\/\/aeronet.news\/wp-content\/uploads\/MarianJurecka-768x432.jpg 768w, https:\/\/aeronet.news\/wp-content\/uploads\/MarianJurecka-700x394.jpg 700w, https:\/\/aeronet.news\/wp-content\/uploads\/MarianJurecka-635x357.jpg 635w, https:\/\/aeronet.news\/wp-content\/uploads\/MarianJurecka-859x483.jpg 859w, https:\/\/aeronet.news\/wp-content\/uploads\/MarianJurecka.jpg 1280w\" alt=\"\" width=\"688\" height=\"387\" \/><\/a><figcaption class=\"wp-caption-text\">Marian Jure\u010dka, ministr pr\u00e1ce a soci\u00e1ln\u00edch v\u011bc\u00ed<\/figcaption><\/figure>\n<p>Z\u00e1kon je samoz\u0159ejm\u011b proti\u00fastavn\u00ed, proto\u017ee zav\u00e1d\u00ed sankce na b\u00e1zi v\u00fdkonu funkce pro st\u00e1t, p\u0159i\u010dem\u017e v roce 1990 byla zachov\u00e1na kontinuita pr\u00e1va, tak\u017ee Jure\u010dk\u016fv n\u00e1vrh je v rozporu s \u00dastavou a jedn\u00e1 se o diskriminaci na b\u00e1zi politick\u00e9ho kl\u00ed\u010de. Probl\u00e9m nen\u00ed ani tak v tom, komu ty d\u016fchody sni\u017euj\u00ed o cel\u00fdch 33 let pozd\u011bji.<\/p>\n<p>Ale sp\u00ed\u0161 v tom, \u017ee\u00a0<strong>Fialenkova vl\u00e1da, kter\u00e1 se chov\u00e1 jako junta, schvaluje ve sn\u011bmovn\u011b z\u00e1kony, kter\u00e9 jsou nam\u00ed\u0159eny proti vybran\u00fdm skupin\u00e1m obyvatel na b\u00e1zi ideologick\u00e9ho kl\u00ed\u010de<\/strong>. Chystaj\u00ed z\u00e1kon na blokov\u00e1n\u00ed web\u016f, kter\u00e9 p\u00ed\u0161\u00ed proti vl\u00e1d\u011b. Sni\u017euj\u00ed d\u016fchody komunist\u016fm. P\u0159\u00ed\u0161t\u011b sn\u00ed\u017e\u00ed d\u016fchody lidem, kte\u0159\u00ed se politicky anga\u017euj\u00ed v lidov\u00fdch hnut\u00edch proti vl\u00e1d\u011b. A proto\u017ee to nesta\u010d\u00ed, tak je\u0161t\u011b zadlu\u017e\u00ed st\u00e1t t\u00edm, \u017ee se Fialenkova vl\u00e1da zaru\u010d\u00ed za bal\u00edk 18 miliard EUR pro Ukrajinu.<\/p>\n<h6><span style=\"font-size: 18pt;\">Ma\u010farsko prohl\u00e1silo, \u017ee bal\u00edk 18 miliard EUR pro Ukrajinu zablokuje. Brusel pohrozil Budape\u0161ti odvetou a sankcemi<\/span><\/h6>\n<p>Jedin\u00e1 zem\u011b, kter\u00e1 ozn\u00e1mila, \u017ee\u00a0<strong>n\u00e1vrh v EU zablokuje [<a href=\"https:\/\/href.li\/?https:\/\/archive.ph\/y0Vx2\" target=\"_blank\" rel=\"nofollow noopener\">3<\/a>], je Ma\u010farsko. Ministr zahrani\u010d\u00ed P\u00e9ter Szijj\u00e1rt\u00f3 toti\u017e v pond\u011bl\u00ed pro m\u00e9dia uvedl, \u017ee Ukrajina ji\u017e dostala od EU dost pen\u011bz a u\u017e to pr\u00fd sta\u010dilo.<\/strong>\u00a0Tento v\u00fdrok zp\u016fsobil doslova ohe\u0148 na st\u0159e\u0161e v Bruselu a znovu se za\u010dalo mluvit o sankc\u00edch proti Ma\u010farsku za zm\u011bny z\u00e1kon\u016f v posledn\u00ed dob\u011b, kter\u00e9 omezuj\u00ed \u010dinnosti ma\u010farsk\u00fdch soud\u016f a rovn\u011b\u017e neziskov\u00fdch organizac\u00ed.<\/p>\n<p>Ma\u010farsko m\u00e1 do konce tohoto roku lh\u016ftu, aby z\u00e1kony zru\u0161ilo, jinak EU hroz\u00ed zastaven\u00edm dotac\u00ed pro Ma\u010farsko. Na hrozbu ji\u017e reagoval d\u0159\u00edve Viktor Orb\u00e1n, \u017ee takov\u00fd krok by vedl ke zv\u00e1\u017een\u00ed odchodu Ma\u010farska z EU v d\u016fvodu poru\u0161en\u00ed principu pravomoc\u00ed \u010dlensk\u00fdch zem\u00ed EU, kter\u00e9 maj\u00ed garantov\u00e1no, \u017ee EU se nebude vm\u011b\u0161ovat do n\u00e1rodn\u00edch \u00fastavn\u00edch z\u00e1kon\u016f, kter\u00e9 jsou nedotknuteln\u00e9.<\/p>\n<p>&nbsp;<\/p>\n<div id=\"rumble_v1ppsp6\">\n<div id=\"vid_v1ppsp6\" class=\"rumble_v1ppsp6-Rumble-cls\" tabindex=\"-1\">\n<div class=\"bigPlayUI ctp\">\n<div class=\"bigPlayUIInner ctp\"><div class='videoWrapper'>\r\n\t            <iframe src='https:\/\/rumble.com\/embed\/pj.v1ppsp6\/' frameborder='0' allowfullscreen><\/iframe>\r\n\t        <\/div><\/div>\n<\/div>\n<\/div>\n<\/div>\n<p>&nbsp;<\/p>\n<p>Ma\u010farsko nav\u00e1zalo zm\u011bny v soudn\u00edm a neziskov\u00e9m sektoru na \u00fapravy ma\u010farsk\u00e9 \u00dastavy, aby Brusel nem\u011bl p\u00e1ku na jejich zru\u0161en\u00ed. Ukazuje se ale, \u017ee Brusel se rozhodl, \u017ee pokud Budape\u0161\u0165 \u00fastavn\u00ed z\u00e1kony nezm\u011bn\u00ed, tak Brusel zastav\u00ed v\u00fdplaty dotac\u00ed z fond\u016f EU. \u010cesk\u00fd ministr vnitra v\u00ed, \u017ee situace mezi obyvatelstvem za\u010d\u00edn\u00e1 houstnout, a proto nato\u010dil nov\u00e9 video, kde mimochodem tvrd\u00ed, \u017ee ceny za energie budou vy\u0161\u0161\u00ed pro dom\u00e1cnosti, ale je to pr\u00fd da\u0148 za svobodu a za to, \u017ee \u010cR stoj\u00ed na spr\u00e1vn\u00e9 stran\u011b, tedy na stran\u011b ukronacistick\u00e9 junty v Kyjev\u011b. Je to stejn\u00e1 r\u00e9torika jako za Protektor\u00e1tu, kdy\u017e rozhlas hl\u00e1sil, \u017ee nedostatek m\u00e1sla a jeho nahrazov\u00e1n\u00ed margar\u00ednem je dan\u00ed za svobodu a za boj proti bol\u0161evismu, kter\u00fd se bl\u00ed\u017e\u00ed z V\u00fdchodu.<\/p>\n<h6><span style=\"font-size: 18pt;\">Ka\u017ed\u00fd Ukrajinec dostane od Fialenkovy vl\u00e1dy o 3 000 K\u010d m\u011bs\u00ed\u010dn\u011b v\u00edce na dorovn\u00e1n\u00ed cen bydlen\u00ed<\/span><\/h6>\n<p>Raku\u0161anova r\u00e9torika tak p\u0159ipom\u00edn\u00e1 v\u00fdroky K. H. Franka o tom, \u017ee\u2026\u00a0<strong><em>\u010desk\u00fd n\u00e1rod si vybral spr\u00e1vnou stranu, je to strana Velkon\u011bmeck\u00e9 \u0159\u00ed\u0161e, kter\u00e9 pat\u0159\u00ed budoucnost<\/em><\/strong>. Je to stejn\u00fd narativ, tenkr\u00e1t to byla n\u00e1hra\u017eka m\u00e1sla margar\u00ednem, dnes je n\u00e1hra\u017ekou energi\u00ed pro zm\u011bnu svetr. Jin\u00e1 n\u00e1hra\u017eka, jin\u00e1 doba, ale stejn\u00fd d\u016fvod. V\u00e1lka proti Rusku a ta\u017een\u00ed proti Rusku na Ukrajin\u011b. A proto\u017ee Petro Fialenko, tedy \u010desko-ukrajinsk\u00fd premi\u00e9r, opravdu miluje Ukrajince, tak si p\u0159edstavte, jak se \u010desk\u00fd rozpo\u010det pl\u00e1cne p\u0159es kapsu na h\u00fd\u010dk\u00e1ni uprchl\u00fdch Ukrajinc\u016f v \u010cR. Spo\u010d\u00edtali jsme to za v\u00e1s a m\u00e1lem jsme zvraceli.<\/p>\n<figure id=\"attachment_53730\" class=\"wp-caption aligncenter\" style=\"width: 686px;\"><a href=\"https:\/\/aeronet.news\/wp-content\/uploads\/UrsulaFialaUmbrella2.jpg\"><img decoding=\"async\" loading=\"lazy\" class=\"wp-image-53730 \" src=\"https:\/\/aeronet.news\/wp-content\/uploads\/UrsulaFialaUmbrella2-1024x682.jpg\" sizes=\"(max-width: 700px) 100vw, 700px\" srcset=\"https:\/\/aeronet.news\/wp-content\/uploads\/UrsulaFialaUmbrella2-1024x682.jpg 1024w, https:\/\/aeronet.news\/wp-content\/uploads\/UrsulaFialaUmbrella2-300x200.jpg 300w, https:\/\/aeronet.news\/wp-content\/uploads\/UrsulaFialaUmbrella2-768x512.jpg 768w, https:\/\/aeronet.news\/wp-content\/uploads\/UrsulaFialaUmbrella2-700x466.jpg 700w, https:\/\/aeronet.news\/wp-content\/uploads\/UrsulaFialaUmbrella2-536x357.jpg 536w, https:\/\/aeronet.news\/wp-content\/uploads\/UrsulaFialaUmbrella2-725x483.jpg 725w, https:\/\/aeronet.news\/wp-content\/uploads\/UrsulaFialaUmbrella2.jpg 1280w\" alt=\"\" width=\"686\" height=\"457\" \/><\/a><figcaption class=\"wp-caption-text\">Ursula von der Leyen a Petr Fiala b\u011bhem summitu EU v Praze s de\u0161tn\u00edky proti inflaci<\/figcaption><\/figure>\n<p><strong>Fialenkova vl\u00e1da schv\u00e1lila [<a href=\"https:\/\/href.li\/?https:\/\/www.fintag.cz\/2022\/10\/28\/cesi-pridaji-ukrajincum-na-ubytovani-rozhodla-vlada\/\" target=\"_blank\" rel=\"nofollow noopener\">4<\/a>], \u017ee p\u0159id\u00e1 v\u0161em uprchl\u00fdm Ukrajinc\u016fm na ubytov\u00e1n\u00ed v \u010cR dal\u0161\u00edch 100 K\u010d nav\u00edc na ka\u017ed\u00fd den<\/strong>, proto\u017ee kv\u016fli inflaci a r\u016fstu cen energi\u00ed u\u017e majitel\u00e9 ubytoven k\u0159i\u010d\u00ed, \u017ee t\u011bch 300 K\u010d na den, kter\u00e9 dost\u00e1vali od Fialenkovy vl\u00e1dy ka\u017ed\u00fd den, prost\u011b na pokryt\u00ed cen ubytov\u00e1n\u00ed nesta\u010d\u00ed.<\/p>\n<p>V \u010cesk\u00e9 republice je v sou\u010dasn\u00e9 chv\u00edli ubytov\u00e1no 433 488 b\u011b\u017eenc\u016f. A proto\u017ee p\u0159\u00edsp\u011bvek dost\u00e1v\u00e1 ka\u017ed\u00fd Ukrajinec, v\u010detn\u011b d\u011bt\u00ed, tak p\u0159id\u00e1n\u00ed stovky na den vyjde \u010desk\u00fd st\u00e1tn\u00ed rozpo\u010det ka\u017ed\u00fd m\u011bs\u00edc na v\u00edce jak 1,3 miliardy korun! Ka\u017ed\u00fd m\u011bs\u00edc! Ch\u00e1pete u\u017e, pro\u010d mus\u00ed Jure\u010dka vz\u00edt u huby \u010desk\u00e9 nezam\u011bstnan\u00e9 lidi a d\u016fchodce?<\/p>\n<h6><span style=\"font-size: 18pt;\">Ro\u010dn\u011b p\u0159isp\u011bje vl\u00e1da P\u011btidemolice uprchl\u00fdm Ukrajinc\u016fm jen na bydlen\u00ed \u010d\u00e1stkou dosahuj\u00edc\u00ed skoro 63 miliard korun<\/span><\/h6>\n<p>Proto\u017ee Fialenkova vl\u00e1da p\u0159ivedla st\u00e1tn\u00ed kasu\u00a0<em>zu grunt,<\/em>\u00a0tak pot\u0159ebuje pen\u00edze p\u0159esunout z jedn\u00e9 kapsy (od \u010desk\u00fdch nezam\u011bstnan\u00fdch a d\u016fchodc\u016f) do druh\u00e9 kapsy (ukrajinsk\u00fdch b\u011b\u017eenc\u016f). To jsou priority Fialenkovy vl\u00e1dy. Ukrajinci na prvn\u00edm m\u00edst\u011b!\u00a0<strong>Ukrajinci tak v \u00fahrnu dostanou 400 K\u010d na ubytov\u00e1n\u00ed na hlavu a den, co\u017e v \u00fahrnu znamen\u00e1 celkov\u00fd n\u00e1klad 5,2 miliardy korun na ubytov\u00e1n\u00ed Ukrajinc\u016f ka\u017ed\u00fd m\u011bs\u00edc! Za rok ubytov\u00e1n\u00ed to bude prakticky 62,5 miliardy korun.<\/strong>\u00a0Pane\u010dku, to je raketa! A to mluv\u00edme jenom o drobn\u00fdch, o ubytov\u00e1n\u00ed. Tak\u017ee pro Ukrajince pen\u00edze jsou. Ale nejsou pro \u010desk\u00e9 nezam\u011bstnan\u00e9.<\/p>\n<figure id=\"attachment_52962\" class=\"wp-caption aligncenter\" style=\"width: 675px;\"><a href=\"https:\/\/aeronet.news\/wp-content\/uploads\/FialaPriorityMeme.jpg\"><img decoding=\"async\" loading=\"lazy\" class=\"wp-image-52962 \" src=\"https:\/\/aeronet.news\/wp-content\/uploads\/FialaPriorityMeme-1024x624.jpg\" sizes=\"(max-width: 700px) 100vw, 700px\" srcset=\"https:\/\/aeronet.news\/wp-content\/uploads\/FialaPriorityMeme-1024x624.jpg 1024w, https:\/\/aeronet.news\/wp-content\/uploads\/FialaPriorityMeme-300x183.jpg 300w, https:\/\/aeronet.news\/wp-content\/uploads\/FialaPriorityMeme-768x468.jpg 768w, https:\/\/aeronet.news\/wp-content\/uploads\/FialaPriorityMeme-700x427.jpg 700w, https:\/\/aeronet.news\/wp-content\/uploads\/FialaPriorityMeme-586x357.jpg 586w, https:\/\/aeronet.news\/wp-content\/uploads\/FialaPriorityMeme-793x483.jpg 793w, https:\/\/aeronet.news\/wp-content\/uploads\/FialaPriorityMeme.jpg 1280w\" alt=\"\" width=\"675\" height=\"412\" \/><\/a><figcaption class=\"wp-caption-text\">\u017deb\u0159\u00ed\u010dek priorit Petro Fialenka<\/figcaption><\/figure>\n<p>T\u011bm se bude podpora kr\u00e1tit, stejn\u011b jako d\u016fchodc\u016fm za to, \u017ee p\u0159ed rokem 1989 slou\u017eili lidu a vlasti! A\u017e v\u00e1m zase bude Raku\u0161an \u0159\u00edkat, \u017ee drahota je dan\u00ed za svobodu, tak mu odpov\u011bzte, \u017ee to nen\u00ed pravda.\u00a0<strong>Drahota je d\u016fsledkem sankc\u00ed EU proti Rusku a d\u016fsledkem odst\u0159ihnut\u00ed se EU od lacin\u00fdch rusk\u00fdch energi\u00ed a jejich nahrazen\u00ed p\u0159edra\u017een\u00fdm \u0161mejdem z USA!<\/strong>\u00a0Ano, je to \u0161mejd, lid\u00e9 n\u00e1m hl\u00e1s\u00ed do redakce, \u017ee LNG plyn n\u011bjak divn\u011b ho\u0159\u00ed, nem\u00e1 takovou v\u00fdh\u0159evnost. Mus\u00ed pustit spor\u00e1k na vy\u0161\u0161\u00ed v\u00fdkon, ne\u017e obvykle, aby uva\u0159ili j\u00eddlo. V\u0161\u00edmaj\u00ed si toho hlavn\u011b hospody\u0148ky.<\/p>\n<p>Je to kv\u016fli men\u0161\u00edmu obsahu uhlovod\u00edk\u016f v roz\u0159ed\u011bn\u00e9m LNG po zp\u011btn\u00e9m uveden\u00ed do plynn\u00e9ho skupenstv\u00ed v p\u0159\u00edstavn\u00edm LNG termin\u00e1lu v Evrop\u011b. LNG m\u00e1 men\u0161\u00ed v\u00fdh\u0159evnost ne\u017e nezkapal\u0148ovan\u00fd zemn\u00ed plyn. A v\u00e1lka na Ukrajin\u011b je d\u016fsledkem 8 let trvaj\u00edc\u00ed neochoty kyjevsk\u00e9 junty plnit Minsk\u00e9 protokoly! Kyjev je pln\u011b zodpov\u011bdn\u00fd za vypuknut\u00ed rusk\u00e9 vojensk\u00e9 operace a Kyjev mus\u00ed n\u00e9st ve\u0161kerou zodpov\u011bdnosti za tento konflikt! Ka\u017ed\u00fd vlasteneck\u00fd politiky mus\u00ed m\u00edt v t\u00e9to konceptu\u00e1ln\u00ed rovin\u011b jasno, jinak nelze mluvit o vlastenectv\u00ed!<\/p>\n<p>-VK- \u0160\u00e9fredaktor AE News<\/p>\n<p><a href=\"https:\/\/aeronet.news\/evropska-unie-pod-ceskym-predsednictvim-navrhne-balicek-pomoci-ukrajine-ve-vysi-18-miliard-eur-za-ktery-ma-rucit-vsech-27-zemi-eu-penize-poskytne-ecb-naproti-evropskym-dluhopisum\/\">ZDROJ<\/a><\/p>\n<p>&nbsp;<\/p>\n","protected":false},"excerpt":{"rendered":"<p>Evropsk\u00e1 unie pod \u010desk\u00fdm p\u0159edsednictv\u00edm navrhne bal\u00ed\u010dek pomoci Ukrajin\u011b ve v\u00fd\u0161i 18 miliard EUR, za&#8230;<\/p>\n","protected":false},"author":2,"featured_media":17942,"comment_status":"closed","ping_status":"closed","sticky":false,"template":"","format":"standard","meta":[],"categories":[6],"tags":[41,45,535,26,99],"_links":{"self":[{"href":"https:\/\/www.infokuryr.cz\/n\/wp-json\/wp\/v2\/posts\/17941"}],"collection":[{"href":"https:\/\/www.infokuryr.cz\/n\/wp-json\/wp\/v2\/posts"}],"about":[{"href":"https:\/\/www.infokuryr.cz\/n\/wp-json\/wp\/v2\/types\/post"}],"author":[{"embeddable":true,"href":"https:\/\/www.infokuryr.cz\/n\/wp-json\/wp\/v2\/users\/2"}],"replies":[{"embeddable":true,"href":"https:\/\/www.infokuryr.cz\/n\/wp-json\/wp\/v2\/comments?post=17941"}],"version-history":[{"count":0,"href":"https:\/\/www.infokuryr.cz\/n\/wp-json\/wp\/v2\/posts\/17941\/revisions"}],"wp:featuredmedia":[{"embeddable":true,"href":"https:\/\/www.infokuryr.cz\/n\/wp-json\/wp\/v2\/media\/17942"}],"wp:attachment":[{"href":"https:\/\/www.infokuryr.cz\/n\/wp-json\/wp\/v2\/media?parent=17941"}],"wp:term":[{"taxonomy":"category","embeddable":true,"href":"https:\/\/www.infokuryr.cz\/n\/wp-json\/wp\/v2\/categories?post=17941"},{"taxonomy":"post_tag","embeddable":true,"href":"https:\/\/www.infokuryr.cz\/n\/wp-json\/wp\/v2\/tags?post=17941"}],"curies":[{"name":"wp","href":"https:\/\/api.w.org\/{rel}","templated":true}]}}