{"id":17931,"date":"2022-11-08T01:08:10","date_gmt":"2022-11-08T00:08:10","guid":{"rendered":"http:\/\/www.infokuryr.cz\/n\/?p=17931"},"modified":"2022-11-07T14:36:41","modified_gmt":"2022-11-07T13:36:41","slug":"jak-jsou-v-rusku-hlaseny-nadchazejici-volby-v-usa","status":"publish","type":"post","link":"https:\/\/www.infokuryr.cz\/n\/2022\/11\/08\/jak-jsou-v-rusku-hlaseny-nadchazejici-volby-v-usa\/","title":{"rendered":"Jak jsou v Rusku hl\u00e1\u0161eny nadch\u00e1zej\u00edc\u00ed volby v USA"},"content":{"rendered":"<div id=\"fb-root\"><\/div>\n<p><strong><span>Ve Spojen\u00fdch st\u00e1tech se bl\u00ed\u017e\u00ed d\u016fle\u017eit\u00e9 volby v polovin\u011b obdob\u00ed, kter\u00e9 by mohly st\u00e1t americk\u00e9 demokraty v\u011bt\u0161inu.\u00a0Zde ukazuji, jak se to hl\u00e1s\u00ed v Rusku.<\/span><\/strong><\/p>\n<p><span>Volby, kter\u00e9 se v USA konaj\u00ed v \u00fater\u00fd, by mohly svrhnout americk\u00e9 demokraty, obvinit Joea Bidena a jeho syna Huntera.\u00a0Jako v\u017edy se o d\u011bn\u00ed v USA m\u016f\u017eete dozv\u011bd\u011bt mnohem v\u00edce v rusk\u00e9 televizi ne\u017e v n\u011bmeck\u00e9 televizi.\u00a0Tak jsem p\u0159elo\u017eil zpr\u00e1vu rusk\u00e9ho televizn\u00edho\u00a0<\/span><a href=\"https:\/\/www.vesti.ru\/article\/3028156\" target=\"_blank\" rel=\"noreferrer noopener\"><span>zpravodaje<\/span><\/a><span>\u00a0o nadch\u00e1zej\u00edc\u00edch volb\u00e1ch v USA.<\/span><\/p>\n<p><em><strong>Za\u010d\u00e1tek p\u0159ekladu:<\/strong><\/em><\/p>\n<h3><span style=\"font-size: 18pt;\">Voln\u011bj\u0161\u00ed prezident stahuje demokraty do propasti<\/span><\/h3>\n<p><span>V New Yorku se zav\u00edraj\u00ed volebn\u00ed m\u00edstnosti.\u00a0P\u0159ed\u010dasn\u00e9 hlasov\u00e1n\u00ed pro volby do Kongresu u\u017e skon\u010dilo v polovin\u011b americk\u00fdch st\u00e1t\u016f.\u00a0A ji\u017e tis\u00edce hlasovac\u00edch l\u00edstk\u016f byly po cel\u00e9 zemi z jak\u00e9hokoli d\u016fvodu neplatn\u00e9, zejm\u00e9na v m\u00edstech, kde tradi\u010dn\u011b vol\u00ed republik\u00e1ni.\u00a0Nelze vylou\u010dit, \u017ee po 8. listopadu, v den voleb, se ud\u00e1losti budou vyv\u00edjet ve stejn\u00e9m duchu.<\/span><\/p>\n<p><span>Proto\u017ee pokud se demokrat\u016fm nepoda\u0159\u00ed udr\u017eet v\u011bt\u0161inu v obou komor\u00e1ch Kongresu, bude Biden po dal\u0161\u00ed dva roky sv\u00e9ho funk\u010dn\u00edho obdob\u00ed jen kulhaj\u00edc\u00ed kachna.\u00a0To demokrat\u00e9 rozhodn\u011b necht\u011bj\u00ed dopustit.<\/span><\/p>\n<p><span>Podle posledn\u00edch pr\u016fzkum\u016f ABC News a Washington Post bude 80 procent Ameri\u010dan\u016f volit kv\u016fli ekonomick\u00fdm pot\u00ed\u017e\u00edm.\u00a0O co se chystaj\u00ed a jakou roli by mohl Elon Musk v p\u0159\u00ed\u0161t\u00edch dnech sehr\u00e1t?\u00a0Zpr\u00e1va z USA.<\/span><\/p>\n<p><span>Existuj\u00ed speci\u00e1ln\u00ed zpravodajsk\u00e9 programy a cel\u00e9 speci\u00e1ly o tom, co se chyst\u00e1 pro Ameriku 8. listopadu.\u00a0To je v\u00edc ne\u017e volby do Kongresu v polovin\u011b obdob\u00ed.\u00a0Tolik probl\u00e9m\u016f najednou zem\u011b u\u017e dlouho nem\u011bla.<\/span><\/p>\n<p><span>\u201eKdo si mysl\u00ed, \u017ee ekonomika, energetika a inflace jsou hlavn\u00ed probl\u00e9my p\u0159ed t\u011bmito volbami?\u201c pt\u00e1 se televizn\u00ed novin\u00e1\u0159 v p\u0159epln\u011bn\u00e9 restauraci.<\/span><\/p>\n<p><span>Les rukou sah\u00e1 nahoru, ale seznam nen\u00ed \u00fapln\u00fd, opravuj\u00ed voli\u010di novin\u00e1\u0159e.\u00a0Nedok\u00e1\u017eou dr\u017eet krok s rostouc\u00edmi cenami plynu a potravin a nev\u011bd\u00ed, kam ut\u00e9ct p\u0159ed zlo\u010dinci na ulici: \u201eDo pr\u00e1ce jezd\u00edme tax\u00edkem, proto\u017ee je d\u011bsiv\u00e9 jet metrem.\u00a0Bu\u010f v\u00e1s vytla\u010d\u00ed na koleje, nebo se v\u00e1s pokus\u00ed zml\u00e1tit, mohou v\u00e1s zab\u00edt.\u201c<\/span><\/p>\n<p><span>N\u00e1r\u016fst kriminality v USA za\u010dal s p\u0159\u00edchodem Josepha Bidena do B\u00edl\u00e9ho domu.\u00a0Rostouc\u00ed ceny, inflace \u2013 to v\u0161e se za n\u011bj tak\u00e9 d\u011blo.\u00a0Prezident Looser tak\u00e9 t\u00e1hne svou demokratickou stranu.<\/span><\/p>\n<p><span>Demokrat\u00e9 si uv\u011bdomili, \u017ee nemohou vyhr\u00e1t s nejnepopul\u00e1rn\u011bj\u0161\u00edm prezidentem ned\u00e1vn\u00e9 historie a vstupuj\u00ed do bitvy o Kongres se svou ikonou Obamou.\u00a0Jezd\u00ed po zemi, aby d\u011blal kampa\u0148 pro sv\u00e9 stranick\u00e9 p\u0159\u00e1tele.\u00a0Reakce publika je ale pro sou\u010dasnou vl\u00e1du velmi nep\u0159\u00edjemn\u00e1: &#8222;Chceme, abyste byl prezident.&#8220;<\/span><\/p>\n<p><span>Ti, kdo skanduj\u00ed Obamovo jm\u00e9no, pravd\u011bpodobn\u011b nesly\u0161eli, \u017ee by Bidenovo prezidentstv\u00ed bylo ozna\u010dov\u00e1no jako \u201eObamovo t\u0159et\u00ed funk\u010dn\u00ed obdob\u00ed\u201c \u2013 tolik Obamov\u00fdch mu\u017e\u016f je dnes ve Washingtonu na kl\u00ed\u010dov\u00fdch pozic\u00edch.\u00a0Jsou to oni, kdo p\u0159e\u0161el na zelenou energii a t\u00e9m\u011b\u0159 zastavil t\u011b\u017ebu ropy v zemi.\u00a0Omezili tak\u00e9 zdravotn\u00ed p\u00e9\u010di, aby zachr\u00e1nili Ameriku p\u0159ed inflac\u00ed.\u00a0Poda\u0159ilo se jim dokonce p\u0159ijmout protiinfla\u010dn\u00ed z\u00e1kon.<\/span><\/p>\n<p><span>\u201eM\u016f\u017eete se mi pod\u00edvat do o\u010d\u00ed a \u0159\u00edct mi, \u017ee vl\u00e1dn\u00ed v\u00fddaje na zelenou energii v protiinfla\u010dn\u00edm z\u00e1kon\u011b n\u011bjak sni\u017euj\u00ed moje \u00fa\u010dty za plyn a ceny potravin?\u201c pt\u00e1 se jeden z voli\u010d\u016f kandid\u00e1ta.<\/span><\/p>\n<p><span>&#8222;To te\u010f nem\u016f\u017eu \u0159\u00edct, ne.&#8220;<\/span><\/p>\n<p><span>To bylo v Ohiu, kde byl vysl\u00fdch\u00e1n demokratick\u00fd kandid\u00e1t do Sen\u00e1tu.\u00a0Pro vl\u00e1dnouc\u00ed stranu je t\u011b\u017ek\u00e9 se \u010d\u00edmkoli chlubit, a proto je t\u011b\u017ek\u00e9 j\u00edt jen o jednu v\u011bc: demokracii, kter\u00e1 skon\u010d\u00ed, kdy\u017e republik\u00e1ni z\u00edskaj\u00ed v\u011bt\u0161inu na Capitol Hill.<\/span><\/p>\n<p><span>&#8222;To, co se d\u011bje v na\u0161\u00ed zemi, by mohlo opakovat to, co se d\u011blo v N\u011bmecku ve 30. letech,&#8220; \u0159ekl James Clayburn, demokratick\u00fd \u010dlen americk\u00e9 Sn\u011bmovny reprezentant\u016f.<\/span><\/p>\n<p><span>\u201ePokud nebudete volit demokraty, zni\u010d\u00edte demokracii.\u00a0To je jejich mantra, stejn\u011b jako to, \u017ee ka\u017ed\u00e1 \u017eena m\u00e1 \u00fastavn\u00ed pr\u00e1vo na potrat a \u017ee Donald Trump a jeho p\u0159\u00edznivci jsou fa\u0161ist\u00e9.\u00a0Toto \u0161\u00edlenstv\u00ed jsme vydr\u017eeli dva roky.\u00a0A v \u00fater\u00fd dojde na povst\u00e1n\u00ed proti elit\u00e1m.\u00a0Dojde k p\u0159eorientov\u00e1n\u00ed.\u00a0Nikdo je nem\u00e1 r\u00e1d a v \u00fater\u00fd zjist\u00edme, jak jsou u nich lid\u00e9 neobl\u00edben\u00ed,\u201c \u0159ekl profesor Stanfordsk\u00e9 univerzity Victor Hanson.<\/span><\/p>\n<p><span>Rodina Christie ned\u00e1vno uprchla p\u0159ed vysok\u00fdmi dan\u011bmi a p\u0159emr\u0161t\u011bn\u00fdmi cenami z Demokratick\u00e9 Kalifornie do sousedn\u00edho st\u00e1tu Swing v Arizon\u011b.\u00a0Ve swingov\u00e9m stavu ti dva v\u011bd\u00ed, koho budou volit.\u00a0Aby voli\u010di v\u011b\u0159ili v to nejlep\u0161\u00ed, pochoduje Biden po cel\u00e9 zemi.\u00a0Je to jak na v\u00fdchodn\u00edm, tak na z\u00e1padn\u00edm pob\u0159e\u017e\u00ed a v\u0161ude je to stejn\u00e9.\u00a0Za prezidentov\u00fdmi z\u00e1dy je n\u00e1pis s n\u00e1pisem: \u201eBuilding a Better America\u201c &#8211; Zd\u00e1 se, \u017ee si mysl\u00ed, \u017ee tato slova jsou v s\u00e1zce.<\/span><\/p>\n<p><span>\u201eKdy\u017e jsem se dostal k moci, ekonomika byla v trosk\u00e1ch.\u00a0Nyn\u00ed ekonomika roste, ceny a inflace klesaj\u00ed.\u00a0P\u0159\u00edjmy rostou a benz\u00edn je st\u00e1le dostupn\u011bj\u0161\u00ed,\u201c uji\u0161\u0165uje Biden.<\/span><\/p>\n<p><span>Je to tak, jen obr\u00e1cen\u011b.\u00a0V den, kdy Biden p\u0159i\u0161el do B\u00edl\u00e9ho domu, byla americk\u00e1 inflace jedna \u0161estina toho, co je dnes, a benz\u00edn byl jedenap\u016flkr\u00e1t dra\u017e\u0161\u00ed.\u00a0Prezident byl spojov\u00e1n s ekonomickou katastrofou a u\u017e nen\u00ed tajemstv\u00edm, \u017ee demokrati\u010dt\u00ed kandid\u00e1ti necht\u011bj\u00ed, aby jim kazil auru.<\/span><\/p>\n<p><span>8. listopadu se bude volit nejen kongres.\u00a0Guvern\u00e9\u0159i jsou voleni v mnoha st\u00e1tech.\u00a0Nap\u0159\u00edklad v Oregonu jsou demokrat\u00e9 u moci 40 let a \u010dlov\u011bk by si \u0159ekl, \u017ee ani Biden nedok\u00e1\u017ee zabr\u00e1nit nominantovi strany ve v\u00edt\u011bzstv\u00ed.\u00a0Obyvatel\u00e9 se ale zdaj\u00ed p\u0159\u00edli\u0161 unaven\u00ed z p\u0159\u00edli\u0161 liber\u00e1ln\u00edho re\u017eimu, \u017ee by republik\u00e1nsk\u00fd politik mohl st\u00e1t v \u010dele st\u00e1tu 8. listopadu.<\/span><\/p>\n<p><span>Tak \u0161patn\u00e1 je politick\u00e1 sc\u00e9na pro demokraty.\u00a0Zd\u00e1 se, \u017ee nemohou udr\u017eet Oregon, velmi demokratick\u00fd st\u00e1t.\u00a0V New Yorku je to stejn\u00e9, je to tam t\u011bsn\u00fd boj.\u00a0Ve st\u00e1tech swingu maj\u00ed republik\u00e1ni v\u00fdznamnou podporu.<\/span><\/p>\n<p><span>Barva Republik\u00e1nsk\u00e9 strany je \u010derven\u00e1 a slibuj\u00ed: \u201erud\u00e1 vlna\u201c zachv\u00e1t\u00ed zemi.\u00a0Z b\u011b\u017e\u00edc\u00edho Bidena by se dva roky p\u0159ed vypr\u0161en\u00edm mand\u00e1tu mohl st\u00e1t chrom\u00fd ka\u010der.\u00a0Pokud jeho strana p\u0159ijde o oba domy, bude pro B\u00edl\u00fd d\u016fm velmi t\u011b\u017ek\u00e9 prosadit rozhodnut\u00ed na Capitol Hill.\u00a0Republik\u00e1ni v\u0161ak pot\u0159ebuj\u00ed pouze p\u0159evz\u00edt kontrolu nad doln\u00ed komorou Kongresu, aby mohli zah\u00e1jit ob\u017ealobu prezidenta.<\/span><\/p>\n<p><span>\u201eU\u017e mi \u0159ekli, \u017ee pokud znovu z\u00edskaj\u00ed kontrolu nad Sn\u011bmovnou reprezentant\u016f a Kongresem, zah\u00e1j\u00ed proces impeachmentu.\u00a0Opravdu nev\u00edm, z \u010deho m\u011b cht\u011bj\u00ed obvinit,\u201c sm\u011bje se Biden.<\/span><\/p>\n<p><span>Samoz\u0159ejm\u011b, \u017ee l\u017ee.\u00a0Republik\u00e1ni objevili dostatek d\u016fkaz\u016f o pochybn\u00fdch finan\u010dn\u00edch transakc\u00edch rodiny Bidenov\u00fdch se zahrani\u010dn\u00edmi, v\u010detn\u011b st\u00e1tn\u00edch, spole\u010dnostmi z cel\u00e9ho sv\u011bta.\u00a0Na t\u011bchto transakc\u00edch se pod\u00edl\u00ed prezident i jeho syn Hunter.\u00a0Ministerstvo spravedlnosti ovl\u00e1dan\u00e9 vl\u00e1dnouc\u00ed stranou v \u017e\u00e1dn\u00e9m p\u0159\u00edpad\u011b tyto procesy povol\u00ed.\u00a0A existuje tak\u00e9 hrozba pro n\u00e1rodn\u00ed bezpe\u010dnost z p\u0159\u00edli\u0161 pohostinn\u00e9 politiky prezidenta.<\/span><\/p>\n<p><span>\u201eV\u0161ichni tito migranti p\u0159ich\u00e1zej\u00ed p\u0159es hranici p\u0159ipraveni k vyzvednut\u00ed hl\u00eddkami.\u00a0V\u011bd\u00ed, \u017ee jakmile vkro\u010d\u00ed na p\u016fdu USA, budou kv\u016fli Bidenov\u011b politice propu\u0161t\u011bni sem na p\u016fdu USA.\u00a0V roce 2021 vstoupilo do zem\u011b 1,7 milionu neleg\u00e1ln\u00edch p\u0159ist\u011bhovalc\u016f.\u00a0Letos je to t\u00e9m\u011b\u0159 2,5 milionu.\u00a0A vl\u00e1da ned\u011bl\u00e1 nic, aby to zm\u011bnila,\u201c p\u00ed\u0161\u00ed m\u00e9dia.<\/span><\/p>\n<p><span>Republik\u00e1ni tak\u00e9 cht\u011bj\u00ed zastavit jak\u00fdkoli dal\u0161\u00ed pen\u011b\u017en\u00ed tok, pokud vyhraj\u00ed.\u00a0Na podporu Kyjeva pr\u00fd u\u017e \u017e\u00e1dn\u00e9 mnohamiliardov\u00e9 p\u0159evody nebudou: &#8222;Mezi republik\u00e1ny nep\u016fjde na Ukrajinu ani cent nav\u00edc!&#8220;<\/span><\/p>\n<p><span>Ukrajina, respektive pokus o \u0159e\u0161en\u00ed ukrajinsk\u00e9 krize, by mohl b\u00fdt pro Elona Muska tak\u00e9 drah\u00fd.\u00a0Nejbohat\u0161\u00ed mu\u017e sv\u011bta byl kv\u016fli sv\u00e9mu promoskevsk\u00e9mu postoji podez\u0159el\u00fd z vazeb na Kreml.\u00a0Z\u0159ejm\u011b s c\u00edlem zas\u00e1hnout proti podnikateli za\u010dalo n\u011bkolik americk\u00fdch agentur zkoumat jeho dohodu na Twitteru.<\/span><\/p>\n<p><span>S p\u0159\u00edchodem Muska inzerenti Twitter opou\u0161t\u011bj\u00ed.\u00a0Ultraliber\u00e1ln\u00ed u\u017eivatel\u00e9 Twitteru navrhuj\u00ed nejen zbavit podnikatele podnik\u00e1n\u00ed, ale tak\u00e9 ob\u010danstv\u00ed.<\/span><\/p>\n<p><span>&#8222;Hysterick\u00e1 reakce ukazuje, jak jsou demokrat\u00e9 z\u00e1visl\u00ed na politice cenzury a um\u00edr\u0148ov\u00e1n\u00ed obsahu, kter\u00fd pova\u017euj\u00ed za nevhodn\u00fd,&#8220; \u0159ekl republik\u00e1nsk\u00fd sen\u00e1tor Tom Cotton.<\/span><\/p>\n<p><span>N\u011bkte\u0159\u00ed republik\u00e1ni jsou ale tak na\u0161tvan\u00ed, \u017ee po 8. listopadu cht\u011bj\u00ed sp\u00e1lit nejen odkaz demokrat\u016f, ale i samotn\u00e9 demokraty, jak \u0159ekl Steve Banon: &#8222;Spravedlnost zv\u00edt\u011bz\u00ed 8. listopadu.&#8220;\u00a0Prvn\u00ed, kdo se s n\u00ed sezn\u00e1mil, je gener\u00e1ln\u00ed prokur\u00e1tor Merrick Garland.\u00a0Bude prvn\u00edm gener\u00e1ln\u00edm prokur\u00e1torem v historii, kter\u00fd bude obvin\u011bn a rezignuje.&#8220;<\/span><\/p>\n<p><span>B\u00fdval\u00fd poradce Donalda Trumpa Steve Banon ho svrb\u00ed prsty.\u00a0On, stejn\u011b jako ostatn\u00ed Trumpist\u00e9 spojen\u00ed tak \u010di onak s bou\u0159\u00ed v Kapitolu 6. ledna, rozjel justi\u010dn\u00ed ma\u0161in\u00e9rii.\u00a0Nebyla to jen FBI a kancel\u00e1\u0159 gener\u00e1ln\u00edho prokur\u00e1tora, kdo se o ni postaral.\u00a0Okolnosti toho dne vy\u0161et\u0159ovala zvl\u00e1\u0161tn\u00ed komise Kongresu.\u00a0Republik\u00e1ni sl\u00edbili, \u017ee i oni je cht\u011bj\u00ed v p\u0159\u00edpad\u011b v\u00edt\u011bzstv\u00ed rozpustit.<\/span><\/p>\n<p><span>\u201eV n\u011bkter\u00fdch p\u0159\u00edpadech budeme v\u011bd\u011bt, kdo vyhr\u00e1l volby, a\u017e n\u011bkolik dn\u00ed po volb\u00e1ch.\u00a0Bude to n\u011bjakou dobu trvat, ne\u017e se\u010dte v\u0161echny hlasovac\u00ed l\u00edstky, jak to vy\u017eaduje z\u00e1kon,\u201c \u0159ekl Biden.<\/span><\/p>\n<p><span>Bylo to pr\u00e1v\u011b podez\u0159en\u00ed na ne\u010destnou hru v posledn\u00edch prezidentsk\u00fdch volb\u00e1ch, kter\u00e9 zp\u016fsobilo, \u017ee stovky rozhn\u011bvan\u00fdch lid\u00ed vtrhly do Kapitolu.\u00a0V t\u00e9 dob\u011b tak\u00e9 prob\u011bhlo dlouh\u00e9 po\u010d\u00edt\u00e1n\u00ed a pak p\u0159epo\u010d\u00edt\u00e1v\u00e1n\u00ed.\u00a0Mo\u017en\u00e1 i proto 63 procent voli\u010d\u016f pochybuje o d\u016fv\u011bryhodnosti nadch\u00e1zej\u00edc\u00edch voleb.<\/span><\/p>\n<p><em><strong>konec p\u0159ekladu<\/strong><\/em><\/p>\n<p><a href=\"https:\/\/www.anti-spiegel.ru\/2022\/wie-in-russland-ueber-die-anstehenden-us-wahlen-berichtet-wird\/\">Thomas R\u00f6per<\/a><\/p>\n<p>&nbsp;<\/p>\n","protected":false},"excerpt":{"rendered":"<p>Ve Spojen\u00fdch st\u00e1tech se bl\u00ed\u017e\u00ed d\u016fle\u017eit\u00e9 volby v polovin\u011b obdob\u00ed, kter\u00e9 by mohly st\u00e1t americk\u00e9&#8230;<\/p>\n","protected":false},"author":2,"featured_media":12592,"comment_status":"closed","ping_status":"closed","sticky":false,"template":"","format":"standard","meta":[],"categories":[7],"tags":[1310,2643,22,37,27],"_links":{"self":[{"href":"https:\/\/www.infokuryr.cz\/n\/wp-json\/wp\/v2\/posts\/17931"}],"collection":[{"href":"https:\/\/www.infokuryr.cz\/n\/wp-json\/wp\/v2\/posts"}],"about":[{"href":"https:\/\/www.infokuryr.cz\/n\/wp-json\/wp\/v2\/types\/post"}],"author":[{"embeddable":true,"href":"https:\/\/www.infokuryr.cz\/n\/wp-json\/wp\/v2\/users\/2"}],"replies":[{"embeddable":true,"href":"https:\/\/www.infokuryr.cz\/n\/wp-json\/wp\/v2\/comments?post=17931"}],"version-history":[{"count":1,"href":"https:\/\/www.infokuryr.cz\/n\/wp-json\/wp\/v2\/posts\/17931\/revisions"}],"predecessor-version":[{"id":17932,"href":"https:\/\/www.infokuryr.cz\/n\/wp-json\/wp\/v2\/posts\/17931\/revisions\/17932"}],"wp:featuredmedia":[{"embeddable":true,"href":"https:\/\/www.infokuryr.cz\/n\/wp-json\/wp\/v2\/media\/12592"}],"wp:attachment":[{"href":"https:\/\/www.infokuryr.cz\/n\/wp-json\/wp\/v2\/media?parent=17931"}],"wp:term":[{"taxonomy":"category","embeddable":true,"href":"https:\/\/www.infokuryr.cz\/n\/wp-json\/wp\/v2\/categories?post=17931"},{"taxonomy":"post_tag","embeddable":true,"href":"https:\/\/www.infokuryr.cz\/n\/wp-json\/wp\/v2\/tags?post=17931"}],"curies":[{"name":"wp","href":"https:\/\/api.w.org\/{rel}","templated":true}]}}