{"id":17928,"date":"2022-11-08T01:07:03","date_gmt":"2022-11-08T00:07:03","guid":{"rendered":"http:\/\/www.infokuryr.cz\/n\/?p=17928"},"modified":"2022-11-07T14:28:57","modified_gmt":"2022-11-07T13:28:57","slug":"zadne-odpusteni-to-vedeli-od-prvnich-dnu","status":"publish","type":"post","link":"https:\/\/www.infokuryr.cz\/n\/2022\/11\/08\/zadne-odpusteni-to-vedeli-od-prvnich-dnu\/","title":{"rendered":"\u017d\u00e1dn\u00e9 odpu\u0161t\u011bn\u00ed, to v\u011bd\u011bli od prvn\u00edch dn\u016f!"},"content":{"rendered":"<div id=\"fb-root\"><\/div>\n<div class=\"elementor-element elementor-element-1fb4c2c elementor-widget elementor-widget-theme-post-content\" data-id=\"1fb4c2c\" data-element_type=\"widget\" data-widget_type=\"theme-post-content.default\">\n<div class=\"elementor-widget-container\">\n<p><strong>Tvrzen\u00ed je nyn\u00ed sly\u0161et v\u0161ude: museli jsme se izolovat, proto\u017ee jsme o tomto viru prost\u011b nic nev\u011bd\u011bli.\u00a0V\u0161echno to bylo velmi matouc\u00ed a museli jsme hr\u00e1t na jistotu.\u00a0Nem\u011bli jsme jinou mo\u017enost, proto\u017ee jsme prost\u011b nem\u011bli jasno v tom, s \u010d\u00edm m\u00e1me co do \u010din\u011bn\u00ed.\u00a0Z\u00e1sada p\u0159edb\u011b\u017en\u00e9 opatrnosti n\u00e1m diktovala bezprecedentn\u00ed opat\u0159en\u00ed.<\/strong><\/p>\n<p>Princip p\u0159edb\u011b\u017en\u00e9 opatrnosti plat\u00ed ve skute\u010dnosti ob\u011bma zp\u016fsoby.\u00a0Vy\u017eaduje tak\u00e9, abychom nepodnikali kroky, o kter\u00fdch s jistotou v\u00edme, \u017ee by zni\u010dily \u017eivoty a svobody.\u00a0Stejn\u011b to ud\u011blali, ani\u017e by dostate\u010dn\u011b v\u011bd\u011bli, \u017ee opat\u0159en\u00ed dos\u00e1hnou n\u011b\u010deho pozitivn\u00edho.<\/p>\n<p>Jak se bl\u00ed\u017e\u00ed rok t\u0159i, lid\u00e9 zapomn\u011bli, \u017ee p\u0159ed v\u0161emi \u0161kodami zp\u016fsoben\u00fdmi uzam\u010den\u00edm byli z mnoha m\u00edst d\u016frazn\u011b varov\u00e1ni. Virus byl nav\u00edc v t\u00e9 dob\u011b mnohem zn\u00e1m\u011bj\u0161\u00ed a otev\u0159en\u011b se o n\u011bm diskutovalo.\u00a0S jistotou jsme v\u011bd\u011bli, \u017ee panika a strach byly \u00fapln\u011b p\u0159ehnan\u00e9.<\/p>\n<p>N\u00ed\u017ee jsou uvedeny zdroje sestaven\u00e9 The Robber Baron a mnoha dal\u0161\u00edmi, kte\u0159\u00ed p\u00ed\u0161\u00ed pro Brownstone Institute.\u00a0Tyto citace z novin, \u010dasopis\u016f, akademick\u00fdch \u010dasopis\u016f a rozhovory s mnoha respektovan\u00fdmi hlasy ukazuj\u00ed, \u017ee jsme toho v prvn\u00edch dnech jist\u011b hodn\u011b v\u011bd\u011bli.\u00a0V\u0161echna varov\u00e1n\u00ed a informace byly snadno dostupn\u00e9 ka\u017ed\u00e9mu, kdo v\u011bnoval pozornost.<\/p>\n<p>Ur\u010dit\u011b \u017eijeme ve v\u011bku kr\u00e1tk\u00fdch rozp\u011bt\u00ed pozornosti, ale mnoho z t\u011bchto znamen\u00ed a varov\u00e1n\u00ed p\u0159i\u0161lo t\u00fddny nebo m\u011bs\u00edce p\u0159edt\u00edm, ne\u017e se sv\u011bt zhroutil, a zdokumentovaly \u0161kody, jak k nim do\u0161lo.\u00a0Pal\u010divou ot\u00e1zkou z\u016fst\u00e1v\u00e1, pro\u010d bylo toto v\u0161e zcela ignorov\u00e1no.<\/p>\n<ul>\n<li>2019: Glob\u00e1ln\u00ed program WHO pro ch\u0159ipku nedoporu\u010duje blokov\u00e1n\u00ed a maskov\u00e1n\u00ed<\/li>\n<li>Z\u00e1\u0159\u00ed 2019: Studie p\u0159ipravenosti na pandemii Johnse Hopkinse nedoporu\u010duje blokov\u00e1n\u00ed<\/li>\n<li>24. ledna L\u00e9ka\u0159 varuje, \u017ee hromadn\u00e1 karant\u00e9na nefunguje a zni\u010d\u00ed spole\u010dnost<\/li>\n<li>30. ledna: Obam\u016fv poradce pro zdrav\u00ed \u0159\u00edk\u00e1: \u201eNepropadejte panice!<\/li>\n<li>5. \u00fanora: Fauci \u0159\u00edk\u00e1, \u017ee neexistuje \u017e\u00e1dn\u00e9 asymptomatick\u00e9 \u0161\u00ed\u0159en\u00ed<\/li>\n<li>28. \u00fanora: Fauci \u0159\u00edk\u00e1, \u017ee je to sp\u00ed\u0161e ch\u0159ipka ne\u017e cokoli smrteln\u011bj\u0161\u00edho<\/li>\n<li>B\u0159ezen: 81 % \u010d\u00ednsk\u00fdch p\u0159\u00edpad\u016f Covid je m\u00edrn\u00fdch<\/li>\n<li>1. b\u0159ezna: \u0160v\u00e9dsko: \u017d\u00e1dn\u00e9 \u00fa\u010dinn\u00e9 opat\u0159en\u00ed k udr\u017een\u00ed zdrav\u00fdch \u0161koln\u00edch d\u011bt\u00ed doma<\/li>\n<li>2. b\u0159ezna: Diskuse o tom, \u017ee po\u010det p\u0159\u00edpad\u016f Covid byl pravd\u011bpodobn\u011b mnohem ni\u017e\u0161\u00ed, ne\u017e se p\u0159edpokl\u00e1dalo<\/li>\n<li>2. b\u0159ezna: 800 zdravotnick\u00fdch v\u011bdc\u016f varuje p\u0159ed uzam\u010den\u00edm, karant\u00e9nou a omezen\u00edmi<\/li>\n<li>3. b\u0159ezna: \u010cl\u00e1nek o tom, pro\u010d jsou masky nepraktick\u00e9<\/li>\n<li>3. b\u0159ezna: L\u00e9ka\u0159 z Berkeley \u0159\u00edk\u00e1, \u017ee rou\u0161ky nepom\u00e1haj\u00ed v prevenci Covidu<\/li>\n<li>4. b\u0159ezna: Doktor \u0159\u00edk\u00e1, \u017ee Covid nen\u00ed zdaleka tak smrt\u00edc\u00ed, jak se ob\u00e1val<\/li>\n<li>4. b\u0159ezna: V\u00e1\u0161 l\u00e9ka\u0159 nepropad\u00e1 panice a vy byste tak\u00e9 nem\u011bli panika\u0159it<\/li>\n<li>6. b\u0159ezna: Doktor mluv\u00ed o zbyte\u010dn\u00e9 panice kv\u016fli Covidu<\/li>\n<li>9. b\u0159ezna: \u010cl\u00e1nek o tom, jak je Covid skute\u010dn\u011b nebezpe\u010dn\u00fd pouze pro seniory<\/li>\n<li>12. b\u0159ezna: Vedouc\u00ed l\u00e9ka\u0159 \u0159\u00edk\u00e1, \u017ee lid\u00e9 by nem\u011bli nosit rou\u0161ky<\/li>\n<li>13. b\u0159ezna: Recenze zjistila v\u00e1\u017en\u00e9 probl\u00e9my s du\u0161evn\u00edm zdrav\u00edm s prodlou\u017eenou karant\u00e9nou<\/li>\n<li>15. b\u0159ezna: Organizace l\u00e9ka\u0159\u016f pova\u017euje zru\u0161en\u00ed voliteln\u00fdch ordinac\u00ed za zbyte\u010dn\u00e9 a nebezpe\u010dn\u00e9<\/li>\n<li>17. b\u0159ezna: Varov\u00e1n\u00ed p\u0159ed finan\u010dn\u00ed kriz\u00ed, ob\u010dansk\u00fdmi nepokoji, ob\u010dansk\u00fdmi nepokoji, v\u00e1lkou a kolapsem soci\u00e1ln\u00ed struktury<\/li>\n<li>19. b\u0159ezna: \u010cl\u00e1nek o nadm\u011brn\u00e9 reakci na Covid a jej\u00edch probl\u00e9mech<\/li>\n<li>25. b\u0159ezna: \u00dadaje o zdravotn\u00edch dopadech ekonomick\u00e9ho kolapsu<\/li>\n<li>26. b\u0159ezna: Prvn\u00ed n\u00e1znaky, \u017ee nemocnice nespr\u00e1vn\u011b uv\u00e1d\u011bj\u00ed Covid jako p\u0159\u00ed\u010dinu smrti<\/li>\n<li>26. b\u0159ezna: Prvn\u00ed data ukazuj\u00ed, \u017ee na Covid reagujeme p\u0159ehnan\u011b<\/li>\n<li>28. b\u0159ezna: Lockdown Damage Predictions: Drogy, sebevra\u017eda a zlo\u010din<\/li>\n<li>28. b\u0159ezna: Guardian popisuje n\u00e1r\u016fst dom\u00e1c\u00edho n\u00e1sil\u00ed po cel\u00e9m sv\u011bt\u011b<\/li>\n<li>30. b\u0159ezna: Studie ukazuje, \u017ee d\u011bti nejsou hlavn\u00edmi p\u0159ena\u0161e\u010di Covidu<\/li>\n<li>1. dubna: \u010cl\u00e1nek uv\u00e1d\u011bj\u00edc\u00ed masky neposkytuj\u00ed mimo nemocnice \u017e\u00e1dn\u00e9 v\u00fdhody<\/li>\n<li>3. dubna: P\u0159ehled nebezpe\u010d\u00ed blokov\u00e1n\u00ed<\/li>\n<li>4. dubna: Varov\u00e1n\u00ed p\u0159ed po\u0161kozen\u00edm zdr\u017eov\u00e1n\u00edm l\u00e9ka\u0159sk\u00fdch postup\u016f, kter\u00e9 nejsou zalo\u017eeny na Covidu<\/li>\n<li>4. dubna: V\u00fdzkum ukazuje sez\u00f3nnost koronavir\u016f<\/li>\n<li>6. dubna: OSN varuje p\u0159ed n\u00e1r\u016fstem dom\u00e1c\u00edho n\u00e1sil\u00ed<\/li>\n<li>6. dubna: \u010cl\u00e1nek o dom\u00e1c\u00edm n\u00e1sil\u00ed ve v\u011bzen\u00ed<\/li>\n<li>7. dubna: Studie z \u010c\u00edny ukazuje, \u017ee ze 7 324 p\u0159\u00edpad\u016f COVID-19 se pouze dva p\u0159enosy odehr\u00e1ly venku<\/li>\n<li>7. dubna: \u010cl\u00e1nek o psychologick\u00fdch n\u00e1kladech na opu\u0161t\u011bn\u00ed \u0161koly pro d\u011bti<\/li>\n<li>8. dubna: V\u00fdzkum ukazuje, \u017ee zav\u00edr\u00e1n\u00ed \u0161kol nen\u00ed u\u017eite\u010dn\u00e9 a zp\u016fsobuje velk\u00e9 \u0161kody<\/li>\n<li>13. dubna: Dal\u0161\u00ed potvrzen\u00ed n\u00e1r\u016fstu dom\u00e1c\u00edho n\u00e1sil\u00ed v d\u016fsledku zav\u00edr\u00e1n\u00ed \u0161kol<\/li>\n<li>14. dubna: Je velmi nepravd\u011bpodobn\u00e9, \u017ee by se d\u011bti nakazily Covidem<\/li>\n<li>15. dubna: T\u00e9m\u011b\u0159 \u017e\u00e1dn\u00fd p\u0159enos z venkovn\u00edch aktivit<\/li>\n<li>15. dubna: R\u016fzn\u00e9 p\u0159\u00edstupy jednotliv\u00fdch zem\u00ed maj\u00ed mal\u00fd dopad na \u00famrt\u00ed na covid<\/li>\n<li>15. dubna: Molekul\u00e1rn\u00ed biolog m\u00e1 podez\u0159en\u00ed, \u017ee l\u00e9\u010dba je hor\u0161\u00ed ne\u017e nemoc<\/li>\n<li>16. dubna: P\u0159ehled OSN o chudob\u011b\/\u00famrt\u00edch, kter\u00e9 budou d\u016fsledkem blokov\u00e1n\u00ed<\/li>\n<li>16. dubna: Studie masek CDC dosp\u011bla k z\u00e1v\u011bru, \u017ee masky nefunguj\u00ed<\/li>\n<li>17. dubna: Informace o \u0161kodlivosti p\u0159eru\u0161en\u00fdch procedur<\/li>\n<li>20. dubna: Oxfordsk\u00fd profesor \u0159\u00edk\u00e1, \u017ee p\u0159\u00edpady vyvrcholily ve Spojen\u00e9m kr\u00e1lovstv\u00ed p\u0159ed uzam\u010den\u00edm<\/li>\n<li>22. dubna: Potenci\u00e1ln\u011b 60 000 \u00famrt\u00ed na rakovinu kv\u016fli nedostatku screeningu\/l\u00e9\u010dby<\/li>\n<li>23. dubna: \u0160kody, kter\u00e9 uz\u00e1v\u011bry zp\u016fsobuj\u00ed lidem se srde\u010dn\u00edmi probl\u00e9my<\/li>\n<li>24. dubna: \u00dadaje o psychick\u00e9 z\u00e1t\u011b\u017ei zav\u00edr\u00e1n\u00ed \u0161kol<\/li>\n<li>24. dubna: Studie ukazuje, \u017ee zav\u00edr\u00e1n\u00ed \u0161kol je nejm\u00e9n\u011b n\u00e1kladov\u011b efektivn\u00ed pandemick\u00e1 politika<\/li>\n<li>27. dubna: N\u00e1r\u016fst dom\u00e1c\u00edho n\u00e1sil\u00ed b\u011bhem zav\u00edr\u00e1n\u00ed \u0161kol<\/li>\n<li>28. dubna: Rostouc\u00ed zneu\u017e\u00edv\u00e1n\u00ed d\u011bt\u00ed je vedlej\u0161\u00edm efektem zav\u00edr\u00e1n\u00ed \u0161kol Covid<\/li>\n<li>29. dubna: \u00damrt\u00ed na rakovinu by se kv\u016fli uzav\u00edrk\u00e1m mohlo zv\u00fd\u0161it o 20 %.<\/li>\n<li>30. dubna: Studie s\u00e9roprevalence v Santa Clara ukazuje vysokou prevalenci<\/li>\n<li>1. kv\u011btna: D\u016fkazy z Evropy, \u017ee blokov\u00e1n\u00ed je ne\u00fa\u010dinn\u00e9<\/li>\n<\/ul>\n<\/div>\n<\/div>\n<div class=\"elementor-element elementor-element-8c57238 quelle dc-has-condition dc-condition-empty elementor-widget elementor-widget-heading\" data-id=\"8c57238\" data-element_type=\"widget\" data-widget_type=\"heading.default\">\n<div class=\"elementor-widget-container\">\n<h3 class=\"elementor-heading-title elementor-size-default\"><span style=\"font-size: 8pt;\"><a href=\"https:\/\/dailysceptic.org\/2022\/11\/04\/debunking-the-myth-that-lockdown-was-justified-because-we-didnt-know\/\" target=\"_blank\" rel=\"nofollow noopener\">ZDROJ<\/a><\/span><\/h3>\n<p>&nbsp;<\/p>\n<\/div>\n<\/div>\n","protected":false},"excerpt":{"rendered":"<p>Tvrzen\u00ed je nyn\u00ed sly\u0161et v\u0161ude: museli jsme se izolovat, proto\u017ee jsme o tomto viru prost\u011b&#8230;<\/p>\n","protected":false},"author":2,"featured_media":17929,"comment_status":"closed","ping_status":"closed","sticky":false,"template":"","format":"standard","meta":[],"categories":[7],"tags":[23,48,1458],"_links":{"self":[{"href":"https:\/\/www.infokuryr.cz\/n\/wp-json\/wp\/v2\/posts\/17928"}],"collection":[{"href":"https:\/\/www.infokuryr.cz\/n\/wp-json\/wp\/v2\/posts"}],"about":[{"href":"https:\/\/www.infokuryr.cz\/n\/wp-json\/wp\/v2\/types\/post"}],"author":[{"embeddable":true,"href":"https:\/\/www.infokuryr.cz\/n\/wp-json\/wp\/v2\/users\/2"}],"replies":[{"embeddable":true,"href":"https:\/\/www.infokuryr.cz\/n\/wp-json\/wp\/v2\/comments?post=17928"}],"version-history":[{"count":1,"href":"https:\/\/www.infokuryr.cz\/n\/wp-json\/wp\/v2\/posts\/17928\/revisions"}],"predecessor-version":[{"id":17930,"href":"https:\/\/www.infokuryr.cz\/n\/wp-json\/wp\/v2\/posts\/17928\/revisions\/17930"}],"wp:featuredmedia":[{"embeddable":true,"href":"https:\/\/www.infokuryr.cz\/n\/wp-json\/wp\/v2\/media\/17929"}],"wp:attachment":[{"href":"https:\/\/www.infokuryr.cz\/n\/wp-json\/wp\/v2\/media?parent=17928"}],"wp:term":[{"taxonomy":"category","embeddable":true,"href":"https:\/\/www.infokuryr.cz\/n\/wp-json\/wp\/v2\/categories?post=17928"},{"taxonomy":"post_tag","embeddable":true,"href":"https:\/\/www.infokuryr.cz\/n\/wp-json\/wp\/v2\/tags?post=17928"}],"curies":[{"name":"wp","href":"https:\/\/api.w.org\/{rel}","templated":true}]}}