{"id":17903,"date":"2022-11-07T05:41:56","date_gmt":"2022-11-07T04:41:56","guid":{"rendered":"http:\/\/www.infokuryr.cz\/n\/?p=17903"},"modified":"2022-11-07T05:41:56","modified_gmt":"2022-11-07T04:41:56","slug":"svastika-na-batohu-ukrajinskeho-vojaka","status":"publish","type":"post","link":"https:\/\/www.infokuryr.cz\/n\/2022\/11\/07\/svastika-na-batohu-ukrajinskeho-vojaka\/","title":{"rendered":"Svastika na batohu ukrajinsk\u00e9ho voj\u00e1ka"},"content":{"rendered":"<div id=\"fb-root\"><\/div>\n<p><strong>Izraelsk\u00fd novin\u00e1\u0159 Zvika Klein, analytik listu The Jerusalem Post zve\u0159ejnil na Twitteru fotografii p\u0159\u00edslu\u0161n\u00edka ukrajinsk\u00fdch ozbrojen\u00fdch sil s n\u00e1\u0161ivkou v podob\u011b h\u00e1kov\u00e9ho k\u0159\u00ed\u017ee nacistick\u00e9ho N\u011bmecka na batohu.<\/strong><\/p>\n<p style=\"font-weight: 400;\">\u201eUkrajinsk\u00fd voj\u00e1k \u017eidovsk\u00e9 n\u00e1rodnosti byl v\u010dera ve vlaku do Kyjeva a vid\u011bl tohoto ukrajinsk\u00e9ho voj\u00e1ka s batohem, kter\u00fd m\u011bl na p\u0159edn\u00ed stran\u011b nacistick\u00fd h\u00e1kov\u00fd k\u0159\u00ed\u017e,&#8220; napsal dnes u zve\u0159ejn\u011bn\u00e9 fotografie.<\/p>\n<p style=\"font-weight: 400;\">\u201eDouf\u00e1m, \u017ee to nen\u00ed popul\u00e1rn\u00ed trend,\u201c uv\u00e1d\u00ed Klein a klade tuto ot\u00e1zku prezidentu Zelensk\u00e9mu, kter\u00fd s\u00e1m je tak\u00e9 \u017eidovsk\u00e9ho p\u016fvodu a jeho rodi\u010de v\u00a0sou\u010dasn\u00e9 dob\u011b \u017eij\u00ed v Izraeli.<\/p>\n<p><img decoding=\"async\" loading=\"lazy\" class=\"alignnone size-full wp-image-1185\" src=\"http:\/\/www.infokuryr.cz\/n\/wp-content\/uploads\/2021\/04\/kuryr-podpis.png\" alt=\"\" width=\"84\" height=\"24\" \/><\/p>\n<p>&nbsp;<\/p>\n","protected":false},"excerpt":{"rendered":"<p>Izraelsk\u00fd novin\u00e1\u0159 Zvika Klein, analytik listu The Jerusalem Post zve\u0159ejnil na Twitteru fotografii p\u0159\u00edslu\u0161n\u00edka ukrajinsk\u00fdch&#8230;<\/p>\n","protected":false},"author":2,"featured_media":17904,"comment_status":"closed","ping_status":"closed","sticky":false,"template":"","format":"standard","meta":[],"categories":[7],"tags":[113,26,1600],"_links":{"self":[{"href":"https:\/\/www.infokuryr.cz\/n\/wp-json\/wp\/v2\/posts\/17903"}],"collection":[{"href":"https:\/\/www.infokuryr.cz\/n\/wp-json\/wp\/v2\/posts"}],"about":[{"href":"https:\/\/www.infokuryr.cz\/n\/wp-json\/wp\/v2\/types\/post"}],"author":[{"embeddable":true,"href":"https:\/\/www.infokuryr.cz\/n\/wp-json\/wp\/v2\/users\/2"}],"replies":[{"embeddable":true,"href":"https:\/\/www.infokuryr.cz\/n\/wp-json\/wp\/v2\/comments?post=17903"}],"version-history":[{"count":0,"href":"https:\/\/www.infokuryr.cz\/n\/wp-json\/wp\/v2\/posts\/17903\/revisions"}],"wp:featuredmedia":[{"embeddable":true,"href":"https:\/\/www.infokuryr.cz\/n\/wp-json\/wp\/v2\/media\/17904"}],"wp:attachment":[{"href":"https:\/\/www.infokuryr.cz\/n\/wp-json\/wp\/v2\/media?parent=17903"}],"wp:term":[{"taxonomy":"category","embeddable":true,"href":"https:\/\/www.infokuryr.cz\/n\/wp-json\/wp\/v2\/categories?post=17903"},{"taxonomy":"post_tag","embeddable":true,"href":"https:\/\/www.infokuryr.cz\/n\/wp-json\/wp\/v2\/tags?post=17903"}],"curies":[{"name":"wp","href":"https:\/\/api.w.org\/{rel}","templated":true}]}}