{"id":17872,"date":"2022-11-06T06:42:48","date_gmt":"2022-11-06T05:42:48","guid":{"rendered":"http:\/\/www.infokuryr.cz\/n\/?p=17872"},"modified":"2022-11-06T06:42:48","modified_gmt":"2022-11-06T05:42:48","slug":"scott-ritter-vyhrat-muze-jen-jeden","status":"publish","type":"post","link":"https:\/\/www.infokuryr.cz\/n\/2022\/11\/06\/scott-ritter-vyhrat-muze-jen-jeden\/","title":{"rendered":"Scott Ritter: \u201eVyhr\u00e1t m\u016f\u017ee jen jeden\u201c"},"content":{"rendered":"<div id=\"fb-root\"><\/div>\n<p>Hegemonie Spojen\u00fdch st\u00e1t\u016f je v \u00fapadku a v mezin\u00e1rodn\u00edch vztaz\u00edch ustupuje multipolarit\u011b, \u0159ekl b\u00fdval\u00fd zpravodajsk\u00fd d\u016fstojn\u00edk Scott Ritter pro Consortium News.<\/p>\n<p><strong><em>\u201e\u00c9ra americk\u00e9 dominance skon\u010dila.\u00a0Je \u010das p\u0159ej\u00edt k tomu, co n\u00e1s \u010dek\u00e1 v budoucnu \u2013 k nov\u00e9 \u00e9\u0159e multipolarity, kde je Amerika pouze jednou z mnoha,\u201c<\/em><\/strong>\u00a0<a href=\"https:\/\/ria.ru\/20221104\/ssha-1829246407.html\">cituje autora RIA Novosti.<\/a><\/p>\n<p>Ritter pouk\u00e1zal na existenci dvou pohled\u016f na budoucnost sv\u011btov\u00e9ho \u0159\u00e1du.<\/p>\n<p>Podle odborn\u00edka m\u016f\u017ee vyhr\u00e1t jen jeden z nich.<\/p>\n<p><em>\u201eBojov\u00e9 linie ji\u017e byly vyty\u010deny: na jedn\u00e9 stran\u011b unipolarita veden\u00e1 Spojen\u00fdmi st\u00e1ty, na druh\u00e9 multipolarita veden\u00e1 Ruskem a \u010c\u00ednou,\u201c\u00a0<\/em>vysv\u011btlil d\u016fstojn\u00edk.<\/p>\n<p>Scott Ritter z\u00e1rove\u0148 poznamen\u00e1v\u00e1, \u017ee Washington v t\u00e9to konfrontaci ji\u017e prohr\u00e1v\u00e1:<\/p>\n<p><em>\u201eG7 prohr\u00e1v\u00e1 s BRICS, NATO se \u0161t\u011bp\u00ed, zat\u00edmco \u0160OS posiluje svou pozici.\u00a0Nav\u00edc EU je na pokraji zhroucen\u00ed a Euroasijsk\u00e1 hospod\u00e1\u0159sk\u00e1 unie, zalo\u017een\u00e1 podle n\u00e1zor\u016f Moskvy a Pekingu, naopak vzkv\u00e9t\u00e1\u201c.<\/em><\/p>\n<p><em>\u201eSpojen\u00e9 st\u00e1ty jsou v \u00fapadku.\u00a0Americk\u00fd model demokracie selh\u00e1v\u00e1 i doma, u\u017e nen\u00ed schopen b\u00fdt p\u0159\u00edkladem k n\u00e1sledov\u00e1n\u00ed na sv\u011btov\u00e9 sc\u00e9n\u011b,\u201c<\/em>\u00a0uzav\u0159el Ritter.<\/p>\n<p>Prezident Vladimir Putin b\u011bhem sv\u00e9ho projevu na plen\u00e1rn\u00edm zased\u00e1n\u00ed Mezin\u00e1rodn\u00edho diskusn\u00edho klubu Valdaj \u0159ekl, \u017ee v podm\u00ednk\u00e1ch hegemonie nelze nal\u00e9zt rovnov\u00e1hu z\u00e1jm\u016f.\u00a0Podle prezidenta, zast\u00e1nci kontroly nad ostatn\u00edmi st\u00e1ty budou muset po\u010d\u00edtat s opr\u00e1vn\u011bn\u00fdmi po\u017eadavky naprost\u00e9 v\u011bt\u0161iny \u00fa\u010dastn\u00edk\u016f mezin\u00e1rodn\u00edho procesu \u2013 a ne slovy, ale \u010diny.<\/p>\n<p><em>Pro Pokec24 p\u0159elo\u017eila Janinna<\/em><\/p>\n<p><a href=\"https:\/\/bit.ly\/3TasCVI\">ZDROJ<\/a><\/p>\n<p>&nbsp;<\/p>\n","protected":false},"excerpt":{"rendered":"<p>Hegemonie Spojen\u00fdch st\u00e1t\u016f je v \u00fapadku a v mezin\u00e1rodn\u00edch vztaz\u00edch ustupuje multipolarit\u011b, \u0159ekl b\u00fdval\u00fd zpravodajsk\u00fd&#8230;<\/p>\n","protected":false},"author":2,"featured_media":16644,"comment_status":"closed","ping_status":"closed","sticky":false,"template":"","format":"standard","meta":[],"categories":[7],"tags":[2470,371,22,37],"_links":{"self":[{"href":"https:\/\/www.infokuryr.cz\/n\/wp-json\/wp\/v2\/posts\/17872"}],"collection":[{"href":"https:\/\/www.infokuryr.cz\/n\/wp-json\/wp\/v2\/posts"}],"about":[{"href":"https:\/\/www.infokuryr.cz\/n\/wp-json\/wp\/v2\/types\/post"}],"author":[{"embeddable":true,"href":"https:\/\/www.infokuryr.cz\/n\/wp-json\/wp\/v2\/users\/2"}],"replies":[{"embeddable":true,"href":"https:\/\/www.infokuryr.cz\/n\/wp-json\/wp\/v2\/comments?post=17872"}],"version-history":[{"count":0,"href":"https:\/\/www.infokuryr.cz\/n\/wp-json\/wp\/v2\/posts\/17872\/revisions"}],"wp:featuredmedia":[{"embeddable":true,"href":"https:\/\/www.infokuryr.cz\/n\/wp-json\/wp\/v2\/media\/16644"}],"wp:attachment":[{"href":"https:\/\/www.infokuryr.cz\/n\/wp-json\/wp\/v2\/media?parent=17872"}],"wp:term":[{"taxonomy":"category","embeddable":true,"href":"https:\/\/www.infokuryr.cz\/n\/wp-json\/wp\/v2\/categories?post=17872"},{"taxonomy":"post_tag","embeddable":true,"href":"https:\/\/www.infokuryr.cz\/n\/wp-json\/wp\/v2\/tags?post=17872"}],"curies":[{"name":"wp","href":"https:\/\/api.w.org\/{rel}","templated":true}]}}