{"id":17868,"date":"2022-11-06T06:34:48","date_gmt":"2022-11-06T05:34:48","guid":{"rendered":"http:\/\/www.infokuryr.cz\/n\/?p=17868"},"modified":"2022-11-06T06:34:48","modified_gmt":"2022-11-06T05:34:48","slug":"dostal-manzel-ursuly-von-der-leyenove-provizi-760-milionu-usd-za-unijni-nakup-vakcin-od-pfizeru","status":"publish","type":"post","link":"https:\/\/www.infokuryr.cz\/n\/2022\/11\/06\/dostal-manzel-ursuly-von-der-leyenove-provizi-760-milionu-usd-za-unijni-nakup-vakcin-od-pfizeru\/","title":{"rendered":"Dostal man\u017eel Ursuly von der Leyenov\u00e9 provizi 760 milion\u016f USD za unijn\u00ed n\u00e1kup vakc\u00edn od Pfizeru?"},"content":{"rendered":"<div id=\"fb-root\"><\/div>\n<p><span style=\"font-size: 18pt;\"><em><strong>Fotografie: Takhle ji vid\u011bli n\u011bme\u010dt\u00ed karikaturisti v\u00a0dob\u011b, kdy\u017e ni\u010dila Bundeswehr<\/strong><\/em><\/span><\/p>\n<p><strong>Mohsen Abdelmoumen sepsal pro web (Ri)Reseau International \u017eivotopis p\u0159edsedkyn\u011b Evropsk\u00e9 komise, ze kter\u00e9ho vypl\u00fdv\u00e1, \u017ee na prvn\u00edm m\u00edst\u011b je u\u00a0n\u00ed blaho jej\u00ed a\u00a0jej\u00ed rodiny:<\/strong><\/p>\n<p>\u201eOd 24.\u00a0\u00fanora nezn\u00e1 hysterie evropsk\u00fdch v\u016fdc\u016f a\u00a0z\u00e1padn\u00edho tisku mez\u00ed. Je to datum, kdy Rusk\u00e1 federace zah\u00e1jila svou speci\u00e1ln\u00ed operaci na Ukrajin\u011b. Ka\u017ed\u00fd den p\u0159in\u00e1\u0161\u00ed dal\u0161\u00ed d\u00edl rozm\u00e1chl\u00fdch prohl\u00e1\u0161en\u00ed z\u00e1padn\u00edch p\u0159edstavitel\u016f, kter\u00e1 nazna\u010duj\u00ed, \u017ee ztratili ve\u0161kerou p\u0159edv\u00eddavost a\u00a0rozli\u0161ovac\u00ed schopnosti. V\u016fdkyn\u00ed tohoto zu\u0159iv\u00e9ho davu nen\u00ed nikdo jin\u00fd, ne\u017e p\u0159edsedkyn\u011b Evropsk\u00e9 komise Ursula von der Leyenov\u00e1, kterou Angela Merkelov\u00e1 instalovala do \u010dela Komise, aby unikla probl\u00e9m\u016fm, kter\u00e9 by nastaly po\u00a0\u010detn\u00fdch konfliktech z\u00e1jm\u016f a\u00a0machinac\u00edch, kter\u00fdmi se vyzna\u010doval jej\u00ed pobyt na n\u011bmeck\u00e9m ministerstvu obrany.<\/p>\n<p>Von der Leyenov\u00e1 m\u00e1 toti\u017e tendenci zapojovat svou rodinu do sv\u00e9 politick\u00e9 kari\u00e9ry a\u00a0zapojovat sv\u00e9 bl\u00edzk\u00e9 do realizace smluv s\u00a0ok\u00e1zal\u00fdmi v\u00fdhodami. P\u0159\u00edkladem jsou smlouvy podepsan\u00e9 ministerstvem obrany v\u00a0dob\u011b, kdy byla ministryn\u00ed, na \u010d\u00e1stky n\u011bkolika milion\u016f eur, na kter\u00e9 se m\u011bla \u201epod\u00edvat\u201c vy\u0161et\u0159ovac\u00ed komise Spolkov\u00e9ho sn\u011bmu\u2026 Ale nane\u0161t\u011bst\u00ed, SMS a\u00a0historie rozhovor\u016f von der Leyenov\u00e9, kter\u00e9 mohly slou\u017eit jako d\u016fkaz, z\u00a0jej\u00edho telefonu zmizely. Tato velk\u00e1 d\u00e1ma germ\u00e1nsk\u00e9 bur\u017eoazie nen\u00ed sice p\u0159\u00edli\u0161 schopn\u00e1, ale dost mazan\u00e1 na to, aby vymazala v\u0161echny d\u016fkazy o\u00a0sv\u00e9 \u201erozhazova\u010dnosti\u201c.<\/p>\n<p>Nejen, \u017ee je Ursula von der Leyenov\u00e1 neschopn\u00e1, ale tak\u00e9 se ut\u00e1p\u00ed v\u00a0\u0159ad\u011b probl\u00e9m\u016f. Ty za\u010daly b\u011bhem jej\u00edch studi\u00ed na univerzit\u011b v\u00a0Hannoveru v\u00a0N\u011bmecku, kde studovala medic\u00ednu a\u00a0kde u\u010dil jej\u00ed man\u017eel. V\u00a0roce 2015 antiplagi\u00e1torsk\u00fd web VroniPlag Wiki zjistil, \u017ee 43,5\u00a0% jej\u00ed doktorsk\u00e9 pr\u00e1ce bylo zkop\u00edrov\u00e1no. N\u011bkolik v\u00fdznamn\u00fdch n\u011bmeck\u00fdch akademik\u016f ji obvinilo z\u00a0\u00famysln\u00e9ho plagi\u00e1torstv\u00ed, ale po\u00a0akademick\u00e9m vy\u0161et\u0159ov\u00e1n\u00ed zah\u00e1jen\u00e9m v\u00a0roce 2016 bylo rozhodnuto, \u017ee j\u00ed nebude odebr\u00e1n doktorsk\u00fd titul z\u00a0d\u016fvodu, \u017ee nelze prok\u00e1zat \u00famysl klamat. Tak\u017ee Ursula von der Leyenov\u00e1 ukradla pr\u00e1ci n\u011bkoho jin\u00e9ho, ani\u017e by si to uv\u011bdomovala? Podl\u00e9hala snad n\u00e1val\u016fm somnambulismu, b\u011bhem kter\u00fdch d\u011blala kopie? Dal\u0161\u00ed podvod \u2013 jej\u00ed \u017eivotopis nazna\u010doval, \u017ee nav\u0161t\u011bvovala Stanfordskou univerzitu jako \u201ehostuj\u00edc\u00ed auditor\u201c, i\u00a0kdy\u017e tato pozice neexistuje. Je to jen detail, ale odhaluje osobnost toho, kdo v\u00a0sou\u010dasnosti vl\u00e1dne Evrop\u011b jako nov\u00fd F\u00fchrer a\u00a0kter\u00fd vnucuje sv\u016fj dikt\u00e1t milion\u016fm lid\u00ed, ani\u017e by kdy byl zvolen. Pr\u00e1v\u011b tak\u00e9 prohl\u00e1sila, \u017ee v\u00a0kl\u00ed\u010dov\u00fdch oblastech politiky Evropsk\u00e9 unie u\u017e jednomysln\u00e9 hlasov\u00e1n\u00ed nem\u00e1 smysl, pokud chce Evropsk\u00e1 unie jednat rychleji. Von der Leyenov\u00e1 u\u017e neskr\u00fdv\u00e1 sv\u00e9 \u00famysly vl\u00e1dnout jako skute\u010dn\u00fd dikt\u00e1tor. Bude se Evropsk\u00e1 unie i\u00a0nad\u00e1le chlubit sv\u00fdmi demokratick\u00fdmi \u201ehodnotami\u201c?<\/p>\n<p>Vra\u0165me se trochu zp\u011bt. Ursula von der Leyen nastoupila do sv\u00e9 funkce na n\u011bmeck\u00e9m ministerstvu obrany v\u00a0prosinci 2013 a\u00a0kdy z\u00e1vratn\u00e9 v\u00fddaje ministryn\u011b upozornily p\u0159edsedu \u00da\u010detn\u00edho dvora, kter\u00fd m\u011bl d\u016fvod se domn\u00edvat, \u017ee ministerstvo obrany pod veden\u00edm Ursuly von der Leyenov\u00e9 utr\u00e1celo spoustu pen\u011bz za poradensk\u00e9 slu\u017eby. Podle \u00da\u010detn\u00edho dvora tak ministerstvo obrany v\u00a0roce 2015 utratilo 100 milion\u016f eur, v\u00a0roce 2016 pak 150 milion\u016f eur na n\u00e1klady na konzultace smluv, p\u0159i\u010dem\u017e byly ve\u0159ejn\u011b deklarov\u00e1ny mnohem ni\u017e\u0161\u00ed \u010d\u00e1stky. Zd\u00e1 se, \u017ee to byla poradensk\u00e1 firma McKinsey, kter\u00e1 byla zodpov\u011bdn\u00e1 za poradenstv\u00ed ministryni von der Leyenov\u00e9, ani\u017e by kdy pro\u0161la v\u00fdb\u011brov\u00fdm \u0159\u00edzen\u00edm. Snadno pochop\u00edme pro\u010d, kdy\u017e v\u00edme, \u017ee jedn\u00edm ze spolupracovn\u00edk\u016f firmy McKinsey byl von der Leyenov\u00e9 vlastn\u00ed syn David a\u00a0\u017ee se pod\u00edlel na zisc\u00edch spole\u010dnosti. Sv\u011b\u0159en\u00ed poradenstv\u00ed ministerstva do rukou soukrom\u00fdch spole\u010dnost\u00ed je nesm\u00edrn\u011b v\u00e1\u017en\u00e1 v\u011bc, ale Ursule von der Leyenov\u00e9, kter\u00e1 vid\u00ed pouze sv\u00e9 vlastn\u00ed z\u00e1jmy a\u00a0z\u00e1jmy sv\u00e9 rodiny, na takov\u00fdch ohledech zjevn\u011b p\u0159\u00edli\u0161 nez\u00e1le\u017e\u00ed.<\/p>\n<p>Podle n\u011bmeck\u00e9ho tisku von der Leyenov\u00e1 bezstarostn\u011b utr\u00e1cela ve\u0159ejn\u00e9 pen\u00edze za smlouvy s\u00a0extern\u00edmi poradci, kte\u0159\u00ed p\u0159ich\u00e1zeli a\u00a0odch\u00e1zeli z\u00a0ministerstva s\u00a0obrovsk\u00fdmi denn\u00edmi sazbami, a\u00a0nav\u00edc m\u011bli p\u0159\u00edstup k\u00a0d\u016fv\u011brn\u00fdm dokument\u016fm a\u00a0m\u011bli tak\u00e9 e-mailov\u00e9 adresy odd\u011blen\u00ed. Vzhledem k\u00a0tomu, \u017ee ministerstvo obrany utratilo miliony eur za zak\u00e1zky ud\u011blen\u00e9 t\u011bmto extern\u00edm poradensk\u00fdm firm\u00e1m, byla v\u00a0roce 2018 pov\u011b\u0159ena vy\u0161et\u0159ovac\u00ed komise organizovan\u00e1 n\u011bmeck\u00fdm Spolkov\u00fdm finan\u010dn\u00edm \u00fa\u0159adem, aby trochu bl\u00ed\u017ee prozkoumala katastrof\u00e1ln\u00ed hospoda\u0159en\u00ed von der Leyenov\u00e9. Kontroln\u00ed \u00fa\u0159ad zjistil n\u011bkolik nesrovnalost\u00ed ve zp\u016fsobu zad\u00e1v\u00e1n\u00ed zak\u00e1zek a\u00a0pro \u00fa\u010dely vy\u0161et\u0159ov\u00e1n\u00ed byly zabaveny dva telefony von der Leyenov\u00e9, ale \u00fadaje na obou telefonech byly vymaz\u00e1ny. V\u00a0prosinci 2019 podal Tobias Lindner, poslanec Aliance 90\/The Greens, trestn\u00ed ozn\u00e1men\u00ed za vymaz\u00e1n\u00ed dat z\u00a0mobiln\u00edch telefon\u016f Ursuly von der Leyenov\u00e9 s\u00a0odkazem na \u00famysln\u00e9 ni\u010den\u00ed d\u016fkaz\u016f.<\/p>\n<p>Zd\u00e1 se tedy, \u017ee krom\u011b toho, \u017ee je Von der Leyenov\u00e1 recidivistkou, pokud jde o\u00a0korupci a\u00a0st\u0159ety z\u00e1jm\u016f, m\u00e1 i\u00a0m\u00e1nii v\u00a0\u010di\u0161t\u011bn\u00ed sv\u00fdch telefon\u016f. Od t\u00e9 doby, co je v\u00a0Evropsk\u00e9 komisi, se raz\u00ed kronika jej\u00edho \u201ep\u0159\u00edtel\u00ed\u010dkov\u00e1n\u00ed\u201c s\u00a0Albertem Bourlou, \u0161\u00e9fem spole\u010dnosti Pfizer (na obr\u00e1zku vpravo). Vym\u011bnila si s\u00a0n\u00edm toti\u017e esemesky, kter\u00e9 nechce prozradit i\u00a0p\u0159es v\u00fdslovnou \u017e\u00e1dost evropsk\u00e9 ombudsmanky Emily O\u2019Reillyov\u00e9, kter\u00e1 zjistila, \u017ee tato Ursula je rozhodn\u011b o\u0161kliv\u00e1 tajn\u016fstk\u00e1\u0159ka, tak tajn\u016fstk\u00e1\u0159sk\u00e1, \u017ee v\u0161echny sv\u00e9 esemesky op\u011bt vymazala, celou historii konverzace. A\u00a0nen\u00ed to n\u00e1hoda, jak zjist\u00edme. Uk\u00e1zalo se, \u017ee man\u017eel nov\u00e9 evropsk\u00e9 c\u00edsa\u0159ovny, doktor Heiko von der Leyen, byl katapultov\u00e1n na l\u00e9ka\u0159sk\u00e9ho \u0159editele americk\u00e9 farmaceutick\u00e9 spole\u010dnosti Orgenesis, kter\u00e1 se specializuje na v\u00fdzkum mRNA a\u00a0m\u00e1 bl\u00edzko ke spole\u010dnosti Pfizer. Z\u00a0p\u0159ednosty kliniky v\u00a0Hannoveru ode\u0161el n\u00e1hle do USA, aby se v\u00a0prosinci 2020 p\u0159ipojil k\u00a0veden\u00ed spole\u010dnosti Orgenesis, na sam\u00e9m za\u010d\u00e1tku toho, co se m\u011blo st\u00e1t pandemi\u00ed Covid. Plat: 1 milion dolar\u016f ro\u010dn\u011b pro n\u011bkoho, kdo nebyl pro tuto pr\u00e1ci \u0159\u00e1dn\u011b kvalifikov\u00e1n. Ale zd\u00e1 se, \u017ee u\u00a0von der Leyen\u016f je rodinnou tradic\u00ed vpl\u00ed\u017eit se na lukrativn\u00ed posty. Od t\u00e9 doby prob\u00edhala jedn\u00e1n\u00ed mezi Ursulou von der Leyenovou, jej\u00edm man\u017eelem a\u00a0\u0161\u00e9fem spole\u010dnosti Pfizer prost\u0159ednictv\u00edm v\u00fdm\u011bn SMS. A\u00a08.\u00a0kv\u011btna 2021 podepsala Ursula von der Leyenov\u00e1 jm\u00e9nem Evropsk\u00e9 komise smlouvu na n\u00e1kup 1,8 miliardy d\u00e1vek vakc\u00edn. Cena transakce dosud nebyla zve\u0159ejn\u011bna, ale odhaduje se na 36 miliard dolar\u016f, kter\u00e9 samoz\u0159ejm\u011b zaplat\u00ed evrop\u0161t\u00ed da\u0148ov\u00ed poplatn\u00edci. Kdo je u\u00a0vyjedn\u00e1v\u00e1n\u00ed smlouvy, dostane provizi, a\u00a0proto Dr. Heiko Von der Leyen obdr\u017eel \u201ev\u00fdkonnostn\u00ed bonus\u201c ve v\u00fd\u0161i 760 milion\u016f dolar\u016f.<\/p>\n<p>Poslanci Evropsk\u00e9ho parlamentu, kte\u0159\u00ed se sna\u017e\u00ed objasnit tajemn\u00e9 obchody mezi Komis\u00ed a\u00a0spole\u010dnost\u00ed Pfizer, obdr\u017eeli \u2013 ale v\u00a0omezen\u00e9m \u010dase na prostudov\u00e1n\u00ed a\u00a0se z\u00e1kazem po\u0159izov\u00e1n\u00ed pozn\u00e1mek \u2013 kopii smlouvy, ale polovina z\u00a090 stran zm\u00edn\u011bn\u00e9 smlouvy byla za\u010dern\u011bna a\u00a0pas\u00e1\u017ee souvisej\u00edc\u00ed s\u00a0nejd\u016fle\u017eit\u011bj\u0161\u00edmi prvky, jako jsou ceny a\u00a0dolo\u017eky o\u00a0odpov\u011bdnosti t\u00fdkaj\u00edc\u00ed se vedlej\u0161\u00edch \u00fa\u010dink\u016f, nebyly p\u0159\u00edstupn\u00e9.<\/p>\n<p>Jej\u00ed n\u00e1stup do p\u0159edsednictv\u00ed Evropsk\u00e9 komise j\u00ed zjevn\u011b stoupl do hlavy, proto\u017ee Ursula von der Leyenov\u00e1 provedla v\u00a0evropsk\u00fdch instituc\u00edch skute\u010dn\u00fd p\u0159evrat t\u00edm, \u017ee p\u0159ijala rozhodnut\u00ed, kter\u00e1 nejsou v\u00a0jej\u00ed kompetenci coby p\u0159edsedkyn\u011b EK. Jako je mimo jin\u00e9 z\u00e1kaz rusk\u00fdch sd\u011blovac\u00edch prost\u0159edk\u016f RT a\u00a0Sputnik. Rozhodla tak\u00e9 o\u00a0zas\u00edl\u00e1n\u00ed zbran\u00ed na Ukrajinu, p\u0159i\u010dem\u017e to samo o\u00a0sob\u011b p\u0159edstavuje skute\u010dn\u00e9 vyhl\u00e1\u0161en\u00ed v\u00e1lky Rusku, kter\u00e9 nespad\u00e1 do p\u016fsobnosti Komise a\u00a0kter\u00e9 je zcela v\u00a0rozporu se Smlouvou o\u00a0EU. Von der Leyenov\u00e9 je to ale jedno a\u00a0se zb\u011bsil\u00fdm z\u00e1palem pokra\u010duje v\u00a0drancov\u00e1n\u00ed evropsk\u00fdch instituc\u00ed. Proto\u017ee tak\u00e9 devastuje evropskou ekonomiku uvalen\u00edm groteskn\u00edch sankc\u00ed na Rusko, jejich\u017e bumerangov\u00fd efekt bolestn\u011b ovliv\u0148uje obyvatelstvo evropsk\u00fdch zem\u00ed. Od zah\u00e1jen\u00ed speci\u00e1ln\u00ed operace Ruska poslala na Ukrajinu 4 miliardy eur, zat\u00edmco Evropan\u00e9 vid\u00ed, jak rostou ceny energi\u00ed a\u00a0paliv, a\u00a0boj\u00ed se, zda budou schopni platit \u00fa\u010dty za topen\u00ed a\u00a0natankovat auto cestou do pr\u00e1ce.<\/p>\n<p>Dnes je Von der Leyenov\u00e1 ve v\u00e1lce proti Rusku, a\u00a0nutno \u0159\u00edci, \u017ee ve v\u00e1lce proti n\u00e1rod\u016fm Evropy, kter\u00e9 uvrhuje do z\u00e1huby a\u00a0recese. Je velmi sp\u0159\u00e1telen\u00e1 s\u00a0klaunem Zelensk\u00fdm, kter\u00e9mu pos\u00edl\u00e1 pen\u00edze od evropsk\u00fdch da\u0148ov\u00fdch poplatn\u00edk\u016f na zbrojen\u00ed a\u00a0kter\u00e9mu sl\u00edbila vstup Ukrajiny do evropsk\u00e9ho spole\u010denstv\u00ed. S\u00a0mo\u017enost\u00ed, \u017ee Ukrajina jako st\u00e1t p\u0159estane existovat t\u00edm, \u017ee se rozd\u011bl\u00ed na dv\u011b \u010d\u00e1sti, z\u00e1pad se vr\u00e1t\u00ed Polsku a\u00a0v\u00fdchod se vr\u00e1t\u00ed k\u00a0Rusk\u00e9 federaci, si \u010dlov\u011bk klade ot\u00e1zku, kter\u00e9 z\u00a0ukrajinsk\u00fdch \u00fazem\u00ed se p\u0159ipoj\u00ed k\u00a0Evrop\u011b. Ursula von der Leyenov\u00e1 je ale i\u00a0nad\u00e1le p\u0159esv\u011bd\u010dena, \u017ee svou v\u00e1lku proti Rusku vyhraje i\u00a0s\u00a0rizikem zavle\u010den\u00ed cel\u00e9 Evropy do bezprecedentn\u00ed krize. Zat\u00edm se j\u00ed da\u0159\u00ed propl\u00e9tat se vy\u0161et\u0159ov\u00e1n\u00edmi a\u00a0vyh\u00fdbat se spravedlnosti. Je nejvy\u0161\u0161\u00ed \u010das, aby se n\u00e1rody Evropy probudily z\u00a0om\u00e1men\u00ed, do kter\u00e9ho je uvrhl fa\u0161istick\u00fd re\u017eim evropsk\u00fdch \u201eelit\u201c, proto\u017ee to, co se r\u00fdsuje na obzoru, m\u016f\u017ee klidn\u011b znamenat konec Evropy a\u00a0za\u010d\u00e1tek chaosu.\u201c, napsal web Reseau International.<\/p>\n<p><strong>MUDr. Ivan David, CSc.<\/strong><\/p>\n<p class=\"-wm-MsoNormal\"><em>Zdroj:\u00a0<a href=\"https:\/\/www.facebook.com\/MUdrIDavid\/\" target=\"_blank\" rel=\"noopener\">https:\/\/www.facebook.com\/MUdrIDavid\/<\/a><\/em><\/p>\n","protected":false},"excerpt":{"rendered":"<p>Fotografie: Takhle ji vid\u011bli n\u011bme\u010dt\u00ed karikaturisti v\u00a0dob\u011b, kdy\u017e ni\u010dila Bundeswehr Mohsen Abdelmoumen sepsal pro web&#8230;<\/p>\n","protected":false},"author":2,"featured_media":17869,"comment_status":"closed","ping_status":"closed","sticky":false,"template":"","format":"standard","meta":[],"categories":[6],"tags":[29,315,3251,651],"_links":{"self":[{"href":"https:\/\/www.infokuryr.cz\/n\/wp-json\/wp\/v2\/posts\/17868"}],"collection":[{"href":"https:\/\/www.infokuryr.cz\/n\/wp-json\/wp\/v2\/posts"}],"about":[{"href":"https:\/\/www.infokuryr.cz\/n\/wp-json\/wp\/v2\/types\/post"}],"author":[{"embeddable":true,"href":"https:\/\/www.infokuryr.cz\/n\/wp-json\/wp\/v2\/users\/2"}],"replies":[{"embeddable":true,"href":"https:\/\/www.infokuryr.cz\/n\/wp-json\/wp\/v2\/comments?post=17868"}],"version-history":[{"count":0,"href":"https:\/\/www.infokuryr.cz\/n\/wp-json\/wp\/v2\/posts\/17868\/revisions"}],"wp:featuredmedia":[{"embeddable":true,"href":"https:\/\/www.infokuryr.cz\/n\/wp-json\/wp\/v2\/media\/17869"}],"wp:attachment":[{"href":"https:\/\/www.infokuryr.cz\/n\/wp-json\/wp\/v2\/media?parent=17868"}],"wp:term":[{"taxonomy":"category","embeddable":true,"href":"https:\/\/www.infokuryr.cz\/n\/wp-json\/wp\/v2\/categories?post=17868"},{"taxonomy":"post_tag","embeddable":true,"href":"https:\/\/www.infokuryr.cz\/n\/wp-json\/wp\/v2\/tags?post=17868"}],"curies":[{"name":"wp","href":"https:\/\/api.w.org\/{rel}","templated":true}]}}