{"id":17863,"date":"2022-11-06T01:08:42","date_gmt":"2022-11-06T00:08:42","guid":{"rendered":"http:\/\/www.infokuryr.cz\/n\/?p=17863"},"modified":"2022-11-05T17:29:15","modified_gmt":"2022-11-05T16:29:15","slug":"neuveritelne-tajne-spiknuti-proti-putinovi-provozovala-vcera-g-7-tajne-satanske-ritualy","status":"publish","type":"post","link":"https:\/\/www.infokuryr.cz\/n\/2022\/11\/06\/neuveritelne-tajne-spiknuti-proti-putinovi-provozovala-vcera-g-7-tajne-satanske-ritualy\/","title":{"rendered":"Neuv\u011b\u0159iteln\u00e9! Tajn\u00e9 spiknut\u00ed proti Putinovi? Provozovala v\u010dera G-7 tajn\u00e9 satansk\u00e9 ritu\u00e1ly?"},"content":{"rendered":"<div id=\"fb-root\"><\/div>\n<p>V\u010dera se provalilo, \u017ee posv\u00e1tn\u00fd krucifix z roku 1540, pod kter\u00fdm zvl\u00e1\u0161tn\u00ed vyslanci kr\u00e1l\u016f Francie a \u0160v\u00e9dska, a C\u00edsa\u0159e \u0159\u00ed\u0161e \u0159\u00edmsk\u00e9 a \u010cesk\u00e9ho kr\u00e1le, podpisy a p\u0159\u00edsahou, v zastoupen\u00ed panovn\u00edk\u016f, stvrdili platnost Vestf\u00e1lsk\u00e9ho m\u00edru, kter\u00fd ukon\u010dil t\u0159icetiletou v\u00e1lku,\u00a0<a href=\"https:\/\/jungefreiheit.de\/politik\/deutschland\/2022\/g7-gipfel-entfernt-kreuz\/\">musel b\u00fdt na p\u0159\u00edkaz pohlav\u00e1r\u016f G-7 okam\u017eit\u011b odstran\u011bn z m\u00edstnosti pod ochranou UNESCO<\/a>, aby se v pohlav\u00e1\u0159i mohli neru\u0161en\u011b poradit, jak podporovat v\u00e1lku proti Rusku. V N\u011bmecku a dal\u0161\u00edch k\u0159es\u0165ansk\u00fdch zem\u00edch Evropy vypukl v\u010dera obrovsk\u00fd skand\u00e1l. V dne\u0161n\u00ed anal\u00fdze si v\u0161e podrobn\u011bji vysv\u011btl\u00edme v historick\u00fdch souvislostech.<\/p>\n<p><img decoding=\"async\" loading=\"lazy\" class=\"wp-image-1885 aligncenter\" src=\"https:\/\/www.michalapetr.com\/wp-content\/uploads\/2022\/11\/Westfaelischer_Friede_in_Muenster_Gerard_Terborch_1648.jpg\" sizes=\"(max-width: 1024px) 100vw, 1024px\" srcset=\"https:\/\/www.michalapetr.com\/wp-content\/uploads\/2022\/11\/Westfaelischer_Friede_in_Muenster_Gerard_Terborch_1648.jpg 1024w, https:\/\/www.michalapetr.com\/wp-content\/uploads\/2022\/11\/Westfaelischer_Friede_in_Muenster_Gerard_Terborch_1648-300x232.jpg 300w, https:\/\/www.michalapetr.com\/wp-content\/uploads\/2022\/11\/Westfaelischer_Friede_in_Muenster_Gerard_Terborch_1648-768x595.jpg 768w, https:\/\/www.michalapetr.com\/wp-content\/uploads\/2022\/11\/Westfaelischer_Friede_in_Muenster_Gerard_Terborch_1648-705x546.jpg 705w, https:\/\/www.michalapetr.com\/wp-content\/uploads\/2022\/11\/Westfaelischer_Friede_in_Muenster_Gerard_Terborch_1648-450x348.jpg 450w\" alt=\"\" width=\"752\" height=\"582\" \/><\/p>\n<p>Obraz zachycuj\u00edc\u00ed slavnou p\u0159\u00edsahu vyslanc\u016f\u00a0 z 15. kv\u011btna 1648, kter\u00e1 ukon\u010dila v\u00e1lku mezi \u0160pan\u011blskem a Holandskem. P\u0159\u00edsaha se konala v n\u011bmeck\u00e9m\u00a0<a href=\"https:\/\/de.wikipedia.org\/wiki\/Historisches_Rathaus_M%C3%BCnster\">m\u011bst\u011b Munster, na radnici, a v tom sam\u00e9m s\u00e1le<\/a>\u00a0byla i 24. \u0159\u00edjna 1648 podeps\u00e1na i m\u00edrov\u00e1 smlouva mezi Francii, \u0160v\u00e9dskem a C\u00edsa\u0159em \u0159\u00ed\u0161e \u0159\u00edmsk\u00e9.<\/p>\n<p><img decoding=\"async\" loading=\"lazy\" class=\"wp-image-1886 aligncenter\" src=\"https:\/\/www.michalapetr.com\/wp-content\/uploads\/2022\/11\/g7-muenster-arbeitssitzung.jpg\" sizes=\"(max-width: 1230px) 100vw, 1230px\" srcset=\"https:\/\/www.michalapetr.com\/wp-content\/uploads\/2022\/11\/g7-muenster-arbeitssitzung.jpg 1230w, https:\/\/www.michalapetr.com\/wp-content\/uploads\/2022\/11\/g7-muenster-arbeitssitzung-300x134.jpg 300w, https:\/\/www.michalapetr.com\/wp-content\/uploads\/2022\/11\/g7-muenster-arbeitssitzung-1030x461.jpg 1030w, https:\/\/www.michalapetr.com\/wp-content\/uploads\/2022\/11\/g7-muenster-arbeitssitzung-768x343.jpg 768w, https:\/\/www.michalapetr.com\/wp-content\/uploads\/2022\/11\/g7-muenster-arbeitssitzung-705x315.jpg 705w, https:\/\/www.michalapetr.com\/wp-content\/uploads\/2022\/11\/g7-muenster-arbeitssitzung-450x201.jpg 450w\" alt=\"\" width=\"863\" height=\"386\" \/><\/p>\n<p>Fotografie z porady ministr\u016f zahrani\u010d\u00ed G-7, jak postupovat proti Putinovi. Jak vid\u00edte porada se konala ve stejn\u00e9 m\u00edstnosti jako historick\u00e1 jedn\u00e1n\u00ed z roku 1648. Jen z n\u00ed musel b\u00fdt odstran\u011bn svat\u00fd krucifix. A to je podivn\u00e9, proto\u017ee n\u011bmeck\u00e1 ministryn\u011b zahrani\u010d\u00ed Annalena Baerbockov\u00e1, kter\u00e1 svolala poradu c\u00edlen\u011b do t\u00e9to m\u00edstnosti, p\u0159ed jej\u00edm za\u010d\u00e1tkem argumentovala takto:\u00a0<a href=\"https:\/\/www.auswaertiges-amt.de\/en\/aussenpolitik\/internationale-organisationen\/g7-g20\/-\/2561316\"><em>Vestf\u00e1lsk\u00fd m\u00edr<\/em>\u00a0(uzav\u0159en\u00fd v t\u00e9to m\u00edstnosti a pod odstran\u011bn\u00fdm k\u0159\u00ed\u017eem)\u00a0<em>je kol\u00e9bkou modern\u00edho mezin\u00e1rodn\u00edho pr\u00e1va;\u00a0<\/em><em>zde byly v\u016fbec poprv\u00e9 vyjedn\u00e1ny z\u00e1kladn\u00ed koncepty, jako je rovnost a suverenita st\u00e1t\u016f, ve velk\u00e9 m\u00edrov\u00e9 dohod\u011b.\u00a0Toto d\u011bdictv\u00ed mus\u00edme zachovat.\u00a0<\/em><\/a><em>Proto jsem si v t\u011bchto t\u011b\u017ek\u00fdch \u010dasech velmi v\u011bdom\u011b vybrala toto symbolick\u00e9 m\u00edsto pro na\u0161e setk\u00e1n\u00ed<\/em>. A p\u0159ed zah\u00e1jen\u00edm jedn\u00e1n\u00ed ne\u010dekan\u011b na\u0159\u00eddila z m\u00edstnosti okam\u017eit\u011b odstranit posv\u00e1tn\u00fd krucifix, pod kter\u00fdm se na m\u00edr p\u0159\u00edsahalo!<\/p>\n<p>Pro\u010d byl krucifix odstran\u011bn, po vypuknut\u00ed skand\u00e1lu vysv\u011btlilo n\u011bmeck\u00e9 ministerstvo zahrani\u010d\u00ed lakonicky \u2013 \u201cZ protokol\u00e1rn\u00edch d\u016fvod\u016f!\u201d. K\u0159\u00ed\u017e a cel\u00e1 m\u00edstnost je p\u0159itom sou\u010d\u00e1st\u00ed chr\u00e1n\u011bn\u00e9 historie lidstva UNESCO, pr\u00e1v\u011b z d\u016fvod\u016f mimo\u0159\u00e1dnosti m\u00edrov\u00e9 konference, kter\u00e1 se v t\u00e9to m\u00edstnosti v roce 1648 konala.<\/p>\n<p>Klasick\u00fdm d\u016fvodem k odstran\u011bn\u00ed svat\u00e9ho krucifixu je podle k\u0159es\u0165ansk\u00e9 historie v\u017edy skute\u010dnost,\u00a0<a href=\"https:\/\/www.zieglers.com\/blog\/why-the-devil-is-so-scared-of-the-saint-benedict-medal-and-crucifix\/\">\u017ee svat\u00fd krucifix, a k\u0159\u00ed\u017e a nebo medaile svat\u00e9ho Benedikta jsou natolik siln\u00e9 liturgick\u00e9 p\u0159edm\u011bty<\/a>, \u017ee br\u00e1n\u00ed \u010f\u00e1blovi a jeho slu\u017eebn\u00edk\u016fm vstupovat do jejich bl\u00edzkosti, a v\u0161echny \u010f\u00e1belsk\u00e9 triky a kouzla jsou v bl\u00edzkosti t\u011bchto p\u0159edm\u011bt\u016f ihned zne\u0161kodn\u011bny, stejn\u011b jako to um\u00ed k\u0159es\u0165an\u0161t\u00ed svat\u00ed. Jde o tzv. neust\u00e1l\u00fd exorcismus. I p\u0159i pouh\u00e9 zm\u00ednce o jm\u00e9nu Je\u017e\u00ed\u0161e Krista se \u010f\u00e1bel ihned st\u00e1hne, nebo\u0165 \u010f\u00e1bel se boj\u00ed Hospodina. Jak zaznamenal pape\u017e \u0158eho\u0159 Velik\u00fd ve sv\u00e9m l\u00ed\u010den\u00ed \u010din\u016f svat\u00e9ho Benedikta, ochr\u00e1nce v\u011b\u0159\u00edc\u00edch proti \u010f\u00e1blovi: Kdy\u017e sv. Benedikt slou\u017eil jako opat v kl\u00e1\u0161te\u0159e, pl\u00e1novali se ho satan\u0161t\u00ed mni\u0161i zbavit, a tak s pomoc\u00ed \u010f\u00e1bla otr\u00e1vili jeho v\u00edno. Benedikt, ale ud\u011blal nad sklenic\u00ed znamen\u00ed k\u0159\u00ed\u017ee a po\u017eehnal v\u00ednu. Sklo okam\u017eit\u011b prasklo.\u00a0<a href=\"https:\/\/cs.wikipedia.org\/wiki\/%C5%98eho%C5%99_I._Velik%C3%BD\">\u0158eho\u0159 Velik\u00fd<\/a>\u00a0to ve sv\u00e9 biografii o Benediktovi vysv\u011btluje t\u00edm, \u017ee n\u00e1poj smrti, kter\u00fd byl ve sklenici, nemohl vydr\u017eet znamen\u00ed \u017eivota \u2013 po\u017eehn\u00e1n\u00ed a k\u0159\u00ed\u017e. Podle v\u011brouky tedy ten, kdo z m\u00edstnosti odstran\u00ed svat\u00e9 p\u0159edm\u011bty, kter\u00e9 maj\u00ed je\u0161t\u011b v\u011bt\u0161\u00ed s\u00edlu, ne\u017e m\u011bl svat\u00fd Benedikt, sleduje jedin\u00fd mo\u017en\u00fd c\u00edl, obcovat s \u010f\u00e1blem, nebo ho vyvolat, a nebo k\u0159iv\u011b p\u0159i \u010f\u00e1belsk\u00fdch pl\u00e1nech sv\u011bd\u010dit a p\u0159\u00edsahat.<\/p>\n<p>Joe Biden, kdy\u017e pron\u00e1\u0161el slavnostn\u00ed p\u0159\u00edsahu prezidenta USA, m\u011bl jako v\u0161ichni jeho p\u0159edch\u016fdci podle zvyklost\u00ed polo\u017eenou levou dla\u0148 na Bibli.\u00a0<a href=\"https:\/\/en.wikipedia.org\/wiki\/Oath_of_office_of_the_president_of_the_United_States\">Biden k p\u0159\u00edsaze zvolil Bibli , kter\u00e1 je v rodin\u011b Biden\u016f od roku 1893<\/a>. Mo\u017enost, \u017ee ministr zahrani\u010d\u00ed USA Bliken, kter\u00fd jedn\u00e1n\u00ed v S\u00edni M\u00fcnstersk\u00e9ho m\u00edru \u0159\u00eddil, nech\u00e1 jen tak odstranit posv\u00e1tn\u00fd p\u0159edm\u011bt, aby se tam mohlo jednat, je\u00a0 naivn\u00ed. Blinken je sice vyznava\u010d\u00a0<a href=\"https:\/\/cs.wikipedia.org\/wiki\/Antony_Blinken\">judaismu, ale \u017ee by\u00a0 nesnesl p\u0159\u00edtomnost svat\u00e9ho k\u0159\u00ed\u017e<\/a>e? Ur\u010dit\u011b ne, proto\u017ee 28. \u010dervna 2021 jednal p\u0159\u00edmo s pape\u017eem Franti\u0161kem ve Vatik\u00e1nu, a byl p\u0159itom doslova obklopen svat\u00fdmi k\u0159\u00ed\u017ei, a nevadili mu! (<a href=\"http:\/\/www.vaticannews.cn\/sk\/svet\/news\/2021-06\/statny-sekretar-usa-antony-blinken-navstivil-vatikan.html\">Viz Foto<\/a>) Bude v tom cosi jin\u00e9?<\/p>\n<p><a href=\"https:\/\/de.wikipedia.org\/wiki\/Westf%C3%A4lischer_Friede\">Vestf\u00e1lsk\u00fd m\u00edr byl uzav\u0159en podle obecn\u00e9 shody historik\u016f<\/a>\u00a0v roce 1648 proto, \u017ee v\u0161echny v\u00e1l\u010d\u00edc\u00ed strany u\u017e byly natolik vy\u010derpan\u00e9 a oslaben\u00e9, \u017ee u\u017e nemohly ve v\u00e1lce pokra\u010dovat, a proto musely p\u0159istoupit na vz\u00e1jemn\u00e9 kompromisy. Tyto kompromisy, zaru\u010dily Evrop\u011b m\u00edr a\u017e do napoleonsk\u00fdch v\u00e1lek, respektive \u2013 sice se neust\u00e1le v\u00e1l\u010dilo, ale v mnohem men\u0161\u00edm rozsahu. Vestf\u00e1lsk\u00fd m\u00edr je tak pova\u017eov\u00e1n za z\u00e1klad zrodu \u00fasp\u011b\u0161n\u00e9 m\u00edrov\u00e9 diplomacie. Dne\u0161n\u00ed v\u00e1le\u010dn\u00e1 situace je z hlediska EU podobn\u00e1 situaci v roce 1648 \u2013 EU je vy\u010derpan\u00e1 a nem\u016f\u017ee si v\u00e1lku dovolit.<\/p>\n<p>V\u010derej\u0161\u00ed jedn\u00e1n\u00ed, bylo ohl\u00e1\u0161eno, jako pokra\u010dov\u00e1n\u00ed odkazu vestf\u00e1lsk\u00e9 m\u00edrov\u00e9 diplomacie. Le\u010d se, d\u00edky odstran\u011bn\u00ed svat\u00e9ho k\u0159\u00ed\u017ee, uk\u00e1zalo, \u017ee \u0161lo pouze o l\u00edbiv\u00e1 prohl\u00e1\u0161en\u00ed st\u00e1tn\u00edk\u016f pro ve\u0159ejnost. Proto\u017ee p\u0159eci v bl\u00edzkosti svat\u00e9ho p\u0159edm\u011btu, nelze k\u0159es\u0165an\u016fm lh\u00e1t. Takov\u00fd je n\u00e1bo\u017eensk\u00fd v\u00fdklad, pro\u010d byl k\u0159\u00ed\u017e odstran\u011bn.<\/p>\n<p>Politick\u00fd v\u00fdklad, nen\u00ed o nic m\u011bn\u011b d\u011bsiv\u00fd.\u00a0<a href=\"https:\/\/www.tichyseinblick.de\/feuilleton\/der-gruene-kulturkampf-gegen-unser-erbe\/\">Podle \u0159ady politick\u00fdch koment\u00e1tor\u016f v N\u011bmecku<\/a>, je to jen dal\u0161\u00ed \u010d\u00e1st v ta\u017een\u00ed bruselsk\u00fdch elit proti k\u0159es\u0165ansk\u00fdm hodnot\u00e1m evropsk\u00e9 civilizace, a jejich nahrazov\u00e1n\u00edm tzv. nov\u00fdmi hodnotami\u00a0<a href=\"https:\/\/cs.wikipedia.org\/wiki\/Klaus_Schwab\">Klause Schwaba<\/a>, a dal\u0161\u00edch fale\u0161n\u00fdch prorok\u016f R\u00e1je na zemi.<em>\u00a0Ostatn\u011b pr\u00e1v\u011b proto soud\u00edm, \u017ee Bruxelae mus\u00ed b\u00fdt zni\u010deno je\u0161t\u011b d\u0159\u00edv, ne\u017e se mu skute\u010dn\u011b poda\u0159\u00ed vyvolat \u010f\u00e1bla na zem<\/em><em>, aby zni\u010dil Evropany.<\/em><\/p>\n<p><a href=\"https:\/\/www.michalapetr.com\/mip-196-neuveritelne-tajne-spiknuti-proti-putinovi-provozovala-vcera-g-7-tajne-satanske-ritualy\/\">Michael Svato\u0161<\/a><\/p>\n<p>&nbsp;<\/p>\n","protected":false},"excerpt":{"rendered":"<p>V\u010dera se provalilo, \u017ee posv\u00e1tn\u00fd krucifix z roku 1540, pod kter\u00fdm zvl\u00e1\u0161tn\u00ed vyslanci kr\u00e1l\u016f Francie&#8230;<\/p>\n","protected":false},"author":2,"featured_media":17864,"comment_status":"closed","ping_status":"closed","sticky":false,"template":"","format":"standard","meta":[],"categories":[6],"tags":[323,29,3746,84,903],"_links":{"self":[{"href":"https:\/\/www.infokuryr.cz\/n\/wp-json\/wp\/v2\/posts\/17863"}],"collection":[{"href":"https:\/\/www.infokuryr.cz\/n\/wp-json\/wp\/v2\/posts"}],"about":[{"href":"https:\/\/www.infokuryr.cz\/n\/wp-json\/wp\/v2\/types\/post"}],"author":[{"embeddable":true,"href":"https:\/\/www.infokuryr.cz\/n\/wp-json\/wp\/v2\/users\/2"}],"replies":[{"embeddable":true,"href":"https:\/\/www.infokuryr.cz\/n\/wp-json\/wp\/v2\/comments?post=17863"}],"version-history":[{"count":1,"href":"https:\/\/www.infokuryr.cz\/n\/wp-json\/wp\/v2\/posts\/17863\/revisions"}],"predecessor-version":[{"id":17865,"href":"https:\/\/www.infokuryr.cz\/n\/wp-json\/wp\/v2\/posts\/17863\/revisions\/17865"}],"wp:featuredmedia":[{"embeddable":true,"href":"https:\/\/www.infokuryr.cz\/n\/wp-json\/wp\/v2\/media\/17864"}],"wp:attachment":[{"href":"https:\/\/www.infokuryr.cz\/n\/wp-json\/wp\/v2\/media?parent=17863"}],"wp:term":[{"taxonomy":"category","embeddable":true,"href":"https:\/\/www.infokuryr.cz\/n\/wp-json\/wp\/v2\/categories?post=17863"},{"taxonomy":"post_tag","embeddable":true,"href":"https:\/\/www.infokuryr.cz\/n\/wp-json\/wp\/v2\/tags?post=17863"}],"curies":[{"name":"wp","href":"https:\/\/api.w.org\/{rel}","templated":true}]}}