{"id":17861,"date":"2022-11-06T01:07:41","date_gmt":"2022-11-06T00:07:41","guid":{"rendered":"http:\/\/www.infokuryr.cz\/n\/?p=17861"},"modified":"2022-11-05T17:26:02","modified_gmt":"2022-11-05T16:26:02","slug":"jindrich-kulhavy-dopady-rozdavani-republiky-jsou-tragicke","status":"publish","type":"post","link":"https:\/\/www.infokuryr.cz\/n\/2022\/11\/06\/jindrich-kulhavy-dopady-rozdavani-republiky-jsou-tragicke\/","title":{"rendered":"Jind\u0159ich Kulhav\u00fd: Dopady rozd\u00e1v\u00e1n\u00ed republiky jsou tragick\u00e9"},"content":{"rendered":"<div id=\"fb-root\"><\/div>\n<p><span class=\"anotation\">Cesta vl\u00e1dy kamsi, co bylo nazv\u00e1no Kyjevem, m\u00e1 dal\u0161\u00ed d\u016fsledky. Co jsme se po n\u00e1vratu \u010d\u00e1sti ministr\u016f dozv\u011bd\u011bli, to n\u00e1s mus\u00ed nikoliv pot\u011b\u0161it, ale sp\u00ed\u0161e to d\u011bs\u00ed a ukazuje to, kam a\u017e jsou ochotni zaj\u00edt. Zbl\u00e1znili se v\u00a0P\u011btikoalici, nebo jedou podle dop\u0159edu nalajnovan\u00e9 \u010d\u00e1ry a maj\u00ed p\u0159edat n\u011bkomu \u010ceskou republiku ve stavu tot\u00e1ln\u00ed destrukce? Sou\u010d\u00e1st\u00ed t\u00e9to zem\u011b jsou jej\u00ed ob\u010dan\u00e9, i ti jsou ji\u017e \u010d\u00e1ste\u010dn\u011b na kolenou. ,,Dezol\u00e1ti\u201c sch\u00e1zej\u00edc\u00ed se na protivl\u00e1dn\u00edch akc\u00edch protestuj\u00ed proti krok\u016fm vl\u00e1dy, jejich\u017e sm\u011br s\u00a0v\u00fdjimkou \u0159\u00edzen\u00e9 likvidace postr\u00e1d\u00e1 logiku.<\/span><\/p>\n<div id=\"pagetext\">\n<p>\u00a0 Ministr zdravotnictv\u00ed V\u00e1lek se nov\u011b p\u0159izn\u00e1v\u00e1, \u017ee na Ukrajinu vl\u00e1da poslala l\u00e9ky a zdravotnick\u00fd materi\u00e1l za des\u00edtky milion\u016f korun. To v\u00a0dob\u011b, kdy v\u00a0na\u0161ich l\u00e9k\u00e1rn\u00e1ch chyb\u00ed n\u011bkter\u00e9 z\u00e1sadn\u00ed l\u00e9ky, ty v\u00a0reg\u00e1lech z\u016fst\u00e1vaj\u00edc\u00ed extr\u00e9mn\u011b podra\u017eily. P\u0159itom vl\u00e1da sebrala a\u017e 15 mld korun zdravotn\u00edm poji\u0161\u0165ovn\u00e1m a t\u00edm i zdravotnictv\u00ed. U\u017e nyn\u00ed se p\u0159itom prodlou\u017eily term\u00edny k\u00a0objedn\u00e1v\u00e1n\u00ed na d\u016fle\u017eit\u00e9 l\u00e9ka\u0159sk\u00e9 z\u00e1kroky, nav\u00edc odv\u011btv\u00ed zat\u011b\u017euje st\u00e1tn\u00ed rozpo\u010det povinnost\u00ed odeb\u00edrat ne\u00fa\u010dinn\u00e9 pseudovakc\u00edny na covid. Zuba\u0159i jsou samostatn\u00e1 kapitola, ty st\u00e1t u\u017e v\u00edcem\u00e9n\u011b nechal pracovat nez\u00e1visle na vlastn\u00edm rozpo\u010dtu a na cen\u00e1ch o\u0161et\u0159en\u00ed se to projevuje. P\u0159idejme n\u00e1klady na o\u0161et\u0159ov\u00e1n\u00ed p\u016fl milion\u016f Ukrajinc\u016f, kter\u00e9 jim je hrazeno st\u00e1tem, p\u0159esto\u017ee u\u017e se v\u00ed, \u017ee \u0159ada z\u00a0nich k\u00a0n\u00e1m p\u0159ijelo proto, aby tuto p\u00e9\u010di z\u00edskali, ani\u017e by se kdykoliv na n\u00e1kladech za ni t\u0159eba i minim\u00e1ln\u011b pod\u00edleli. Na\u0161e b\u00fdval\u00e1 chlouba, tedy zdravotnictv\u00ed, kles\u00e1 na dno, o \u010dem\u017e sv\u011bd\u010d\u00ed postupn\u00e1 likvidace l\u00e1ze\u0148stv\u00ed pat\u0159\u00edc\u00ed k\u00a0d\u0159\u00edve prioritn\u00edm z\u00e1le\u017eitostem v\u00a0oblasti rehabilitac\u00ed a n\u00e1sledn\u00fdch krok\u016f po t\u011b\u017ek\u00fdch operac\u00edch.<\/p>\n<p>Ministryn\u011b obrany \u010cernochov\u00e1 mimo n\u00e1kupu st\u00edha\u010dek F35, o nich\u017e i Ameri\u010dan\u00e9 \u0159\u00edkaj\u00ed, \u017ee st\u00e1rnou rychleji, ne\u017e \u010dekali a je t\u0159eba je za\u010d\u00edt osazovat nov\u00fdm typem motor\u016f, ozn\u00e1mila n\u00e1rodu, \u017ee pr\u00e1v\u011b Ameri\u010dan\u00e9 spole\u010dn\u011b s\u00a0Holan\u010fany zaplat\u00ed rekonstrukci \u010desk\u00fdch tank\u016f T72B, kter\u00e9 vz\u00e1p\u011bt\u00ed po\u0161leme Zelensk\u00e9mu. Tak\u017ee my v\u011bnujeme t\u011b\u017ekou techniku zdarma, n\u011bkdo ji oprav\u00ed a Rusov\u00e9 za t\u00fdden zlikviduj\u00ed. Kdo na tom prod\u011bl\u00e1 nejv\u00edce? Jednozna\u010dn\u011b my. Ostatn\u011b jak u\u017e je zvykem. Kolik zbran\u00ed a za kolik pen\u011bz jsme na Ukrajinu poslali, to nikdo nespo\u010d\u00edt\u00e1, ov\u0161em v\u00edme, \u017ee jsou p\u0159ipraveny u na\u0161ich zbroja\u0159\u016f dal\u0161\u00ed velk\u00e9 dod\u00e1vky. Jak to dopad\u00e1, to v\u00edme, viz Ukrajinci rozkraden\u00e9 pen\u00edze ur\u010den\u00e9 na n\u00e1kup nepr\u016fst\u0159eln\u00fdch vest. Ministryn\u011b v\u00e1lky v\u0161ak pokra\u010duje ve sv\u00e9 ideologick\u00e9 zaslepenosti a nad\u00e1le i d\u00edky sv\u00fdm pravomoc\u00edm spoludrancuje st\u00e1tn\u00ed pokladnu. Vy\u0159knula i slova o mo\u017en\u00e9 mobilizaci u n\u00e1s, to by, doufejme, zlomilo t\u00e9to vl\u00e1d\u011b vaz.<\/p>\n<p>Ministr vnitra Raku\u0161an obhajuj\u00edc\u00ed vyv\u011b\u0161en\u00ed pytle na mrtvoly obsahuj\u00edc\u00edm poz\u016fstatky Vladim\u00edra Putina pro zm\u011bnu pozval k\u00a0p\u0159ezimov\u00e1n\u00ed dal\u0161\u00ed milion Ukrajinc\u016f s\u00a0t\u00edm, \u017ee to zvl\u00e1dneme. K\u00a0tomu byly nav\u00fd\u0161eny p\u0159\u00edsp\u011bvky na bydlen\u00ed ur\u010den\u00e9 pr\u00e1v\u011b t\u011bmto p\u0159\u00edchoz\u00ed. Nad\u00e1le se pokra\u010duje ve vzniku cenzurn\u00edho odboru, kter\u00fd m\u00e1 za \u00fakol likvidovat jakoukoliv n\u00e1zorovou opozici. K\u00a0tomu je v\u0161ak t\u0159eba i ministr spravedlnosti. Bla\u017eek je kovan\u00fdm \u010dlenem sou\u010dasn\u00e9ho veden\u00ed ODS a spl\u0148uje jemu zadan\u00e9 \u00fakoly na jedni\u010dku, tak\u017ee u\u017e tu m\u00e1me prvn\u00ed v\u011bzn\u011b odsouzen\u00e9 za sv\u00e9 n\u00e1zory. Jejich po\u010det bude postupn\u011b nar\u016fstat.<\/p>\n<p>Ministr financ\u00ed Stanjura se pustil do zm\u011bny dan\u00ed. Prezident republiky vetoval z\u00e1kon o st\u00e1tn\u00edm rozpo\u010dtu s\u00a0t\u00edm, \u017ee je schodek velk\u00fd a je t\u0159eba nav\u00fd\u0161it p\u0159\u00edjmy st\u00e1tu (nikoliv korigovat astronomick\u00e9 v\u00fddaje). I kdy\u017e Zemanova obl\u00edbenkyn\u011b Pekarov\u00e1 Adamov\u00e1 ihned kontrovala, \u017ee toto veto bude p\u0159ehlasov\u00e1no, jist\u00e9 je, \u017ee dan\u011b \u00fadajn\u011b sp\u00ed\u0161e pravicov\u00e1 vl\u00e1da zv\u00fd\u0161\u00ed. Za\u010dne tzv. v\u00e1le\u010dnou dan\u00ed nazvanou dan\u00ed z\u00a0neo\u010dek\u00e1van\u00e9ho zisku, kter\u00e1 m\u00e1 zas\u00e1hnout banky, energetick\u00fd byznys, spole\u010dnosti obchoduj\u00edc\u00ed s\u00a0ropou a plynem. Prvn\u00ed reakce na sebe nenechaly dlouho \u010dekat a Daniel K\u0159et\u00ednsk\u00fd p\u0159esune s\u00eddla sv\u00fdch firem pod\u00edlej\u00edc\u00edch se na energetice do jin\u00e9 zem\u011b, kde tato da\u0148 neexistuje. Tak\u017ee st\u00e1t vz\u00e1p\u011bt\u00ed po vyhl\u00e1\u0161en\u00ed t\u0159\u00edlet\u00fdch \u0161edes\u00e1tiprocentn\u00edch dan\u00ed dostane m\u00e9n\u011b ne\u017e dosud. D\u00e1 se o\u010dek\u00e1vat, \u017ee podobnou cestou p\u016fjde i Pavel Tyka\u010d a dal\u0161\u00ed miliard\u00e1\u0159i neochotn\u00ed p\u0159id\u00e1vat vl\u00e1d\u011b na jej\u00ed utr\u00e1cen\u00ed ve jm\u00e9nu Ukrajiny. Na prost\u00e9 ob\u010dany v\u0161ak tak\u00e9 dojde, hovo\u0159\u00ed se o nov\u00fdch nav\u00fd\u0161en\u00edch dph, dan\u00ed z\u00a0nemovitosti, tak\u00e9 za pou\u017e\u00edv\u00e1n\u00ed vozidel a v dal\u0161\u00edch sf\u00e9r\u00e1ch mo\u017en\u00fdch st\u00e1tn\u00edch kr\u00e1de\u017e\u00ed.<\/p>\n<p>Ministr soci\u00e1ln\u00edch v\u011bc\u00ed Jure\u010dka naopak za \u010cechy utr\u00e1cet nechce, tak\u017ee je na po\u0159adu dne odklad odchod\u016f do d\u016fchodu, n\u011bkolika sta\u0159e\u010dk\u016fm kdysi pracuj\u00edc\u00edch pro KS\u010c budou sn\u00ed\u017eeny d\u016fchodov\u00e9 d\u00e1vky, Z\u00e1rove\u0148 se sn\u00ed\u017e\u00ed doba vypl\u00e1cen\u00ed podpory v\u00a0nezam\u011bstnanosti, co\u017e vzhledem k\u00a0tomu, \u017ee razantn\u011b p\u0159ibude nezam\u011bstnan\u00fdch, je samoz\u0159ejm\u011b varuj\u00edc\u00ed. P\u0159ipom\u00edn\u00e1me, \u017ee jsou p\u0159ednostn\u011b zam\u011bstn\u00e1v\u00e1ni Ukrajinci a o \u010cechy ve v\u011bku nad 50 let zam\u011bstnavatel\u00e9 p\u0159est\u00e1vaj\u00ed st\u00e1t. A to je Ukrajinc\u016fm p\u0159isp\u00edv\u00e1no na ledacos, zat\u00edmco n\u00e1m se zvedly \u017eivotn\u00ed n\u00e1klady do nebes. Ani ministr \u0161kolstv\u00ed nelen\u00ed a zaznamenali jsme snahu sd\u00edlet nepedagogick\u00e9 zam\u011bstnance s\u00a0t\u00edm, \u017ee ti, kte\u0159\u00ed z\u016fstanou, budou \u0161koly sd\u00edlet. U\u0161et\u0159it se m\u00e1 4000 m\u00edst, co\u017e tyto odchoz\u00ed vrhne na trh pr\u00e1ce beztak u\u017e zat\u00ed\u017een\u00fd t\u011bmi, kte\u0159\u00ed o zam\u011bstn\u00e1n\u00ed p\u0159i\u0161li d\u00edky covidohisterii a n\u00e1sledn\u011b i kv\u016fli zav\u00edr\u00e1n\u00ed firem a provozoven neschopn\u00fdch zareagovat na zdra\u017een\u00ed energi\u00ed a inflaci. T\u00edm se dost\u00e1v\u00e1me k\u00a0ministrovi pr\u016fmyslu. Vl\u00e1da dop\u0159edu avizovala, \u017ee pr\u016fmyslov\u00fdm z\u00e1vod\u016fm pomoci nem\u016f\u017ee, proto\u017ee na to nem\u00e1. T\u00edm s\u00a0t\u00edmto ministerstvem kon\u010d\u00edme, nem\u00e1 cenu d\u00e1le pokra\u010dovat. Sta\u010d\u00ed nejdra\u017e\u0161\u00ed elekt\u0159ina u n\u00e1s, na co\u017e v\u00a0Evrop\u011b mus\u00ed koukat jako vyjeven\u00ed, my jej\u00edm nedostatkem toti\u017e netrp\u00edme. Cenami ano.<\/p>\n<p>Nad v\u0161emi ministry sed\u00ed Petr Fiala slibuj\u00edc\u00ed Zelensk\u00e9mu rekonstrukci \u010d\u00e1sti Ukrajiny. Za na\u0161e pen\u00edze. U\u017e nyn\u00ed si vl\u00e1da p\u016fj\u010duje na nesmysln\u00e9 dary Kyjevu a zadlu\u017euje n\u00e1s na ne\u00fanosnou m\u00edru. Kdo po Fialovi p\u0159evezme moc, \u010dek\u00e1 ho \u0161ok z\u00a0toho, co se kolem na\u0161ich dluh\u016f za posledn\u00ed rok ud\u00e1lo. P\u0159idejme zv\u00fd\u0161en\u00ed mezd politik\u016f a dal\u0161\u00ed re\u017eie st\u00e1tu. To v\u0161e m\u00e1me platit my. Z\u00a0\u010deho proboha? Postupn\u011b je na\u0161e zem\u011b rozd\u00e1v\u00e1na a plundrov\u00e1na tak, \u017ee se tomu div\u00ed i v\u00a0Rusku. To mohlo Ukrajinu d\u00e1vno srovnat se zem\u00ed, nicm\u00e9n\u011b zp\u016fsob veden\u00ed boj\u016f napov\u00edd\u00e1 tomu, \u017ee \u00fakolem nen\u00ed denacifikovat cel\u00e9 \u00fazem\u00ed spravovan\u00e9 kdysi Kyjevem, ale sp\u00ed\u0161e vy\u010derpat Evropskou unii. N\u011bkomu to do\u0161lo a od sankc\u00ed tam ustoupili (Holandsko, Ma\u010farsko, Rakousko, \u010d\u00e1ste\u010dn\u011b N\u011bmecko, z\u00a0ne\u010dlen\u016f EU \u0160v\u00fdcarsko), jin\u00ed jsou zabedn\u011bn\u00ed (Polsko, Slovensko, \u010cesk\u00e1 republika) a nad\u00e1le slou\u017e\u00ed anglosask\u00fdm z\u00e1jm\u016fm a no\u0159\u00ed n\u00e1s do je\u0161t\u011b v\u011bt\u0161\u00ed tmy a propasti. Cesta zp\u011bt bude nemo\u017en\u00e1 nebo ekonomicky zdrcuj\u00edc\u00ed. Nic na tom nezm\u011bn\u00ed ani volba nov\u00e9ho prezidenta, proto\u017ee re\u00e1ln\u00e1 mo\u017enost st\u00e1vaj\u00edc\u00edho vym\u011bnit za n\u011bkoho, kdo zapo\u010dne ta\u017een\u00ed proti Fialovi, je miziv\u00e1. A to tu maj\u00ed v z\u00e1loze je\u0161t\u011b podvody kolem vyhla\u0161ov\u00e1n\u00ed v\u00edt\u011bz\u016f, viz USA, Braz\u00edlie, Francie a Rakousko. Jsme v\u00a0za\u010darovan\u00e9m kruhu, za co\u017e pod\u011bkujme v\u0161em voli\u010d\u016fm P\u011btikoalice a \u010d\u00e1ste\u010dn\u011b i ANO. A pak jsme je\u0161t\u011b n\u011bkde. To se slu\u0161n\u011b nazvat ned\u00e1.<\/p>\n<\/div>\n<p><a href=\"https:\/\/www.inadhled.live\/zajimavosti\/dopady-rozdavani-republiky-jsou-tragicke\/\">Jind\u0159ich Kulhav\u00fd<\/a><\/p>\n<p>&nbsp;<\/p>\n","protected":false},"excerpt":{"rendered":"<p>Cesta vl\u00e1dy kamsi, co bylo nazv\u00e1no Kyjevem, m\u00e1 dal\u0161\u00ed d\u016fsledky. Co jsme se po n\u00e1vratu&#8230;<\/p>\n","protected":false},"author":2,"featured_media":17862,"comment_status":"closed","ping_status":"closed","sticky":false,"template":"","format":"standard","meta":[],"categories":[6],"tags":[29,371,99],"_links":{"self":[{"href":"https:\/\/www.infokuryr.cz\/n\/wp-json\/wp\/v2\/posts\/17861"}],"collection":[{"href":"https:\/\/www.infokuryr.cz\/n\/wp-json\/wp\/v2\/posts"}],"about":[{"href":"https:\/\/www.infokuryr.cz\/n\/wp-json\/wp\/v2\/types\/post"}],"author":[{"embeddable":true,"href":"https:\/\/www.infokuryr.cz\/n\/wp-json\/wp\/v2\/users\/2"}],"replies":[{"embeddable":true,"href":"https:\/\/www.infokuryr.cz\/n\/wp-json\/wp\/v2\/comments?post=17861"}],"version-history":[{"count":0,"href":"https:\/\/www.infokuryr.cz\/n\/wp-json\/wp\/v2\/posts\/17861\/revisions"}],"wp:featuredmedia":[{"embeddable":true,"href":"https:\/\/www.infokuryr.cz\/n\/wp-json\/wp\/v2\/media\/17862"}],"wp:attachment":[{"href":"https:\/\/www.infokuryr.cz\/n\/wp-json\/wp\/v2\/media?parent=17861"}],"wp:term":[{"taxonomy":"category","embeddable":true,"href":"https:\/\/www.infokuryr.cz\/n\/wp-json\/wp\/v2\/categories?post=17861"},{"taxonomy":"post_tag","embeddable":true,"href":"https:\/\/www.infokuryr.cz\/n\/wp-json\/wp\/v2\/tags?post=17861"}],"curies":[{"name":"wp","href":"https:\/\/api.w.org\/{rel}","templated":true}]}}