{"id":17835,"date":"2022-11-05T09:07:57","date_gmt":"2022-11-05T08:07:57","guid":{"rendered":"http:\/\/www.infokuryr.cz\/n\/?p=17835"},"modified":"2022-11-05T09:07:57","modified_gmt":"2022-11-05T08:07:57","slug":"americka-kongresmanka-prohlasila-ze-v-pripade-vitezstvi-republikanu-nedostane-ukrajina-ani-cent","status":"publish","type":"post","link":"https:\/\/www.infokuryr.cz\/n\/2022\/11\/05\/americka-kongresmanka-prohlasila-ze-v-pripade-vitezstvi-republikanu-nedostane-ukrajina-ani-cent\/","title":{"rendered":"Americk\u00e1 kongresmanka prohl\u00e1sila, \u017ee v p\u0159\u00edpad\u011b v\u00edt\u011bzstv\u00ed republik\u00e1n\u016f nedostane Ukrajina ani cent"},"content":{"rendered":"<div id=\"fb-root\"><\/div>\n<p><strong>V p\u0159\u00edpad\u011b v\u00edt\u011bzstv\u00ed republik\u00e1n\u016f v mezivolb\u00e1ch \u201enedostane Ukrajina ani cent\u201c, prohl\u00e1sila \u010dlenka Sn\u011bmovny reprezentant\u016f za Republik\u00e1nskou stranu Marjorie Taylor Greeneov\u00e1 ve sv\u00e9m vystoupen\u00ed p\u0159ed voli\u010di v Sioux City ve st\u00e1t\u011b Iowa.<\/strong><\/p>\n<p>\u201eDemokrat\u00e9 otev\u0159eli na\u0161i hranici doko\u0159\u00e1n, av\u0161ak jedin\u00e1 hranice, o ni\u017e se staraj\u00ed, je Ukrajina, a nikoli ji\u017en\u00ed \u010d\u00e1st Ameriky. Za republik\u00e1n\u016f nedostane Ukrajina ani cent! Na\u0161e zem\u011b je d\u016fle\u017eit\u011bj\u0161\u00ed,\u201c \u0159ekla.<\/p>\n<p>Se shodn\u00fdmi prohl\u00e1\u0161en\u00edmi vystoupil tak\u00e9 p\u0159ed\u00e1k stranick\u00e9 men\u0161iny ve Sn\u011bmovn\u011b reprezentant\u016f Kevin McCarthy. Podle jeho slov, zv\u00edt\u011bz\u00ed-li republik\u00e1ni ve volb\u00e1ch 8. listopadu, m\u016f\u017ee kongres \u201ezastavit financov\u00e1n\u00ed Ukrajiny\u201c.<\/p>\n<p>Taylor Greeneov\u00e1 je zn\u00e1m\u00e1 jako aktivn\u00ed zast\u00e1nkyn\u011b Donalda Trumpa a konspira\u010dn\u00edch teori\u00ed. V minul\u00e9m roce se vyznamenala n\u00e1vrhem impeachmentu Joeu Bidenovi za zneu\u017e\u00edv\u00e1n\u00ed moci ve prosp\u011bch syna.<\/p>\n<p>Na pozad\u00ed speci\u00e1ln\u00ed operace rusk\u00fdch vojsk z\u00e1padn\u00ed zem\u011b i nad\u00e1le z\u00e1sobuj\u00ed Ukrajinu zbran\u011bmi. Moskva nejednou prohl\u00e1sila, \u017ee dod\u00e1vky zbran\u00ed jenom protahuj\u00ed konflikt a \u017ee transport se zbran\u011bmi se st\u00e1v\u00e1 z\u00e1konn\u00fdm ter\u010dem pro rusk\u00e9 voj\u00e1ky.<\/p>\n<p><img decoding=\"async\" loading=\"lazy\" class=\"alignnone size-full wp-image-1185\" src=\"http:\/\/www.infokuryr.cz\/n\/wp-content\/uploads\/2021\/04\/kuryr-podpis.png\" alt=\"\" width=\"84\" height=\"24\" \/><\/p>\n<p>&nbsp;<\/p>\n","protected":false},"excerpt":{"rendered":"<p>V p\u0159\u00edpad\u011b v\u00edt\u011bzstv\u00ed republik\u00e1n\u016f v mezivolb\u00e1ch \u201enedostane Ukrajina ani cent\u201c, prohl\u00e1sila \u010dlenka Sn\u011bmovny reprezentant\u016f za&#8230;<\/p>\n","protected":false},"author":2,"featured_media":17513,"comment_status":"closed","ping_status":"closed","sticky":false,"template":"","format":"standard","meta":[],"categories":[7],"tags":[90,1242,2643,26,37],"_links":{"self":[{"href":"https:\/\/www.infokuryr.cz\/n\/wp-json\/wp\/v2\/posts\/17835"}],"collection":[{"href":"https:\/\/www.infokuryr.cz\/n\/wp-json\/wp\/v2\/posts"}],"about":[{"href":"https:\/\/www.infokuryr.cz\/n\/wp-json\/wp\/v2\/types\/post"}],"author":[{"embeddable":true,"href":"https:\/\/www.infokuryr.cz\/n\/wp-json\/wp\/v2\/users\/2"}],"replies":[{"embeddable":true,"href":"https:\/\/www.infokuryr.cz\/n\/wp-json\/wp\/v2\/comments?post=17835"}],"version-history":[{"count":0,"href":"https:\/\/www.infokuryr.cz\/n\/wp-json\/wp\/v2\/posts\/17835\/revisions"}],"wp:featuredmedia":[{"embeddable":true,"href":"https:\/\/www.infokuryr.cz\/n\/wp-json\/wp\/v2\/media\/17513"}],"wp:attachment":[{"href":"https:\/\/www.infokuryr.cz\/n\/wp-json\/wp\/v2\/media?parent=17835"}],"wp:term":[{"taxonomy":"category","embeddable":true,"href":"https:\/\/www.infokuryr.cz\/n\/wp-json\/wp\/v2\/categories?post=17835"},{"taxonomy":"post_tag","embeddable":true,"href":"https:\/\/www.infokuryr.cz\/n\/wp-json\/wp\/v2\/tags?post=17835"}],"curies":[{"name":"wp","href":"https:\/\/api.w.org\/{rel}","templated":true}]}}