{"id":17833,"date":"2022-11-05T09:05:07","date_gmt":"2022-11-05T08:05:07","guid":{"rendered":"http:\/\/www.infokuryr.cz\/n\/?p=17833"},"modified":"2022-11-05T09:05:07","modified_gmt":"2022-11-05T08:05:07","slug":"iran-hleda-bezpecnostni-destnik-z-ruska","status":"publish","type":"post","link":"https:\/\/www.infokuryr.cz\/n\/2022\/11\/05\/iran-hleda-bezpecnostni-destnik-z-ruska\/","title":{"rendered":"\u00cdr\u00e1n hled\u00e1 \u201ebezpe\u010dnostn\u00ed de\u0161tn\u00edk\u201c z Ruska"},"content":{"rendered":"<div id=\"fb-root\"><\/div>\n<p><strong>Rusko a \u00cdr\u00e1n se sbli\u017euj\u00ed, proto\u017ee maj\u00ed spole\u010dn\u00e9ho nep\u0159\u00edtele \u2013 Z\u00e1pad, p\u00ed\u0161e Le Figaro.\u00a0Z\u00e1rove\u0148 se \u00cdr\u00e1n podle autora \u010dl\u00e1nku vydal sm\u011brem k Rusku, kdy\u017e nepodepsal dohodu o atomu.\u00a0Nyn\u00ed chce, aby Rusko dodalo zbran\u011b, kter\u00e9 by nad n\u00edm vytvo\u0159ily \u201ebezpe\u010dnostn\u00ed de\u0161tn\u00edk\u201c.<\/strong><\/p>\n<p>\u00cdr\u00e1n a Rusko m\u011bly v minulosti r\u016fzn\u00e1 obdob\u00ed vztah\u016f.\u00a0Nyn\u00ed ale nastavili kurz ke sbl\u00ed\u017een\u00ed tv\u00e1\u0159\u00ed v tv\u00e1\u0159 jejich spole\u010dn\u00e9mu nep\u0159\u00edteli \u2013 Z\u00e1padu, kter\u00fd z nich ud\u011blal dva dareb\u00e1ck\u00e9 st\u00e1ty, p\u00ed\u0161e Le Figaro.<\/p>\n<p>Jak poznamen\u00e1v\u00e1 autor \u010dl\u00e1nku s odkazem na n\u00e1zor odborn\u00edk\u016f, Rusko poskytne \u00cdr\u00e1nu sv\u016fj \u201e\u00a0<em>bezpe\u010dnostn\u00ed de\u0161tn\u00edk<\/em>\u00a0\u201c.\u00a0Nap\u0159\u00edklad Moskva m\u016f\u017ee nab\u00eddnout sv\u00e9mu \u00edr\u00e1nsk\u00e9mu spojenci sv\u016fj syst\u00e9m protivzdu\u0161n\u00e9 obrany S-400, poznamen\u00e1v\u00e1 jeden z novin\u00e1\u0159ov\u00fdch mluv\u010d\u00edch, a m\u016f\u017ee tak\u00e9 vylep\u0161it ji\u017e p\u0159enesen\u00e9 radary, poskytnout mu satelitn\u00ed informace a zv\u00fd\u0161it dosah jeho balistick\u00fdch raket.<\/p>\n<p>Podle \u00edr\u00e1nsk\u00e9ho specialisty Clementa Termeho je \u201e\u00a0<em>Rusko pova\u017eov\u00e1no za garanta<\/em>\u00a0p\u0159e\u017eit\u00ed re\u017eimu\u201c.\u00a0Toto sbl\u00ed\u017een\u00ed by mohla dokon\u010dit nov\u00e1 obrann\u00e1 dohoda, v jej\u00edm\u017e r\u00e1mci by Rusko modernizovalo vybaven\u00ed \u00edr\u00e1nsk\u00e9 arm\u00e1dy, domn\u00edv\u00e1 se politolog.\u00a0Je mo\u017en\u00e9 ud\u011blat kvantov\u00fd skok v bilater\u00e1ln\u00edch vztaz\u00edch, pokud Rusko p\u0159ed\u00e1 \u00cdr\u00e1nu technologie a mo\u017en\u00e1 i rusk\u00e9 letouny Su-35.<\/p>\n<p>Koncem \u00fanora, kdy\u017e se jedn\u00e1n\u00ed o n\u00e1vratu k jadern\u00e9 dohod\u011b z roku 2015 bl\u00ed\u017eila ke konci, \u00cdr\u00e1n ustoupil rusk\u00fdm po\u017eadavk\u016fm, aby ji nepodepsal, aby \u00edr\u00e1nsk\u00e1 energetika nenahradila rusk\u00fd plyn a ropu na trhu.\u00a0Na konci srpna, kdy m\u011blo op\u011bt doj\u00edt k podpisu jadern\u00e9 dohody, kter\u00fd dokonce ozn\u00e1mili Emmanuel Macron a \u0161\u00e9f unijn\u00ed diplomacie Josep Borrell, se objevil nov\u00fd z\u00e1drhel: zdrav\u00ed nejvy\u0161\u0161\u00edho \u00edr\u00e1nsk\u00e9ho v\u016fdce 83- ro\u010dn\u00edho Al\u00edho Chamene\u00edho, se prudce zhor\u0161ila.<\/p>\n<p>Podle mluv\u010d\u00edho francouzsk\u00e9ho novin\u00e1\u0159e to v\u0161e \u00cdr\u00e1n ud\u011blal v z\u00e1jmu strategick\u00fdch vztah\u016f s Ruskem.\u00a0\u201e\u00a0<em>Pro \u00cdr\u00e1nce bylo d\u016fle\u017eit\u00e9 udr\u017eet Rusy na sv\u00e9 stran\u011b, aby Izraelci u\u017e nezas\u00e1hli jejich pozice v S\u00fdrii<\/em>\u00a0,\u201c kde pro\u00edr\u00e1nsk\u00e9 s\u00edly operuj\u00ed spole\u010dn\u011b s Ba\u0161\u00e1rem al-Asadem, p\u00ed\u0161e autor \u010dl\u00e1nku.<\/p>\n<p>Rusko-\u00edr\u00e1nsk\u00e9 sbli\u017eov\u00e1n\u00ed je pro Z\u00e1pad v\u00e1\u017en\u00fd probl\u00e9m.\u00a0USA uvalily nov\u00e9 sankce a tvrd\u00ed, \u017ee obnoven\u00ed jadern\u00fdch rozhovor\u016f ji\u017e nen\u00ed v dohledu, ale zav\u00edr\u00e1 o\u010di p\u0159ed neleg\u00e1ln\u00edm v\u00fdvozem \u00edr\u00e1nsk\u00e9 ropy.\u00a0Odborn\u00edci si tak\u00e9 nejsou jisti, \u017ee USA nakonec od dohody o \u00edr\u00e1nsk\u00e9m atomu ustoupily.\u00a0A Izrael ze sv\u00e9 strany nechce \u010delit Rusku, kter\u00e9 pot\u0159ebuje ude\u0159it na sv\u00e9 nep\u0159\u00e1tele v S\u00fdrii.<\/p>\n<p>Pokud jde o Francii, jedn\u00e1 velmi opatrn\u011b.\u00a0Na protesty v \u00cdr\u00e1nu se d\u00edvaj\u00ed s o\u010dek\u00e1v\u00e1n\u00edm, i kdy\u017e p\u0159izn\u00e1vaj\u00ed, \u017ee jsou p\u0159\u00edli\u0161 slab\u00e9 na to, aby vedly k revoluci.\u00a0\u00cdr\u00e1n je nav\u00edc \u00fast\u0159edn\u00edm prvkem cel\u00e9ho regionu, bez kter\u00e9ho bude t\u011b\u017ek\u00e9 i svolat novou konferenci o Ir\u00e1ku, jak Macron zam\u00fd\u0161lel.<\/p>\n<p>Pos\u00edlen rusk\u00fdm bezpe\u010dnostn\u00edm de\u0161tn\u00edkem a vnit\u0159n\u011b ohro\u017een\u00fd \u00cdr\u00e1n by skute\u010dn\u011b mohl urychlit v\u00fdvoj jadern\u00e9 bomby, varuj\u00ed odborn\u00edci.\u00a0\u201e\u00a0<em>Ot\u00e1zkou je, zda Rusov\u00e9 nechaj\u00ed \u00cdr\u00e1nc\u016fm mo\u017enost pokra\u010dovat v jadern\u00e9m programu t\u00edm, \u017ee jim poskytnou bezpe\u010dnostn\u00ed de\u0161tn\u00edk<\/em>\u00a0,\u201c zd\u016fraz\u0148uje zdroj publikace.\u00a0<em>A\u017e dosud Rusov\u00e9 st\u00e1li na pozici ne\u0161\u00ed\u0159en\u00ed zbran\u00ed hromadn\u00e9ho ni\u010den\u00ed<\/em>\u00a0.\u00a0<em>Nev\u011b\u0159ili v \u00edr\u00e1nsk\u00fd re\u017eim<\/em>\u00a0.&#8220;<\/p>\n<p>Odborn\u00edci z\u00e1rove\u0148 zd\u016fraz\u0148uj\u00ed do\u010dasnost rusko-\u00edr\u00e1nsk\u00e9ho sbli\u017eov\u00e1n\u00ed.\u00a0Vzpom\u00ednaj\u00ed, jak Rusko a \u00cdr\u00e1n p\u0159edt\u00edm podepsaly dohodu o rop\u011b za zbo\u017e\u00ed, kter\u00e1 nebyla nikdy provedena.\u00a0Moskva si pak st\u011b\u017eovala, \u017ee j\u00ed \u00cdr\u00e1nci nedali ani seznam zbo\u017e\u00ed, kter\u00e9 pot\u0159ebovali, proto\u017ee do posledn\u00ed chv\u00edle doufali, \u017ee dos\u00e1hnou jadern\u00e9 dohody.<\/p>\n<p>I kdy\u017e to \u00cdr\u00e1n pop\u00edr\u00e1, postupn\u011b se p\u0159ibli\u017euje ke kone\u010dn\u00e9mu c\u00edli sv\u00e9ho jadern\u00e9ho programu.\u00a0Podle listu Le Figaro si cht\u011bj\u00ed bu\u010f vyjednat v\u00fdhodn\u00e9 podm\u00ednky obchodu, nebo z\u00edskat status vlastn\u00edka bomby.\u00a0Ob\u011b mo\u017enosti si nech\u00e1vaj\u00ed pro sebe a t\u00edm zvy\u0161uj\u00ed tlak, podot\u00fdk\u00e1 autor \u010dl\u00e1nku.<\/p>\n<p><img decoding=\"async\" loading=\"lazy\" class=\"alignnone size-full wp-image-1185\" src=\"http:\/\/www.infokuryr.cz\/n\/wp-content\/uploads\/2021\/04\/kuryr-podpis.png\" alt=\"\" width=\"84\" height=\"24\" \/><\/p>\n<p>&nbsp;<\/p>\n","protected":false},"excerpt":{"rendered":"<p>Rusko a \u00cdr\u00e1n se sbli\u017euj\u00ed, proto\u017ee maj\u00ed spole\u010dn\u00e9ho nep\u0159\u00edtele \u2013 Z\u00e1pad, p\u00ed\u0161e Le Figaro.\u00a0Z\u00e1rove\u0148 se&#8230;<\/p>\n","protected":false},"author":2,"featured_media":17834,"comment_status":"closed","ping_status":"closed","sticky":false,"template":"","format":"standard","meta":[],"categories":[7],"tags":[38,1754,22,37,365],"_links":{"self":[{"href":"https:\/\/www.infokuryr.cz\/n\/wp-json\/wp\/v2\/posts\/17833"}],"collection":[{"href":"https:\/\/www.infokuryr.cz\/n\/wp-json\/wp\/v2\/posts"}],"about":[{"href":"https:\/\/www.infokuryr.cz\/n\/wp-json\/wp\/v2\/types\/post"}],"author":[{"embeddable":true,"href":"https:\/\/www.infokuryr.cz\/n\/wp-json\/wp\/v2\/users\/2"}],"replies":[{"embeddable":true,"href":"https:\/\/www.infokuryr.cz\/n\/wp-json\/wp\/v2\/comments?post=17833"}],"version-history":[{"count":0,"href":"https:\/\/www.infokuryr.cz\/n\/wp-json\/wp\/v2\/posts\/17833\/revisions"}],"wp:featuredmedia":[{"embeddable":true,"href":"https:\/\/www.infokuryr.cz\/n\/wp-json\/wp\/v2\/media\/17834"}],"wp:attachment":[{"href":"https:\/\/www.infokuryr.cz\/n\/wp-json\/wp\/v2\/media?parent=17833"}],"wp:term":[{"taxonomy":"category","embeddable":true,"href":"https:\/\/www.infokuryr.cz\/n\/wp-json\/wp\/v2\/categories?post=17833"},{"taxonomy":"post_tag","embeddable":true,"href":"https:\/\/www.infokuryr.cz\/n\/wp-json\/wp\/v2\/tags?post=17833"}],"curies":[{"name":"wp","href":"https:\/\/api.w.org\/{rel}","templated":true}]}}