{"id":17747,"date":"2022-11-04T01:01:11","date_gmt":"2022-11-04T00:01:11","guid":{"rendered":"http:\/\/www.infokuryr.cz\/n\/?p=17747"},"modified":"2022-11-03T13:50:02","modified_gmt":"2022-11-03T12:50:02","slug":"eva-hrindova-ach-ty-celebrity","status":"publish","type":"post","link":"https:\/\/www.infokuryr.cz\/n\/2022\/11\/04\/eva-hrindova-ach-ty-celebrity\/","title":{"rendered":"Eva Hrindov\u00e1: Ach ty celebrity&#8230;"},"content":{"rendered":"<div id=\"fb-root\"><\/div>\n<div class=\"anotace\">\n<div class=\"field field-name-field-anotace field-type-text-long field-label-hidden\">\n<div class=\"field-items\">\n<div class=\"field-item even\">\u017dijeme v dob\u011b medi\u00e1ln\u00ed a marketingov\u00e9. Kdo je hodn\u011b vid\u011bt, m\u016f\u017ee podlehnout klamu, \u017ee m\u00e1 vliv. A tak r\u016fzn\u00e9 pofidern\u00ed hv\u011bzdi\u010dky k prodeji oble\u010den\u00ed a kosmetiky p\u0159ib\u00edraj\u00ed i politick\u00fd marketing. Seri\u00e1lov\u00ed ka\u0161pa\u0159i tak &#8222;bav\u00ed&#8220; lidi i sv\u00fdmi politick\u00fdmi preferencemi. Mnoz\u00ed ani nev\u00ed, jak jsou zneu\u017e\u00edvan\u00ed. Ti chyt\u0159ej\u0161\u00ed si to nechaj\u00ed alespo\u0148 zaplatit&#8230; \u017de, pane \u010ctvrtn\u00ed\u010dku.<\/div>\n<\/div>\n<\/div>\n<\/div>\n<div class=\"text\">\n<div class=\"field field-name-body field-type-text-with-summary field-label-hidden\">\n<div class=\"field-items\">\n<div class=\"field-item even\">\n<p>Zavinili jsme si to sami. Proto\u017ee tihle &#8222;bavi\u010di&#8220; skute\u010dn\u011b dovedou prod\u00e1vat hromady zbo\u017e\u00ed a h\u0159ej\u00ed se na v\u00fdslun\u00ed z\u00e1jmu a souhlasu sv\u00fdch fanou\u0161k\u016f. My \u017eiv\u00edme jejich ega.<\/p>\n<p>Jde jen o m\u00f3du, popularitu, medi\u00e1ln\u00ed vliv. Kvalita, racionalita a my\u0161lenka u\u017e nikoho nezaj\u00edm\u00e1. T\u011b\u017eko \u017e\u00edt v takov\u00e9m sv\u011bt\u011b, kde se lid\u00e9 orientuj\u00ed ve sv\u011bt\u011b podle toho, co jim \u0159ekne kdejak\u00e1 celebrita. Vlastn\u00ed \u00fasudek nen\u00ed nutn\u00fd. Sta\u010d\u00ed sledovat, co zrovna fr\u010d\u00ed&#8230;<\/p>\n<p>A k t\u00e9 fotce. V\u017edy jsem pova\u017eovala za zbyte\u010dn\u00e9, ozna\u010dovat se a viditeln\u011b upozor\u0148ovat na sv\u00e9 postoje. Za \u010dlov\u011bka by m\u011bly mluvit \u010diny. Nen\u00ed nutn\u00e9 tri\u010dkem nebo plackou oznamovat sv\u011btu sv\u016fj nekompromisn\u00ed postoj. Ono to toti\u017e br\u00e1n\u00ed diskusi.<\/p>\n<p>Jak chcete diskutovat s n\u011bk\u00fdm, kdo sv\u011btu oznamuje: &#8222;Tady stoj\u00edm a nic se mnou nehne! Obdivujte m\u011b!&#8220;<\/p>\n<p>Tak to \u010dtu j\u00e1 a nepova\u017euji za nutn\u00e9 lidem vys\u00edlat takov\u00e9 zpr\u00e1vy. A je jedno, jestli m\u00e1te tri\u010dko se Zelensk\u00fdm nebo s Putinem.<\/p>\n<\/div>\n<\/div>\n<\/div>\n<\/div>\n<p><a href=\"https:\/\/www.evahrindova.cz\/ach-ty-celebrity\">Eva Hrindov\u00e1<\/a><\/p>\n<p>&nbsp;<\/p>\n","protected":false},"excerpt":{"rendered":"<p>\u017dijeme v dob\u011b medi\u00e1ln\u00ed a marketingov\u00e9. Kdo je hodn\u011b vid\u011bt, m\u016f\u017ee podlehnout klamu, \u017ee m\u00e1&#8230;<\/p>\n","protected":false},"author":2,"featured_media":17748,"comment_status":"closed","ping_status":"closed","sticky":false,"template":"","format":"standard","meta":[],"categories":[6],"tags":[2824,29,3732],"_links":{"self":[{"href":"https:\/\/www.infokuryr.cz\/n\/wp-json\/wp\/v2\/posts\/17747"}],"collection":[{"href":"https:\/\/www.infokuryr.cz\/n\/wp-json\/wp\/v2\/posts"}],"about":[{"href":"https:\/\/www.infokuryr.cz\/n\/wp-json\/wp\/v2\/types\/post"}],"author":[{"embeddable":true,"href":"https:\/\/www.infokuryr.cz\/n\/wp-json\/wp\/v2\/users\/2"}],"replies":[{"embeddable":true,"href":"https:\/\/www.infokuryr.cz\/n\/wp-json\/wp\/v2\/comments?post=17747"}],"version-history":[{"count":0,"href":"https:\/\/www.infokuryr.cz\/n\/wp-json\/wp\/v2\/posts\/17747\/revisions"}],"wp:featuredmedia":[{"embeddable":true,"href":"https:\/\/www.infokuryr.cz\/n\/wp-json\/wp\/v2\/media\/17748"}],"wp:attachment":[{"href":"https:\/\/www.infokuryr.cz\/n\/wp-json\/wp\/v2\/media?parent=17747"}],"wp:term":[{"taxonomy":"category","embeddable":true,"href":"https:\/\/www.infokuryr.cz\/n\/wp-json\/wp\/v2\/categories?post=17747"},{"taxonomy":"post_tag","embeddable":true,"href":"https:\/\/www.infokuryr.cz\/n\/wp-json\/wp\/v2\/tags?post=17747"}],"curies":[{"name":"wp","href":"https:\/\/api.w.org\/{rel}","templated":true}]}}