{"id":17735,"date":"2022-11-03T06:46:29","date_gmt":"2022-11-03T05:46:29","guid":{"rendered":"http:\/\/www.infokuryr.cz\/n\/?p=17735"},"modified":"2022-11-03T06:46:29","modified_gmt":"2022-11-03T05:46:29","slug":"fsb-zabranila-sabotazi-sbu-v-krymskem-energetickem-zarizeni","status":"publish","type":"post","link":"https:\/\/www.infokuryr.cz\/n\/2022\/11\/03\/fsb-zabranila-sabotazi-sbu-v-krymskem-energetickem-zarizeni\/","title":{"rendered":"FSB zabr\u00e1nila sabot\u00e1\u017ei SBU v krymsk\u00e9m energetick\u00e9m za\u0159\u00edzen\u00ed"},"content":{"rendered":"<div id=\"fb-root\"><\/div>\n<p><b><span>Zam\u011bstnanci Feder\u00e1ln\u00ed bezpe\u010dnostn\u00ed slu\u017eby (FSB) zabr\u00e1nili sabot\u00e1\u017ei ukrajinsk\u00fdch speci\u00e1ln\u00edch slu\u017eeb v za\u0159\u00edzen\u00ed energetick\u00e9 infrastruktury na Krymu.<\/span><\/b><\/p>\n<p><span>\u201eV d\u016fsledku komplexu operativn\u011b p\u00e1trac\u00edch opat\u0159en\u00ed byl zadr\u017een ob\u010dan Ukrajiny narozen\u00fd v roce 1978, naverbovan\u00fd Bezpe\u010dnostn\u00ed slu\u017ebou Ukrajiny (SBU), spolu s t\u0159emi v\u00fdbu\u0161n\u00fdmi za\u0159\u00edzen\u00edmi, n\u00e1vodu k jejich pou\u017eit\u00ed, kter\u00e9 m\u011bly b\u00fdt pou\u017eity k \u00fatoku na<\/span><span>\u00a0rozvody elektrick\u00e9 energie v jedn\u00e9 z oblast\u00ed Krymu.\u00a0Podle energetick\u00fdch expert\u016f by v p\u0159\u00edpad\u011b jejich po\u0161kozen\u00ed z\u016fstalo bez elekt\u0159iny v\u00edce ne\u017e p\u011bt tis\u00edc spot\u0159ebitel\u016f, v\u010detn\u011b objekt\u016f spole\u010densky v\u00fdznamn\u00e9 infrastruktury poloostrova,\u201c uvedla tiskov\u00e1 slu\u017eba FSB.<\/span><\/p>\n<p><span>Bylo zah\u00e1jeno trestn\u00ed \u0159\u00edzen\u00ed podle \u010d\u00e1sti 1 \u010dl\u00e1nku 30, \u010d\u00e1sti 1 \u010dl\u00e1nku 281 \u201eP\u0159\u00edprava na sabot\u00e1\u017e\u201c a \u010d\u00e1sti 1 \u010dl\u00e1nku 222.1 \u201eNedovolen\u00e9 obchodov\u00e1n\u00ed s v\u00fdbu\u0161ninami\u201c Trestn\u00edho z\u00e1kon\u00edku Rusk\u00e9 federace.\u00a0Podle tiskov\u00e9 slu\u017eby krymsk\u00e9ho odd\u011blen\u00ed FSB zatkl Kyjevsk\u00fd okresn\u00ed soud v Simferopolu zadr\u017een\u00e9ho na dva m\u011bs\u00edce.<\/span><\/p>\n<p><span>Zapojen\u00ed mu\u017ee do p\u00e1ch\u00e1n\u00ed dal\u0161\u00edch trestn\u00fdch \u010din\u016f na \u00fazem\u00ed Ruska se prov\u011b\u0159uje.<\/span><\/p>\n<p><img decoding=\"async\" loading=\"lazy\" class=\"alignnone size-full wp-image-1185\" src=\"http:\/\/www.infokuryr.cz\/n\/wp-content\/uploads\/2021\/04\/kuryr-podpis.png\" alt=\"\" width=\"84\" height=\"24\" \/><\/p>\n<p>&nbsp;<\/p>\n","protected":false},"excerpt":{"rendered":"<p>Zam\u011bstnanci Feder\u00e1ln\u00ed bezpe\u010dnostn\u00ed slu\u017eby (FSB) zabr\u00e1nili sabot\u00e1\u017ei ukrajinsk\u00fdch speci\u00e1ln\u00edch slu\u017eeb v za\u0159\u00edzen\u00ed energetick\u00e9 infrastruktury na&#8230;<\/p>\n","protected":false},"author":2,"featured_media":3129,"comment_status":"closed","ping_status":"closed","sticky":false,"template":"","format":"standard","meta":[],"categories":[7],"tags":[143,751,1993,2014,448],"_links":{"self":[{"href":"https:\/\/www.infokuryr.cz\/n\/wp-json\/wp\/v2\/posts\/17735"}],"collection":[{"href":"https:\/\/www.infokuryr.cz\/n\/wp-json\/wp\/v2\/posts"}],"about":[{"href":"https:\/\/www.infokuryr.cz\/n\/wp-json\/wp\/v2\/types\/post"}],"author":[{"embeddable":true,"href":"https:\/\/www.infokuryr.cz\/n\/wp-json\/wp\/v2\/users\/2"}],"replies":[{"embeddable":true,"href":"https:\/\/www.infokuryr.cz\/n\/wp-json\/wp\/v2\/comments?post=17735"}],"version-history":[{"count":0,"href":"https:\/\/www.infokuryr.cz\/n\/wp-json\/wp\/v2\/posts\/17735\/revisions"}],"wp:featuredmedia":[{"embeddable":true,"href":"https:\/\/www.infokuryr.cz\/n\/wp-json\/wp\/v2\/media\/3129"}],"wp:attachment":[{"href":"https:\/\/www.infokuryr.cz\/n\/wp-json\/wp\/v2\/media?parent=17735"}],"wp:term":[{"taxonomy":"category","embeddable":true,"href":"https:\/\/www.infokuryr.cz\/n\/wp-json\/wp\/v2\/categories?post=17735"},{"taxonomy":"post_tag","embeddable":true,"href":"https:\/\/www.infokuryr.cz\/n\/wp-json\/wp\/v2\/tags?post=17735"}],"curies":[{"name":"wp","href":"https:\/\/api.w.org\/{rel}","templated":true}]}}