{"id":17733,"date":"2022-11-03T06:28:50","date_gmt":"2022-11-03T05:28:50","guid":{"rendered":"http:\/\/www.infokuryr.cz\/n\/?p=17733"},"modified":"2022-11-03T06:28:50","modified_gmt":"2022-11-03T05:28:50","slug":"erdogan-scholz-zmenil-svuj-postoj-vuci-putinovi","status":"publish","type":"post","link":"https:\/\/www.infokuryr.cz\/n\/2022\/11\/03\/erdogan-scholz-zmenil-svuj-postoj-vuci-putinovi\/","title":{"rendered":"Erdogan: Scholz zm\u011bnil sv\u016fj postoj v\u016f\u010di Putinovi"},"content":{"rendered":"<div id=\"fb-root\"><\/div>\n<p class=\"lead\"><span>N\u011bmeck\u00fd kancl\u00e9\u0159 Olaf Scholz zm\u011bnil sv\u016fj postoj v\u016f\u010di Rusku a prosazuje nutnost naj\u00edt spole\u010dnou \u0159e\u010d, uvedl tureck\u00fd prezident Recep Tayyip Erdogan.<\/span><\/p>\n<p><em>\u201eN\u011bmeck\u00fd kancl\u00e9\u0159 Scholz, kter\u00fd p\u0159ed m\u011bs\u00edcem zaujal zcela odli\u0161n\u00fd postoj k (rusk\u00e9mu prezidentovi\u00a0<strong>Vladimiru<\/strong>\u00a0)\u00a0<strong>Putinovi<\/strong>\u00a0, zm\u011bnil sv\u016fj postoj k Rusku a zd\u016fraznil pot\u0159ebu naj\u00edt spole\u010dnou \u0159e\u010d,\u201c\u00a0<span class=\"after-quote-inline\">\u00a0\u0159ekl tureck\u00fd v\u016fdce Daily Sabah. na Twitteru.<\/span><\/em><\/p>\n<p><span>Poznamenal tak\u00e9 z\u00e1sadn\u00ed v\u00fdznam \u201ev\u016fdcovsk\u00e9 diplomacie\u201c p\u0159i \u0159e\u0161en\u00ed probl\u00e9m\u016f na mezin\u00e1rodn\u00ed sc\u00e9n\u011b.<\/span><\/p>\n<p><span>Erdogan ji\u017e d\u0159\u00edve uvedl, \u017ee po jedn\u00e1n\u00ed s rusk\u00fdm prezidentem Vladimirem Putinem byly uzav\u0159eny dohody o obnoven\u00ed fungov\u00e1n\u00ed \u201ekoridoru obil\u00ed\u201c.<\/span><\/p>\n<p><span>Dne 30. \u0159\u00edjna Rusko ozn\u00e1milo pozastaven\u00ed \u00fa\u010dasti na v\u00fdvozu produkt\u016f z ukrajinsk\u00fdch p\u0159\u00edstav\u016f po teroristick\u00e9m \u00fatoku Kyjeva na lod\u011b \u010cernomo\u0159sk\u00e9 flotily a civiln\u00ed lod\u011b ve vod\u00e1ch Sevastopolu.<\/span><\/p>\n<p><span>Dohoda o obil\u00ed, kterou 22. \u010dervence podepsali z\u00e1stupci Ruska, Turecka, Ukrajiny a OSN, zahrnuje v\u00fdvoz ukrajinsk\u00e9ho obil\u00ed, potravin a hnojiv p\u0159es \u010cern\u00e9 mo\u0159e ze t\u0159\u00ed p\u0159\u00edstav\u016f, v\u010detn\u011b Od\u011bsy.\u00a0Za koordinaci pohybu lod\u00ed odpov\u00edd\u00e1 Spole\u010dn\u00e9 koordina\u010dn\u00ed centrum (JCC) v Istanbulu.\u00a0Smlouva vypr\u0161\u00ed 19. listopadu.<\/span><\/p>\n<p><img decoding=\"async\" loading=\"lazy\" class=\"alignnone size-full wp-image-1185\" src=\"http:\/\/www.infokuryr.cz\/n\/wp-content\/uploads\/2021\/04\/kuryr-podpis.png\" alt=\"\" width=\"84\" height=\"24\" \/><\/p>\n<p>&nbsp;<\/p>\n","protected":false},"excerpt":{"rendered":"<p>N\u011bmeck\u00fd kancl\u00e9\u0159 Olaf Scholz zm\u011bnil sv\u016fj postoj v\u016f\u010di Rusku a prosazuje nutnost naj\u00edt spole\u010dnou \u0159e\u010d,&#8230;<\/p>\n","protected":false},"author":2,"featured_media":17734,"comment_status":"closed","ping_status":"closed","sticky":false,"template":"","format":"standard","meta":[],"categories":[7],"tags":[56,1554,102],"_links":{"self":[{"href":"https:\/\/www.infokuryr.cz\/n\/wp-json\/wp\/v2\/posts\/17733"}],"collection":[{"href":"https:\/\/www.infokuryr.cz\/n\/wp-json\/wp\/v2\/posts"}],"about":[{"href":"https:\/\/www.infokuryr.cz\/n\/wp-json\/wp\/v2\/types\/post"}],"author":[{"embeddable":true,"href":"https:\/\/www.infokuryr.cz\/n\/wp-json\/wp\/v2\/users\/2"}],"replies":[{"embeddable":true,"href":"https:\/\/www.infokuryr.cz\/n\/wp-json\/wp\/v2\/comments?post=17733"}],"version-history":[{"count":0,"href":"https:\/\/www.infokuryr.cz\/n\/wp-json\/wp\/v2\/posts\/17733\/revisions"}],"wp:featuredmedia":[{"embeddable":true,"href":"https:\/\/www.infokuryr.cz\/n\/wp-json\/wp\/v2\/media\/17734"}],"wp:attachment":[{"href":"https:\/\/www.infokuryr.cz\/n\/wp-json\/wp\/v2\/media?parent=17733"}],"wp:term":[{"taxonomy":"category","embeddable":true,"href":"https:\/\/www.infokuryr.cz\/n\/wp-json\/wp\/v2\/categories?post=17733"},{"taxonomy":"post_tag","embeddable":true,"href":"https:\/\/www.infokuryr.cz\/n\/wp-json\/wp\/v2\/tags?post=17733"}],"curies":[{"name":"wp","href":"https:\/\/api.w.org\/{rel}","templated":true}]}}