{"id":17731,"date":"2022-11-03T06:20:48","date_gmt":"2022-11-03T05:20:48","guid":{"rendered":"http:\/\/www.infokuryr.cz\/n\/?p=17731"},"modified":"2022-11-03T06:20:48","modified_gmt":"2022-11-03T05:20:48","slug":"severni-korea-odpalila-raketu-do-japonskeho-more","status":"publish","type":"post","link":"https:\/\/www.infokuryr.cz\/n\/2022\/11\/03\/severni-korea-odpalila-raketu-do-japonskeho-more\/","title":{"rendered":"Severn\u00ed Korea odp\u00e1lila raketu do Japonsk\u00e9ho mo\u0159e"},"content":{"rendered":"<div id=\"fb-root\"><\/div>\n<p class=\"lead\"><span>Arm\u00e1da Ji\u017en\u00ed Koreje a Japonska ozn\u00e1mila vypu\u0161t\u011bn\u00ed balistick\u00e9 rakety Severn\u00ed Koreou sm\u011brem na v\u00fdchod (Japonsk\u00e9 mo\u0159e), hl\u00e1s\u00ed korejsk\u00e1 agentura Yonhap a japonsk\u00e9 noviny Asahi Shimbun.<\/span><\/p>\n<p><span>Podle ministerstva obrany Japonska byl start uskute\u010dn\u011bn v 7:45 (1:45 moskevsk\u00e9ho \u010dasu).\u00a0Jihokorejsk\u00e1 arm\u00e1da p\u0159edpokl\u00e1d\u00e1, \u017ee se jedn\u00e1 o raketu st\u0159edn\u00edho nebo dlouh\u00e9ho doletu.\u00a0Jak upozor\u0148uje japonsk\u00e1 televizn\u00ed stanice NHK, raketa pravd\u011bpodobn\u011b spadla do Tich\u00e9ho oce\u00e1nu.\u00a0V souvislosti se spu\u0161t\u011bn\u00edm ve t\u0159ech japonsk\u00fdch prefektur\u00e1ch &#8211; Miyagi, Yamagata a Niigata &#8211; bylo obyvatel\u016fm doporu\u010deno, aby se schovali v krytech, zd\u016fraz\u0148uje NHK.<\/span><\/p>\n<p><span>2. listopadu ji\u017e Severn\u00ed Korea odp\u00e1lila balistick\u00e9 st\u0159ely \u2013 t\u0159i byly vyp\u00e1leny sm\u011brem k jihokorejsk\u00e9mu ostrovu Ulleungdo.\u00a0Tam vyhl\u00e1sili leteck\u00fd poplach, ale gran\u00e1ty dopadly do Japonsk\u00e9ho mo\u0159e.\u00a0Pozd\u011bji toho dne Pchjongjang vyp\u00e1lil 100 d\u011blost\u0159eleck\u00fdch gran\u00e1t\u016f a 17 raket sm\u011brem k Japonsk\u00e9mu mo\u0159i a \u017dlut\u00e9mu mo\u0159i.\u00a0Ji\u017en\u00ed Korea v reakci na tyto akce odp\u00e1lila t\u0159i rakety.<\/span><\/p>\n<p><span>Starty prob\u00edhaj\u00ed na pozad\u00ed spole\u010dn\u00e9ho leteck\u00e9ho cvi\u010den\u00ed mezi Spojen\u00fdmi st\u00e1ty a Ji\u017en\u00ed Koreou Vigilant Storm, proti kter\u00e9mu se postavila KLDR.\u00a0Za\u010daly 31. \u0159\u00edjna a potrvaj\u00ed do 4. listopadu.\u00a0Do man\u00e9vr\u016f je zapojeno v\u00edce ne\u017e 240 letadel, v\u010detn\u011b pokro\u010dil\u00fdch americk\u00fdch stealth st\u00edha\u010dek F-35A.<\/span><\/p>\n<p><span>KLDR kv\u016fli t\u011bmto a dal\u0161\u00edm cvi\u010den\u00edm Soulu a Washingtonu uvedla, \u017ee \u201ekorejsk\u00fd poloostrov se prom\u011bnil v hork\u00e9 m\u00edsto, kde je vojensk\u00e9 nap\u011bt\u00ed nejvy\u0161\u0161\u00ed na sv\u011bt\u011b a bezpe\u010dnostn\u00ed situace v regionu se stala je\u0161t\u011b v\u00e1\u017en\u011bj\u0161\u00ed. .&#8220;<\/span><\/p>\n<p><span>V \u0159\u00edjnu provedla Severn\u00ed Korea v\u00edce ne\u017e p\u011bt odp\u00e1len\u00ed raket a KLDR tak\u00e9 provedla zku\u0161ebn\u00ed odpaly \u0159\u00edzen\u00fdch st\u0159el.\u00a0Mezi jihokorejskou a severokorejskou arm\u00e1dou se nav\u00edc 24. \u0159\u00edjna odehr\u00e1la p\u0159est\u0159elka: v reakci na varovn\u00e9 v\u00fdst\u0159ely ze Soulu bylo z Pchjongjangu vyp\u00e1leno 10 gran\u00e1t\u016f z Pchjongjangu kv\u016fli plavidlu KLDR, kter\u00e9 m\u011blo p\u0159ekro\u010dit n\u00e1mo\u0159n\u00ed demarka\u010dn\u00ed linie ve \u017dlut\u00e9m mo\u0159i.<\/span><\/p>\n<p><img decoding=\"async\" loading=\"lazy\" class=\"alignnone size-full wp-image-1185\" src=\"http:\/\/www.infokuryr.cz\/n\/wp-content\/uploads\/2021\/04\/kuryr-podpis.png\" alt=\"\" width=\"84\" height=\"24\" \/><\/p>\n<p>&nbsp;<\/p>\n","protected":false},"excerpt":{"rendered":"<p>Arm\u00e1da Ji\u017en\u00ed Koreje a Japonska ozn\u00e1mila vypu\u0161t\u011bn\u00ed balistick\u00e9 rakety Severn\u00ed Koreou sm\u011brem na v\u00fdchod (Japonsk\u00e9&#8230;<\/p>\n","protected":false},"author":2,"featured_media":17732,"comment_status":"closed","ping_status":"closed","sticky":false,"template":"","format":"standard","meta":[],"categories":[7],"tags":[502,1075,2986],"_links":{"self":[{"href":"https:\/\/www.infokuryr.cz\/n\/wp-json\/wp\/v2\/posts\/17731"}],"collection":[{"href":"https:\/\/www.infokuryr.cz\/n\/wp-json\/wp\/v2\/posts"}],"about":[{"href":"https:\/\/www.infokuryr.cz\/n\/wp-json\/wp\/v2\/types\/post"}],"author":[{"embeddable":true,"href":"https:\/\/www.infokuryr.cz\/n\/wp-json\/wp\/v2\/users\/2"}],"replies":[{"embeddable":true,"href":"https:\/\/www.infokuryr.cz\/n\/wp-json\/wp\/v2\/comments?post=17731"}],"version-history":[{"count":0,"href":"https:\/\/www.infokuryr.cz\/n\/wp-json\/wp\/v2\/posts\/17731\/revisions"}],"wp:featuredmedia":[{"embeddable":true,"href":"https:\/\/www.infokuryr.cz\/n\/wp-json\/wp\/v2\/media\/17732"}],"wp:attachment":[{"href":"https:\/\/www.infokuryr.cz\/n\/wp-json\/wp\/v2\/media?parent=17731"}],"wp:term":[{"taxonomy":"category","embeddable":true,"href":"https:\/\/www.infokuryr.cz\/n\/wp-json\/wp\/v2\/categories?post=17731"},{"taxonomy":"post_tag","embeddable":true,"href":"https:\/\/www.infokuryr.cz\/n\/wp-json\/wp\/v2\/tags?post=17731"}],"curies":[{"name":"wp","href":"https:\/\/api.w.org\/{rel}","templated":true}]}}