{"id":17729,"date":"2022-11-03T06:16:35","date_gmt":"2022-11-03T05:16:35","guid":{"rendered":"http:\/\/www.infokuryr.cz\/n\/?p=17729"},"modified":"2022-11-03T06:16:35","modified_gmt":"2022-11-03T05:16:35","slug":"na-krymu-hodlaji-znarodnit-zelenskeho-byt","status":"publish","type":"post","link":"https:\/\/www.infokuryr.cz\/n\/2022\/11\/03\/na-krymu-hodlaji-znarodnit-zelenskeho-byt\/","title":{"rendered":"Na Krymu hodlaj\u00ed zn\u00e1rodnit Zelensk\u00e9ho byt"},"content":{"rendered":"<div id=\"fb-root\"><\/div>\n<p class=\"lead\"><span>Na Krymu pracuje protiteroristick\u00e1 komise, kter\u00e1 aktu\u00e1ln\u011b sestavuje seznam majetku ciz\u00edch ob\u010dan\u016f p\u00e1chaj\u00edc\u00edch nep\u0159\u00e1telsk\u00e9 akce proti Rusku.<\/span><\/p>\n<p><span>Novin\u00e1\u0159\u016fm to ozn\u00e1mil \u0161\u00e9f krymsk\u00e9ho parlamentu <\/span><strong><span>Vladimir Konstantinov<\/span><\/strong><span>\u00a0.\u00a0Sl\u00edbil, \u017ee \u00fa\u0159ady poloostrova budou pokra\u010dovat ve zn\u00e1rod\u0148ov\u00e1n\u00ed majetku oligarch\u016f a politik\u016f spojen\u00fdch s kyjevsk\u00fdm re\u017eimem.<\/span><\/p>\n<p><span>Je t\u0159eba poznamenat, \u017ee krymsk\u00fd parlament ji\u017e rozhodl o zn\u00e1rodn\u011bn\u00ed takov\u00fdch za\u0159\u00edzen\u00ed, jako je Bach\u010disarajsk\u00fd z\u00e1vod \u201eStroyindustriya\u201c, z\u00e1vod na stavbu lod\u00ed \u201eZaliv\u201c, jako\u017e i stavebn\u00ed hypermarket \u201eNovacenter\u201c a stejnojmenn\u00fd n\u00e1kupn\u00ed komplex.<\/span><\/p>\n<p><span>Tento seznam obsahuje tak\u00e9 byt, kter\u00fd pat\u0159\u00ed ukrajinsk\u00e9mu prezidentovi\u00a0<\/span><strong><span>Volodymyru Zelensk\u00e9mu<\/span><\/strong><span>\u00a0.<\/span><\/p>\n<p><strong><em>\u201eVe v\u0161ech takov\u00fdch za\u0159\u00edzen\u00edch, v\u010detn\u011b Zelensk\u00e9ho bytu, nyn\u00ed pracuje protiteroristick\u00e1 komise.\u00a0D\u00e1me v\u00e1m v\u011bd\u011bt, a\u017e bude pr\u00e1ce hotov\u00e1.&#8220;<span class=\"after-quote\">\u00a0\u0159ekl Konstantinov.<\/span><\/em><\/strong><\/p>\n<p><span>P\u0159ipome\u0148me, \u017ee byt ukrajinsk\u00e9ho prezidenta na Krymu se stal zn\u00e1m\u00fdm b\u011bhem prezidentsk\u00e9 volebn\u00ed kampan\u011b na Ukrajin\u011b v roce 2019.\u00a0Nach\u00e1z\u00ed se ve vesnici Livadia v regionu Jalta na ji\u017en\u00edm pob\u0159e\u017e\u00ed Krymu.<\/span><\/p>\n<p><span>Byt koupila\u00a0<\/span><strong><span>Elena Zelenskaya<\/span><\/strong><span>\u00a0v dubnu 2013, ne\u017e byl poloostrov vr\u00e1cen Rusku.\u00a0Bylo poznamen\u00e1no, \u017ee po koupi byly zaplaceny v\u0161echny povinn\u00e9 dan\u011b a poplatky a byt byl ofici\u00e1ln\u011b prohl\u00e1\u0161en Zelensk\u00e9ho majetkem.<\/span><\/p>\n<p><img decoding=\"async\" loading=\"lazy\" class=\"alignnone size-full wp-image-1185\" src=\"http:\/\/www.infokuryr.cz\/n\/wp-content\/uploads\/2021\/04\/kuryr-podpis.png\" alt=\"\" width=\"84\" height=\"24\" \/><\/p>\n<p>&nbsp;<\/p>\n","protected":false},"excerpt":{"rendered":"<p>Na Krymu pracuje protiteroristick\u00e1 komise, kter\u00e1 aktu\u00e1ln\u011b sestavuje seznam majetku ciz\u00edch ob\u010dan\u016f p\u00e1chaj\u00edc\u00edch nep\u0159\u00e1telsk\u00e9 akce&#8230;<\/p>\n","protected":false},"author":2,"featured_media":17730,"comment_status":"closed","ping_status":"closed","sticky":false,"template":"","format":"standard","meta":[],"categories":[7],"tags":[3728,3729,751,1000],"_links":{"self":[{"href":"https:\/\/www.infokuryr.cz\/n\/wp-json\/wp\/v2\/posts\/17729"}],"collection":[{"href":"https:\/\/www.infokuryr.cz\/n\/wp-json\/wp\/v2\/posts"}],"about":[{"href":"https:\/\/www.infokuryr.cz\/n\/wp-json\/wp\/v2\/types\/post"}],"author":[{"embeddable":true,"href":"https:\/\/www.infokuryr.cz\/n\/wp-json\/wp\/v2\/users\/2"}],"replies":[{"embeddable":true,"href":"https:\/\/www.infokuryr.cz\/n\/wp-json\/wp\/v2\/comments?post=17729"}],"version-history":[{"count":0,"href":"https:\/\/www.infokuryr.cz\/n\/wp-json\/wp\/v2\/posts\/17729\/revisions"}],"wp:featuredmedia":[{"embeddable":true,"href":"https:\/\/www.infokuryr.cz\/n\/wp-json\/wp\/v2\/media\/17730"}],"wp:attachment":[{"href":"https:\/\/www.infokuryr.cz\/n\/wp-json\/wp\/v2\/media?parent=17729"}],"wp:term":[{"taxonomy":"category","embeddable":true,"href":"https:\/\/www.infokuryr.cz\/n\/wp-json\/wp\/v2\/categories?post=17729"},{"taxonomy":"post_tag","embeddable":true,"href":"https:\/\/www.infokuryr.cz\/n\/wp-json\/wp\/v2\/tags?post=17729"}],"curies":[{"name":"wp","href":"https:\/\/api.w.org\/{rel}","templated":true}]}}