{"id":17727,"date":"2022-11-03T06:11:02","date_gmt":"2022-11-03T05:11:02","guid":{"rendered":"http:\/\/www.infokuryr.cz\/n\/?p=17727"},"modified":"2022-11-03T06:11:02","modified_gmt":"2022-11-03T05:11:02","slug":"srbsko-sestrelilo-dron","status":"publish","type":"post","link":"https:\/\/www.infokuryr.cz\/n\/2022\/11\/03\/srbsko-sestrelilo-dron\/","title":{"rendered":"Srbsko sest\u0159elilo dron"},"content":{"rendered":"<div id=\"fb-root\"><\/div>\n<p><span style=\"font-size: 18pt;\"><strong>Bezpilotn\u00ed letoun byl sest\u0159elen ve m\u011bst\u011b Raska nedaleko odtr\u017een\u00e9 provincie Kosovo<\/strong><\/span><\/p>\n<p><span>Srbsk\u00e1 protivzdu\u0161n\u00e1 obrana sest\u0159elila komer\u010dn\u00ed bezpilotn\u00ed letoun pobl\u00ed\u017e hranice s Kosovem, ozn\u00e1mila ve st\u0159edu vl\u00e1da v B\u011blehrad\u011b.\u00a0K incidentu do\u0161lo den pot\u00e9, co prezident Aleksandar Vu\u010di\u010d vydal rozkaz ke st\u0159elb\u011b na bezpilotn\u00ed letouny naru\u0161uj\u00edc\u00ed srbsk\u00fd vzdu\u0161n\u00fd prostor.\u00a0<\/span><\/p>\n<p><span>Dron byl detekov\u00e1n a sledov\u00e1n na obloze nad pos\u00e1dkou Raska a p\u0159ilet\u011bl ze sm\u011bru od hory Kopaonik, uvedla srbsk\u00e1 arm\u00e1da v prohl\u00e1\u0161en\u00ed a dodala, \u017ee UAV bylo\u00a0<\/span><em><span>\u201esest\u0159eleno pomoc\u00ed opat\u0159en\u00ed elektronick\u00e9ho ru\u0161en\u00ed\u201c.<\/span><\/em><\/p>\n<p><em><span>&#8222;Nebe nad Srbskem je bezpe\u010dn\u00e9,&#8220;<\/span><\/em><span>\u00a0\u0159ekl ve st\u0159edu ve\u010der novin\u00e1\u0159\u016fm ministr obrany Milo\u0161 Vu\u010devi\u010d.<\/span><\/p>\n<p><em><span>\u201eNepou\u017e\u00edvali jsme d\u011bla, ale nejmodern\u011bj\u0161\u00ed [elektronick\u00e9] vybaven\u00ed,\u201c<\/span><\/em><span>\u00a0dodal Vu\u010devi\u010d.\u00a0<\/span><em><span>&#8222;To ukazuje, \u017ee to mysl\u00edme v\u00e1\u017en\u011b.&#8220;\u00a0Nikoho neohro\u017eujeme, ne\u0159veme \u0161avlemi, ale jsme odhodl\u00e1ni chr\u00e1nit Srbsko a jeho svobodu a nez\u00e1vislost.<\/span><\/em><\/p>\n<p><span>Podle den\u00edku\u00a0\u00a0<\/span><a href=\"https:\/\/www.novosti.rs\/c\/vesti\/politika\/1169191\/hitno-vojska-srbije-oglasila-oborenom-dronu\" target=\"_blank\" rel=\"noopener noreferrer\"><span>Ve\u010dernje Novosti<\/span><\/a><span>\u00a0dron spadl n\u011bkde na ho\u0159e Kopaonik.\u00a0Vojensk\u00e9 p\u00e1trac\u00ed skupiny o\u010dek\u00e1vaj\u00ed, \u017ee ji najdou do \u010dtvrte\u010dn\u00edho r\u00e1na.<\/span><\/p>\n<p><em><span>&#8222;V souladu s trval\u00fdmi rozkazy prezidenta a vrchn\u00edho velitele bude srbsk\u00e1 arm\u00e1da pokra\u010dovat v sest\u0159elov\u00e1n\u00ed v\u0161ech UAV, kter\u00e9 vstoup\u00ed do omezen\u00e9ho vzdu\u0161n\u00e9ho prostoru nebo se bl\u00ed\u017e\u00ed k vojensk\u00fdm za\u0159\u00edzen\u00edm,&#8220;<\/span><\/em><span>\u00a0uvedla arm\u00e1da.<\/span><\/p>\n<p><span>Vu\u010di\u010d ozn\u00e1mil rozkaz k sest\u0159elen\u00ed v \u00fater\u00fd pot\u00e9, co byly dva st\u00edhac\u00ed letouny MiG-29 nasazeny proti n\u011bkolika UAV spat\u0159en\u00fdm nad vojensk\u00fdmi z\u00e1kladnami v Rasce.\u00a0<\/span><\/p>\n<p><span>Novosti citovaly nepotvrzen\u00e9 zpr\u00e1vy, \u017ee dron byl komer\u010dn\u00ed model a byl pou\u017eit k pr\u016fzkumu oblasti, kter\u00e1 je bl\u00edzko hranice s provinci\u00ed Kosovo.\u00a0<\/span><\/p>\n<p><span>Kosovo bylo okupov\u00e1no NATO v roce 1999 a nez\u00e1vislost vyhl\u00e1silo v roce 2008 s podporou USA.\u00a0B\u011blehrad odm\u00edt\u00e1 uznat odtr\u017eenou provincii, co\u017e je pozice podporovan\u00e1 Ruskem a \u010c\u00ednou.<\/span><\/p>\n<p><img decoding=\"async\" loading=\"lazy\" class=\"alignnone size-full wp-image-1185\" src=\"http:\/\/www.infokuryr.cz\/n\/wp-content\/uploads\/2021\/04\/kuryr-podpis.png\" alt=\"\" width=\"84\" height=\"24\" \/><\/p>\n<p>&nbsp;<\/p>\n","protected":false},"excerpt":{"rendered":"<p>Bezpilotn\u00ed letoun byl sest\u0159elen ve m\u011bst\u011b Raska nedaleko odtr\u017een\u00e9 provincie Kosovo Srbsk\u00e1 protivzdu\u0161n\u00e1 obrana sest\u0159elila&#8230;<\/p>\n","protected":false},"author":2,"featured_media":17728,"comment_status":"closed","ping_status":"closed","sticky":false,"template":"","format":"standard","meta":[],"categories":[7],"tags":[3727,1063,139],"_links":{"self":[{"href":"https:\/\/www.infokuryr.cz\/n\/wp-json\/wp\/v2\/posts\/17727"}],"collection":[{"href":"https:\/\/www.infokuryr.cz\/n\/wp-json\/wp\/v2\/posts"}],"about":[{"href":"https:\/\/www.infokuryr.cz\/n\/wp-json\/wp\/v2\/types\/post"}],"author":[{"embeddable":true,"href":"https:\/\/www.infokuryr.cz\/n\/wp-json\/wp\/v2\/users\/2"}],"replies":[{"embeddable":true,"href":"https:\/\/www.infokuryr.cz\/n\/wp-json\/wp\/v2\/comments?post=17727"}],"version-history":[{"count":0,"href":"https:\/\/www.infokuryr.cz\/n\/wp-json\/wp\/v2\/posts\/17727\/revisions"}],"wp:featuredmedia":[{"embeddable":true,"href":"https:\/\/www.infokuryr.cz\/n\/wp-json\/wp\/v2\/media\/17728"}],"wp:attachment":[{"href":"https:\/\/www.infokuryr.cz\/n\/wp-json\/wp\/v2\/media?parent=17727"}],"wp:term":[{"taxonomy":"category","embeddable":true,"href":"https:\/\/www.infokuryr.cz\/n\/wp-json\/wp\/v2\/categories?post=17727"},{"taxonomy":"post_tag","embeddable":true,"href":"https:\/\/www.infokuryr.cz\/n\/wp-json\/wp\/v2\/tags?post=17727"}],"curies":[{"name":"wp","href":"https:\/\/api.w.org\/{rel}","templated":true}]}}