{"id":17723,"date":"2022-11-03T06:03:05","date_gmt":"2022-11-03T05:03:05","guid":{"rendered":"http:\/\/www.infokuryr.cz\/n\/?p=17723"},"modified":"2022-11-03T06:03:05","modified_gmt":"2022-11-03T05:03:05","slug":"italie-zablokovala-novy-balik-vojenske-pomoci-ukrajine","status":"publish","type":"post","link":"https:\/\/www.infokuryr.cz\/n\/2022\/11\/03\/italie-zablokovala-novy-balik-vojenske-pomoci-ukrajine\/","title":{"rendered":"It\u00e1lie zablokovala nov\u00fd bal\u00edk vojensk\u00e9 pomoci Ukrajin\u011b"},"content":{"rendered":"<div id=\"fb-root\"><\/div>\n<p><strong>It\u00e1lie zablokovala nov\u00fd, \u0161est\u00fd bal\u00edk vojensk\u00e9 pomoci Kyjevu, ozn\u00e1mily noviny Il Messaggero s odvol\u00e1n\u00edm na vl\u00e1dn\u00ed zdroje.<\/strong><\/p>\n<p>Operace pro vojenskou pomoc Ukrajin\u011b byla pozastavena \u201ejen proto, \u017ee je t\u0159eba nejd\u0159\u00edve zkoordinovat s NATO a detailn\u011b prozkoumat vojensk\u00e9 po\u017eadavky Ukrajiny\u201c, uv\u00e1d\u011bj\u00ed novinov\u00e9 zdroje.<\/p>\n<p>\u201eTeprve pot\u00e9 pochop\u00edme, co Kyjev pot\u0159ebuje a jak\u00e9 zbran\u011b mu m\u016f\u017eeme dodat,\u201c jsou citov\u00e1ny v p\u0159\u00edsp\u011bvku jejich slova.<\/p>\n<p>Kl\u00ed\u010dov\u00fdmi pro tuto diskusi budou jedn\u00e1n\u00ed gener\u00e1ln\u00edho tajemn\u00edka NATO Jense Stoltenberga s italskou premi\u00e9rkou Giorgi\u00ed Meloniovou a ministrem obrany It\u00e1lie Guidem Crosettem. Stoltenberg m\u00e1 nav\u0161t\u00edvit \u0158\u00edm v nejbli\u017e\u0161\u00edch dnech.<\/p>\n<p>Jak p\u00ed\u0161e Il Messaggero, v minul\u00e9m t\u00fddnu po\u017e\u00e1dal ministr zahrani\u010d\u00ed Ukrajiny Dmytro Kuleba sv\u00e9ho italsk\u00e9ho kolegu Antonia Tajaniho o syst\u00e9my PVO SAMP-T. Na ministerstvu obrany It\u00e1lie dali na srozum\u011bnou, \u017ee It\u00e1lie m\u00e1 velmi m\u00e1lo podobn\u00fdch syst\u00e9m\u016f. Kv\u016fli tomu mohou pravd\u011bpodobn\u011b dodat Kyjevu jin\u00e9 syst\u00e9my.<\/p>\n<p>Noviny la Repubblica ji\u017e d\u0159\u00edve psaly, \u017ee nov\u00fd dekret o vojensk\u00e9 pomoci Ukrajin\u011b m\u016f\u017ee b\u00fdt schv\u00e1len v polovin\u011b listopadu. Mezit\u00edm, jak oznamuje Il Messaggero, It\u00e1lie dosud zcela nesplnila \u010dtvrt\u00fd a p\u00e1t\u00fd bal\u00edk podpory. Jejich konkr\u00e9tn\u00ed obsah je i nad\u00e1le utajov\u00e1n, av\u0161ak podle informace italsk\u00fdch m\u00e9di\u00ed obsahuj\u00ed posledn\u00ed partie t\u011b\u017ekou obrn\u011bnou techniku a velkor\u00e1\u017en\u00ed d\u011blost\u0159electvo: jde mj. o \u201e20 a\u017e 30\u201c samohybn\u00fdch d\u011bl M109, kter\u00e1 dodala It\u00e1lie na Ukrajinu v r\u00e1mci p\u00e1t\u00e9ho bal\u00edku pomoci.<\/p>\n<p>Na pozad\u00ed speci\u00e1ln\u00ed operace rusk\u00fdch vojsk pokra\u010duj\u00ed z\u00e1padn\u00ed zem\u011b v z\u00e1sobov\u00e1n\u00ed Ukrajiny zbran\u011bmi. Moskva nejednou upozornila, \u017ee dod\u00e1vky zbran\u00ed jenom protahuj\u00ed konflikt a \u017ee transport se zbran\u011bmi se st\u00e1v\u00e1 z\u00e1konn\u00fdm ter\u010dem pro rusk\u00e9 voj\u00e1ky. Jak nejednou zd\u016fraznil mluv\u010d\u00ed Kremlu Dmitrij Peskov, akce Z\u00e1padu budou m\u00edt pouze negativn\u00ed \u00fa\u010dinek.<\/p>\n<p><img decoding=\"async\" loading=\"lazy\" class=\"alignnone size-full wp-image-1185\" src=\"http:\/\/www.infokuryr.cz\/n\/wp-content\/uploads\/2021\/04\/kuryr-podpis.png\" alt=\"\" width=\"84\" height=\"24\" \/><\/p>\n<p>&nbsp;<\/p>\n","protected":false},"excerpt":{"rendered":"<p>It\u00e1lie zablokovala nov\u00fd, \u0161est\u00fd bal\u00edk vojensk\u00e9 pomoci Kyjevu, ozn\u00e1mily noviny Il Messaggero s odvol\u00e1n\u00edm na&#8230;<\/p>\n","protected":false},"author":2,"featured_media":17724,"comment_status":"closed","ping_status":"closed","sticky":false,"template":"","format":"standard","meta":[],"categories":[7],"tags":[191,39,26,73],"_links":{"self":[{"href":"https:\/\/www.infokuryr.cz\/n\/wp-json\/wp\/v2\/posts\/17723"}],"collection":[{"href":"https:\/\/www.infokuryr.cz\/n\/wp-json\/wp\/v2\/posts"}],"about":[{"href":"https:\/\/www.infokuryr.cz\/n\/wp-json\/wp\/v2\/types\/post"}],"author":[{"embeddable":true,"href":"https:\/\/www.infokuryr.cz\/n\/wp-json\/wp\/v2\/users\/2"}],"replies":[{"embeddable":true,"href":"https:\/\/www.infokuryr.cz\/n\/wp-json\/wp\/v2\/comments?post=17723"}],"version-history":[{"count":0,"href":"https:\/\/www.infokuryr.cz\/n\/wp-json\/wp\/v2\/posts\/17723\/revisions"}],"wp:featuredmedia":[{"embeddable":true,"href":"https:\/\/www.infokuryr.cz\/n\/wp-json\/wp\/v2\/media\/17724"}],"wp:attachment":[{"href":"https:\/\/www.infokuryr.cz\/n\/wp-json\/wp\/v2\/media?parent=17723"}],"wp:term":[{"taxonomy":"category","embeddable":true,"href":"https:\/\/www.infokuryr.cz\/n\/wp-json\/wp\/v2\/categories?post=17723"},{"taxonomy":"post_tag","embeddable":true,"href":"https:\/\/www.infokuryr.cz\/n\/wp-json\/wp\/v2\/tags?post=17723"}],"curies":[{"name":"wp","href":"https:\/\/api.w.org\/{rel}","templated":true}]}}