{"id":17708,"date":"2022-11-03T01:10:05","date_gmt":"2022-11-03T00:10:05","guid":{"rendered":"http:\/\/www.infokuryr.cz\/n\/?p=17708"},"modified":"2022-11-02T18:51:32","modified_gmt":"2022-11-02T17:51:32","slug":"zdenek-koudelka-inflacni-politika-vlady-nici-setrnost-a-stesti-lidi","status":"publish","type":"post","link":"https:\/\/www.infokuryr.cz\/n\/2022\/11\/03\/zdenek-koudelka-inflacni-politika-vlady-nici-setrnost-a-stesti-lidi\/","title":{"rendered":"Zden\u011bk Koudelka: Infla\u010dn\u00ed politika vl\u00e1dy ni\u010d\u00ed \u0161etrnost a \u0161t\u011bst\u00ed lid\u00ed"},"content":{"rendered":"<div id=\"fb-root\"><\/div>\n<p style=\"font-weight: 400;\">V\u011bt\u0161ina lid\u00ed chce \u017e\u00edt norm\u00e1ln\u011b sv\u00e9 \u017eivoty bez toho, aby jim cestu za \u0161t\u011bst\u00edm ni\u010dili ti, kte\u0159\u00ed je cht\u011bj\u00ed ovl\u00e1dat. Jedn\u00edm ze zel, kter\u00e9 se na n\u00e1s hrne, je zdra\u017eov\u00e1n\u00ed \u010dili inflace.<\/p>\n<p style=\"font-weight: 400;\">St\u00e1t je zalo\u017een na d\u016fv\u011b\u0159e lid\u00ed. Bez d\u016fv\u011bry nen\u00ed nic. Podstatou t\u00e9to d\u016fv\u011bry je i d\u016fv\u011bra v\u00a0hodnotu pen\u011bz. Tedy to, \u017ee kdy\u017e \u0161et\u0159\u00edme, tak n\u00e1s o na\u0161et\u0159en\u00e9 pen\u00edze vl\u00e1da nep\u0159iprav\u00ed. Fialova vl\u00e1da je vl\u00e1da drahoty. Vl\u00e1da, kter\u00e1 ni\u010d\u00ed d\u016fv\u011bru lid\u00ed ve st\u00e1t a jeho m\u011bnu. Vl\u00e1da pop\u0159ela tradice star\u00fdch hospod\u00e1\u0159\u016f. Ji\u017e neplat\u00ed, \u017ee dobr\u00e1 hospodyn\u011b pro p\u00edrko i p\u0159es plot sko\u010d\u00ed. Kdy\u017e si \u010dlov\u011bk \u0161et\u0159\u00ed na d\u016fchod, studia \u010di bydlen\u00ed, tak mu to sou\u010dasn\u00e1 infla\u010dn\u00ed politika drahoty vezme. M\u00e1 pak smysl vyd\u011bl\u00e1vat a \u0161et\u0159it pen\u00edze pro sebe a sv\u00e9 bl\u00edzk\u00e9?<\/p>\n<p style=\"font-weight: 400;\">Vl\u00e1da rozto\u010dila infla\u010dn\u00ed ruletu obrovsk\u00fdm dluhem. Nech\u00e1v\u00e1 se vyd\u00edrat N\u011bmeckem a j\u00edm stvo\u0159enou lipskou burzou. Jestli se u n\u00e1s elekt\u0159ina vyr\u00e1b\u00ed za desetihal\u00e9\u0159e, ale prod\u00e1v\u00e1 o tis\u00edc procent dr\u00e1\u017e, tak je to nehor\u00e1zn\u00e1 kr\u00e1de\u017e. Tato cena toti\u017e nen\u00ed v\u00fdsledkem hospod\u00e1\u0159sk\u00e9 sout\u011b\u017ee, ale byrokratick\u00e9 a nepr\u016fhledn\u00e9 cenotvorby v\u00a0r\u00e1mci politiky zelen\u00e9ho \u00fad\u011blu. Jestli si N\u011bmecko kv\u016fli hloup\u00e9mu zelen\u00e9mu \u00fad\u011blu nechalo vnutit politiku vypnut\u00ed uheln\u00fdch a atomov\u00fdch elektr\u00e1ren, je to jeho blbost. Ale my nem\u00e1me povinnost toto hlup\u00e1ctv\u00ed platit.<\/p>\n<p style=\"font-weight: 400;\">Nevin\u00edm n\u011bmeckou vl\u00e1du, \u017ee chce, abychom v\u00a0cen\u011b na\u0161\u00ed elekt\u0159iny platili tradi\u010dn\u00ed n\u011bmeckou imperi\u00e1ln\u00ed politiku. Vin\u00edm na\u0161i vl\u00e1du, \u017ee n\u00e1s k\u00a0tomu nut\u00ed proto, aby na n\u00ed v\u00a0Berl\u00edn\u011b \u010di Bruselu nevr\u010deli.<\/p>\n<p style=\"font-weight: 400;\">Evropsk\u00e1 komise klimaticky zblbla. Nejen, \u017ee n\u00e1m chce vnutit drah\u00e1 elektroauta m\u00edsto levn\u011bj\u0161\u00edch a spolehliv\u011bj\u0161\u00edch spalovac\u00edch motor\u016f, ale chce zdra\u017eit i bydlen\u00ed po\u017eadavkem nulov\u00fdch emis\u00ed na nov\u00e9 domy. Chce n\u00e1m zak\u00e1zat dom\u00e1c\u00ed krby a kamna, tedy to, co si mnoho na\u0161ich ob\u010dan\u016f nyn\u00ed z\u0159izuje, aby v\u016fbec n\u011bjak\u00e9 teplo za rozumnou cenu m\u011bli.<\/p>\n<p style=\"font-weight: 400;\">Evrop\u0161t\u00ed dr\u017eitel\u00e9 politick\u00e9 i ekonomick\u00e9 moci cht\u011bj\u00ed kecat i do toho, co j\u00edme. Z\u00e1padoevropsk\u00fd koncern, kter\u00fd u n\u00e1s vlastn\u00ed s\u00fdr\u00e1rnu \u017deletava, chce polovinu produkce vyr\u00e1b\u011bt vegansky \u2013 tedy rostlinn\u00e9 n\u00e1hra\u017eky s\u00fdr\u016f bez ml\u00e9ka, kdy\u017e dnes takto u n\u00e1s jed\u00ed jen jednotky procent lid\u00ed. \u0158\u00edkaj\u00ed, \u017ee cht\u011bj\u00ed p\u0159evychovat spot\u0159ebitele. Prost\u011b bruselsk\u00fd zelen\u00fd fa\u0161ismus ztratil jak\u00e9koliv z\u00e1brany. Kr\u00e1vy prd\u00ed, co\u017e pr\u00fd otepluje planetu, proto je mus\u00ed novodob\u00ed fale\u0161n\u00ed zachr\u00e1nci sv\u011bta vyhubit. To jsou ti dne\u0161n\u00ed Stalinov\u00e9, Hitlerov\u00e9 a Pol Potov\u00e9, kte\u0159\u00ed stra\u0161\u00ed \u00fadajn\u00fdm koncem sv\u011bta kv\u016fli klimatu. Kdy\u017e i \u017e\u00e1k na z\u00e1kladn\u00ed \u0161kole v\u00ed, \u017ee se st\u0159\u00eddaly doby ledov\u00e9 a meziledov\u00e9. Lidstvo p\u0159e\u017eilo t\u00edm, \u017ee se p\u0159izp\u016fsobilo a ne porou\u010den\u00edm v\u011btru, de\u0161ti.<\/p>\n<p style=\"font-weight: 400;\">Evropsk\u00e1 komise a lid\u00e9 kolem n\u00ed vyvol\u00e1vaj\u00ed strach jako v\u00a0p\u0159\u00edpad\u011b covidu, aby se jim l\u00e9pe kradlo. U\u017e se u n\u00e1s vyhodily zbyte\u010dn\u00e9 covidov\u00e9 vakc\u00edny za 14 miliard korun. V\u00a0Evropsk\u00e9 unii je to za dva biliony korun. Obrovsk\u00fd tunel na st\u00e1tn\u00ed pen\u00edze, za kter\u00fd by m\u011bla n\u00e9st odpov\u011bdnost p\u0159edsedkyn\u011b Evropsk\u00e9 komise von Leyenov\u00e1. Bruselu se \u0159\u00edk\u00e1 hlavn\u00ed m\u011bsto lobbingu, p\u0159elo\u017eeno do morav\u0161tiny \u2013 hlavn\u00ed m\u011bsto okr\u00e1d\u00e1n\u00ed oby\u010dejn\u00fdch lid\u00ed. P\u0159itom covid je slab\u00fd odvar toho, jak\u00e9 obrovsk\u00e9 pen\u00edze se vyhazuj\u00ed v\u00a0r\u00e1mci klimatick\u00e9ho \u0161\u00edlenstv\u00ed.<\/p>\n<p style=\"font-weight: 400;\">A na\u0161e vl\u00e1da tomu v\u0161emu v\u00a0Bruselu k\u00fdv\u00e1. K\u00fdv\u00e1, abychom platili drahou energii kv\u016fli evropsk\u00fdm energetick\u00fdm dan\u00edm, emisn\u00edm povolenk\u00e1m a z\u00e1kazu v\u00fdroby levn\u00e9 energie z\u00a0uhl\u00ed.<\/p>\n<p style=\"font-weight: 400;\">Vl\u00e1da sv\u00e9 odp\u016frce naz\u00fdv\u00e1 agenty. Nen\u00ed v\u0161ak zr\u00e1dn\u00fdm ciz\u00edm agentem ten, kdo n\u00e1m vnucuje \u0161\u00edlen\u00fd zelen\u00fd \u00fad\u011bl a placen\u00ed nesmysln\u00fdch cen elekt\u0159iny z\u00a0lipsk\u00e9 burzy? Nen\u00ed agentem ten, kdo chce oslabit v\u00fdrobu elekt\u0159iny a tepla z\u00a0na\u0161eho uhl\u00ed? Nen\u00ed ciz\u00edm agentem ten, kdo n\u00e1s nut\u00ed vzd\u00e1t se spalovac\u00edch motor\u016f a na\u0161ich j\u00eddel z prasat a krav? Copak vl\u00e1da nevid\u00ed, jak\u00e9 zlo p\u00e1ch\u00e1, kdy\u017e ne\u0159e\u0161\u00ed inflaci a patol\u00edz\u00e1 Evropsk\u00e9 komisi i tam, kde je to pro n\u00e1\u0161 pr\u016fmysl a na\u0161e zem\u011bd\u011blstv\u00ed smrt\u00edc\u00ed?<\/p>\n<p style=\"font-weight: 400;\">Premi\u00e9r Fiala na ja\u0159e \u0159\u00edkal, \u017ee jsme ve v\u00e1lce. Nesouhlasil jsem, nebo\u0165 jsme v\u00e1lku nikomu nevyhl\u00e1sili a Parlament o v\u00e1le\u010dn\u00e9m stavu ani nehlasoval. Av\u0161ak pochopil jsem, \u017ee Fiala m\u011bl pravdu. On toti\u017e vede v\u00e1lku s vlastn\u00edmi ob\u010dany. Ale lid m\u00e1 s\u00edlu. Okr\u00e1dat a zotro\u010dit se nemus\u00ed nechat.<\/p>\n<p><a href=\"https:\/\/zdenekkoudelka.cz\/www\/article_detail.php?id=1009\">Zden\u011bk Koudelka<\/a><\/p>\n<p><img decoding=\"async\" loading=\"lazy\" class=\"alignnone size-full wp-image-6154\" src=\"http:\/\/www.infokuryr.cz\/n\/wp-content\/uploads\/2021\/11\/zdenek-koudelka.jpeg\" alt=\"\" width=\"280\" height=\"210\" \/><\/p>\n<p>&nbsp;<\/p>\n","protected":false},"excerpt":{"rendered":"<p>V\u011bt\u0161ina lid\u00ed chce \u017e\u00edt norm\u00e1ln\u011b sv\u00e9 \u017eivoty bez toho, aby jim cestu za \u0161t\u011bst\u00edm ni\u010dili&#8230;<\/p>\n","protected":false},"author":2,"featured_media":14256,"comment_status":"closed","ping_status":"closed","sticky":false,"template":"","format":"standard","meta":[],"categories":[6],"tags":[1497,45,940,2505,99],"_links":{"self":[{"href":"https:\/\/www.infokuryr.cz\/n\/wp-json\/wp\/v2\/posts\/17708"}],"collection":[{"href":"https:\/\/www.infokuryr.cz\/n\/wp-json\/wp\/v2\/posts"}],"about":[{"href":"https:\/\/www.infokuryr.cz\/n\/wp-json\/wp\/v2\/types\/post"}],"author":[{"embeddable":true,"href":"https:\/\/www.infokuryr.cz\/n\/wp-json\/wp\/v2\/users\/2"}],"replies":[{"embeddable":true,"href":"https:\/\/www.infokuryr.cz\/n\/wp-json\/wp\/v2\/comments?post=17708"}],"version-history":[{"count":0,"href":"https:\/\/www.infokuryr.cz\/n\/wp-json\/wp\/v2\/posts\/17708\/revisions"}],"wp:featuredmedia":[{"embeddable":true,"href":"https:\/\/www.infokuryr.cz\/n\/wp-json\/wp\/v2\/media\/14256"}],"wp:attachment":[{"href":"https:\/\/www.infokuryr.cz\/n\/wp-json\/wp\/v2\/media?parent=17708"}],"wp:term":[{"taxonomy":"category","embeddable":true,"href":"https:\/\/www.infokuryr.cz\/n\/wp-json\/wp\/v2\/categories?post=17708"},{"taxonomy":"post_tag","embeddable":true,"href":"https:\/\/www.infokuryr.cz\/n\/wp-json\/wp\/v2\/tags?post=17708"}],"curies":[{"name":"wp","href":"https:\/\/api.w.org\/{rel}","templated":true}]}}