{"id":17693,"date":"2022-11-03T01:01:38","date_gmt":"2022-11-03T00:01:38","guid":{"rendered":"http:\/\/www.infokuryr.cz\/n\/?p=17693"},"modified":"2022-11-02T17:55:42","modified_gmt":"2022-11-02T16:55:42","slug":"nyni-je-to-rychle-digitalni-mena-svazana-s-vasim-digitalnim-id","status":"publish","type":"post","link":"https:\/\/www.infokuryr.cz\/n\/2022\/11\/03\/nyni-je-to-rychle-digitalni-mena-svazana-s-vasim-digitalnim-id\/","title":{"rendered":"Nyn\u00ed je to rychl\u00e9: Digit\u00e1ln\u00ed m\u011bna sv\u00e1zan\u00e1 s va\u0161\u00edm digit\u00e1ln\u00edm ID"},"content":{"rendered":"<div id=\"fb-root\"><\/div>\n<div class=\"elementor-element elementor-element-1fb4c2c elementor-widget elementor-widget-theme-post-content\" data-id=\"1fb4c2c\" data-element_type=\"widget\" data-widget_type=\"theme-post-content.default\">\n<div class=\"elementor-widget-container\">\n<p><span style=\"font-size: 18pt;\"><strong>Turecko chce do sv\u00e9ho syst\u00e9mu digit\u00e1ln\u00edch ID integrovat novou digit\u00e1ln\u00ed m\u011bnu centr\u00e1ln\u00ed banky.<\/strong><\/span><\/p>\n<p><span>Pamatujete si, jak jsem v\u00e1s varoval, \u017ee dal\u0161\u00edm krokem bude digit\u00e1ln\u00ed m\u011bna centr\u00e1ln\u00ed banky nav\u00e1zan\u00e1 na va\u0161e digit\u00e1ln\u00ed ID?<\/span><\/p>\n<p><span>No, stejn\u011b jako s klimatick\u00fdmi omezen\u00edmi, kter\u00e1 nyn\u00ed prob\u00edhaj\u00ed v podstat\u011b v It\u00e1lii, jsem m\u011bl op\u011bt pravdu.<\/span><\/p>\n<p><span>Proto\u017ee nyn\u00ed Turecko pl\u00e1nuje spu\u0161t\u011bn\u00ed digit\u00e1ln\u00ed m\u011bny centr\u00e1ln\u00ed banky a h\u00e1dejte co \u2013 bude integrov\u00e1na do jejich syst\u00e9mu digit\u00e1ln\u00edch ID!<\/span><\/p>\n<p><span>Tato integrace je sou\u010d\u00e1st\u00ed dal\u0161\u00ed f\u00e1ze jejich v\u00fdzkumn\u00e9ho projektu digit\u00e1ln\u00ed tureck\u00e9 liry.<\/span><\/p>\n<p><span>Tureck\u00e1 centr\u00e1ln\u00ed banka pl\u00e1nuje spustit svou digit\u00e1ln\u00ed m\u011bnu ji\u017e v p\u0159\u00ed\u0161t\u00edm roce.<\/span><\/p>\n<p class=\"has-medium-font-size\"><span style=\"font-size: 18pt;\"><strong>V\u011bci se te\u010f rychle h\u00fdbou.<\/strong><\/span><\/p>\n<p><em><span>Syst\u00e9m digit\u00e1ln\u00ed tureck\u00e9 liry bude integrov\u00e1n s digit\u00e1ln\u00ed identitou a FAST,\u201c stoj\u00ed v ofici\u00e1ln\u00ed\u00a0<\/span><a href=\"http:\/\/www.coindesk.com\/policy\/2022\/10\/25\/central-bank-of-turkey-plans-to-launch-a-cbdc-in-2023\/\" target=\"_blank\" rel=\"noreferrer noopener\" data-type=\"URL\" data-id=\"http:\/\/www.coindesk.com\/policy\/2022\/10\/25\/central-bank-of-turkey-plans-to-launch-a-cbdc-in-2023\/\"><span>zpr\u00e1v\u011b<\/span><\/a><span>\u00a0ze zem\u011b (FAST je platebn\u00ed syst\u00e9m provozovan\u00fd Centr\u00e1ln\u00ed bankou Turecka<\/span><\/em><\/p>\n<p><span>Tak\u017ee tady to m\u00e1me.\u00a0To, \u010demu se loni \u0159\u00edkalo \u0161\u00edlen\u00e1 konspira\u010dn\u00ed teorie, se nyn\u00ed st\u00e1v\u00e1 realitou.\u00a0Digit\u00e1ln\u00ed m\u011bna centr\u00e1ln\u00ed banky sv\u00e1zan\u00e1 s va\u0161\u00edm digit\u00e1ln\u00edm ID.<\/span><\/p>\n<p><span>S digit\u00e1ln\u00ed m\u011bnou centr\u00e1ln\u00ed banky je pro st\u00e1t velmi snadn\u00e9 zabr\u00e1nit disident\u016fm v n\u00e1kupu nebo prodeji.\u00a0Tady jde o tot\u00e1ln\u00ed kontrolu.<\/span><\/p>\n<p><span>A m\u011bjte na pam\u011bti, \u017ee Turecko m\u00e1 v posledn\u00ed dob\u011b velmi vysokou m\u00edru inflace a nyn\u00ed ohla\u0161uje digit\u00e1ln\u00ed m\u011bnu, kter\u00e1 by mohla p\u0159edstavovat vynikaj\u00edc\u00ed p\u0159\u00edle\u017eitost pro jak\u00fdsi \u201ereset\u201c&#8230;<\/span><\/p>\n<p><span>V sou\u010dasn\u00e9 dob\u011b za\u017e\u00edv\u00e1me vysokou inflaci v mnoha z\u00e1padn\u00edch zem\u00edch.\u00a0Um\u00edm si p\u0159edstavit spu\u0161t\u011bn\u00ed digit\u00e1ln\u00ed m\u011bny pod rou\u0161kou prevence dal\u0161\u00edch ekonomick\u00fdch probl\u00e9m\u016f.\u00a0Reset glob\u00e1ln\u00ed ekonomiky, chcete-li.\u00a0Mo\u017en\u00e1 skv\u011bl\u00fd reset&#8230;<\/span><\/p>\n<p><span>U\u017e v\u00edme, \u017ee EU pracuje na digit\u00e1ln\u00edm euru s nik\u00fdm jin\u00fdm ne\u017e s Amazonem.<\/span><\/p>\n<p><span>Moje dal\u0161\u00ed p\u0159edpov\u011b\u010f je, \u017ee z\u00edsk\u00e1me osobn\u00ed m\u011b\u0159i\u010de uhl\u00edku, kter\u00e9 budou zaznamen\u00e1vat v\u0161echny emise CO\u2082 z va\u0161ich n\u00e1kup\u016f v digit\u00e1ln\u00ed m\u011bn\u011b.\u00a0To se ji\u017e do jist\u00e9 m\u00edry d\u011bje, mnoho bank za\u010dalo sledovat emise C02 va\u0161ich n\u00e1kup\u016f a ve \u0160v\u00e9dsku ji\u017e m\u00e1me\u00a0<\/span><a href=\"https:\/\/petersweden.substack.com\/p\/card-co2-tracking?utm_source=substack&amp;utm_campaign=post_embed&amp;utm_medium=web\" target=\"_blank\" rel=\"noreferrer noopener\" data-type=\"URL\" data-id=\"https:\/\/petersweden.substack.com\/p\/card-co2-tracking?utm_source=substack&amp;utm_campaign=post_embed&amp;utm_medium=web\"><span>kreditn\u00ed kartu, kter\u00e1<\/span><\/a><span>\u00a0v\u00e1s zablokuje, pokud p\u0159ekro\u010d\u00edte limit C02!<\/span><\/p>\n<p><span>V\u011bci se rychle vyv\u00edjej\u00ed a digit\u00e1ln\u00ed m\u011bny centr\u00e1ln\u00ed banky a digit\u00e1ln\u00ed pr\u016fkaz toto\u017enosti jsou dal\u0161\u00ed velkou v\u011bc\u00ed, kter\u00e1 je posouv\u00e1 vp\u0159ed.<\/span><\/p>\n<p><span>Dal\u0161\u00ed v\u011bc, kterou je t\u0159eba zv\u00e1\u017eit, je, \u017ee digit\u00e1ln\u00ed m\u011bna by mohla b\u00fdt naprogramov\u00e1na tak, aby byla utr\u00e1cena pouze za v\u011bci, kter\u00e9 vl\u00e1da chce, abyste utr\u00e1celi.\u00a0Samoz\u0159ejm\u011b budou tvrdit, \u017ee to d\u011blaj\u00ed, aby \u201ezachr\u00e1nili ekonomiku\u201c.\u00a0Mo\u017enosti kontroly a tyranie jsou nekone\u010dn\u00e9.<\/span><\/p>\n<p><span>U\u017e jsme vid\u011bli, \u017ee PayPal m\u00e1 pravidlo, \u017ee pokud si mysl\u00ed, \u017ee \u0161\u00ed\u0159\u00edte \u201ezav\u00e1d\u011bj\u00edc\u00ed informace\u201c, m\u016f\u017ee v\u00e1\u0161 \u00fa\u010det rovnou okr\u00e1st o 2 500 dolar\u016f.\u00a0P\u016fvodn\u011b se tvrdilo, \u017ee jde o chybu, ale jakmile medi\u00e1ln\u00ed humbuk utichl, bylo toto pravidlo obnoveno.<\/span><\/p>\n<p><span>Na\u0161t\u011bst\u00ed je PayPal dobrovoln\u00fd a ka\u017ed\u00fd m\u016f\u017ee a m\u011bl by sv\u016fj PayPal smazat.\u00a0Co se ale stane, kdy\u017e je to digit\u00e1ln\u00ed m\u011bna centr\u00e1ln\u00ed banky a vy jste nuceni ji pou\u017e\u00edvat?\u00a0Co kdy\u017e si nem\u016f\u017eete nic koupit, pokud to nepou\u017e\u00edv\u00e1te?<\/span><\/p>\n<p><span>Vid\u00edte tady probl\u00e9m?\u00a0To otev\u00edr\u00e1 dve\u0159e nov\u00e9 \u00farovni tyranie, kterou jsme nikdy p\u0159edt\u00edm nevid\u011bli.<\/span><\/p>\n<p><span>To se v m\u00e9di\u00edch evidentn\u011b moc ne\u0159e\u0161\u00ed, proto pros\u00edm \u0161i\u0159te tento \u010dl\u00e1nek, kde jen m\u016f\u017eete!<\/span><\/p>\n<\/div>\n<\/div>\n<div class=\"elementor-element elementor-element-8c57238 quelle dc-has-condition dc-condition-empty elementor-widget elementor-widget-heading\" data-id=\"8c57238\" data-element_type=\"widget\" data-widget_type=\"heading.default\">\n<div class=\"elementor-widget-container\">\n<h3 class=\"elementor-heading-title elementor-size-default\"><span style=\"font-size: 8pt;\"><a href=\"https:\/\/petersweden.substack.com\/p\/digital-currency-id?utm_source=post-email-title&amp;publication_id=547128&amp;post_id=81565000&amp;isFreemail=false&amp;utm_medium=email\" target=\"_blank\" rel=\"nofollow noopener\">ZDROJ<\/a><\/span><\/h3>\n<p>&nbsp;<\/p>\n<\/div>\n<\/div>\n","protected":false},"excerpt":{"rendered":"<p>Turecko chce do sv\u00e9ho syst\u00e9mu digit\u00e1ln\u00edch ID integrovat novou digit\u00e1ln\u00ed m\u011bnu centr\u00e1ln\u00ed banky. Pamatujete si,&#8230;<\/p>\n","protected":false},"author":2,"featured_media":15369,"comment_status":"closed","ping_status":"closed","sticky":false,"template":"","format":"standard","meta":[],"categories":[7],"tags":[2214,916,3722,2195,55],"_links":{"self":[{"href":"https:\/\/www.infokuryr.cz\/n\/wp-json\/wp\/v2\/posts\/17693"}],"collection":[{"href":"https:\/\/www.infokuryr.cz\/n\/wp-json\/wp\/v2\/posts"}],"about":[{"href":"https:\/\/www.infokuryr.cz\/n\/wp-json\/wp\/v2\/types\/post"}],"author":[{"embeddable":true,"href":"https:\/\/www.infokuryr.cz\/n\/wp-json\/wp\/v2\/users\/2"}],"replies":[{"embeddable":true,"href":"https:\/\/www.infokuryr.cz\/n\/wp-json\/wp\/v2\/comments?post=17693"}],"version-history":[{"count":0,"href":"https:\/\/www.infokuryr.cz\/n\/wp-json\/wp\/v2\/posts\/17693\/revisions"}],"wp:featuredmedia":[{"embeddable":true,"href":"https:\/\/www.infokuryr.cz\/n\/wp-json\/wp\/v2\/media\/15369"}],"wp:attachment":[{"href":"https:\/\/www.infokuryr.cz\/n\/wp-json\/wp\/v2\/media?parent=17693"}],"wp:term":[{"taxonomy":"category","embeddable":true,"href":"https:\/\/www.infokuryr.cz\/n\/wp-json\/wp\/v2\/categories?post=17693"},{"taxonomy":"post_tag","embeddable":true,"href":"https:\/\/www.infokuryr.cz\/n\/wp-json\/wp\/v2\/tags?post=17693"}],"curies":[{"name":"wp","href":"https:\/\/api.w.org\/{rel}","templated":true}]}}