{"id":17675,"date":"2022-11-02T01:08:51","date_gmt":"2022-11-02T00:08:51","guid":{"rendered":"http:\/\/www.infokuryr.cz\/n\/?p=17675"},"modified":"2022-11-01T17:37:31","modified_gmt":"2022-11-01T16:37:31","slug":"jindrich-kulhavy-kdy-se-to-zlomi","status":"publish","type":"post","link":"https:\/\/www.infokuryr.cz\/n\/2022\/11\/02\/jindrich-kulhavy-kdy-se-to-zlomi\/","title":{"rendered":"Jind\u0159ich Kulhav\u00fd: Kdy se to zlom\u00ed?"},"content":{"rendered":"<div id=\"fb-root\"><\/div>\n<p><span class=\"anotation\">Po prodlou\u017een\u00e9m v\u00edkendu, kter\u00fd n\u00e1m uk\u00e1zal, \u017ee se lid\u00e9 zaj\u00edmaj\u00edc\u00ed se o \u010ceskou republiku dok\u00e1\u017eou st\u00e1le je\u0161t\u011b zmobilizovat a sej\u00edt v\u00a0hojn\u00e9m po\u010dtu, to i p\u0159es rozm\u00ed\u0161ku hlavn\u00edch organiz\u00e1tor\u016f, z\u00e1rove\u0148 nazna\u010dil, \u017ee v\u00edcem\u00e9n\u011b stejn\u00e9 mno\u017estv\u00ed t\u011bch, kte\u0159\u00ed by n\u00e1s r\u00e1di vid\u011bli jako eurounijn\u00ed okres, na ten V\u00e1clav\u00e1k doraz\u00ed kdykoliv tak\u00e9, i kdy\u017e pod modro\u017elutou vlajkou. Nav\u00edc tu m\u00e1me dal\u0161\u00ed hrozbu, kterou je mo\u017enost d\u00edky v\u011bt\u0161in\u011b v\u00a0Parlamentu zm\u011bnit volebn\u00ed z\u00e1kon a p\u0159ipustit k\u00a0volb\u00e1m Ukrajince, kte\u0159\u00ed se u n\u00e1s usadili, a p\u0159ev\u00e1\u017eit tak jaz\u00fd\u010dky na vah\u00e1ch a stranu n\u011bkter\u00e9ho z\u00a0kandid\u00e1t\u016f na prezidenta podporovan\u00e9ho P\u011btikoalic\u00ed.<\/span><\/p>\n<div id=\"pagetext\">\n<p>\u00a0 Zm\u00ednili jsme se o volb\u011b prezidenta. Svou kandidaturu ohl\u00e1sil vcelku o\u010dek\u00e1van\u011b Andrej Babi\u0161. Pokud by skute\u010dn\u011b usedl na Pra\u017esk\u00fd hrad, byl by to okam\u017eik, kdy by se uzav\u0159el kruh. Na post prezidenta postsocialistick\u00e9ho \u010ceskoslovenska by byl jmenov\u00e1n p\u016fvodem Slov\u00e1k maj\u00edc\u00ed za sebou ur\u010ditou praxi v\u00a0STB, o jeho\u017e podnikatelsk\u00fdch praktik\u00e1ch a pir\u00e1tsk\u00fdch zp\u016fsobech p\u0159i p\u0159eb\u00edr\u00e1n\u00ed spole\u010dnost\u00ed, kter\u00e9 si vyhl\u00e9dnul, jdou ne zrovna poetick\u00e9 legendy. Cesta tohoto \u010dlov\u011bka od ukon\u010den\u00ed \u0161koly a\u017e na m\u00edsto nejvy\u0161\u0161\u00ed p\u0159ipom\u00edn\u00e1 trasu pro\u0161lou slim\u00e1kem a lemovanou odporn\u00fdm slizem. A nejhor\u0161\u00ed na tom je, \u017ee by \u0161lo po\u0159\u00e1d o lep\u0161\u00ed \u0159e\u0161en\u00ed, ne\u017e kdyby na pra\u017esk\u00e9m stolci usedl stejn\u011b bezcharaktern\u00ed gener\u00e1l a exkomunista Petr Pavel nebo dal\u0161\u00ed z\u00a0produkt\u016f Aspen institutu Danu\u0161e Nerudov\u00e1 schopn\u00e1 se je\u0161t\u011b hloub\u011bji zano\u0159it do bruselsk\u00e9ho a americk\u00e9ho podru\u010d\u00ed ne\u017e kdokoliv jin\u00fd.<\/p>\n<p>Vy\u0159knout n\u011bco takov\u00e9ho je skute\u010dn\u011b hrozn\u00e9 a k\u0159iv\u00ed se p\u0159i tom tv\u00e1\u0159 i \u00fasta. Pravice by samoz\u0159ejm\u011b na d\u016fle\u017eit\u00e9m postu hlavy st\u00e1tu vid\u011bla rad\u011bji nap\u0159\u00edklad nadstranickou Vit\u00e1skovou, n\u011bkdo z\u00a0n\u00ed dal\u0161\u00edho gener\u00e1la, tentokr\u00e1t Bla\u0161ka, co\u017e je ale asi nepr\u016fchodn\u00e9 p\u0159es SPD, \u010di n\u011bkoho jin\u00e9ho (Ba\u0161ta, Tur\u00e1nek). Ot\u00e1zkou bude, komu se poda\u0159\u00ed sesb\u00edrat dostatek podpis\u016f pot\u0159ebn\u00fdch k\u00a0za\u0159azen\u00ed mezi ,,ostr\u00e9\u201c kandid\u00e1ty a nakolik budou konkurenc\u00ed stranick\u00e9mu Babi\u0161ovi a m\u00e9dii protla\u010dovan\u00fdm Pavlovi \u010di Nerudov\u00e9. Zat\u00edm to vypad\u00e1 na volbu men\u0161\u00edho zla, co\u017e na\u0161i zemi nikam neposune. Zbavili jsme se Draho\u0161e, co\u017e bylo nutn\u00e9, a m\u00e1me Zemana, jeho\u017e druh\u00e9 volebn\u00ed obdob\u00ed je d\u00edky zm\u011bn\u00e1m v\u00a0jeho chov\u00e1n\u00ed a uva\u017eov\u00e1n\u00ed tragick\u00e9 a zlat\u00fdm h\u0159ebem bylo vyznamen\u00e1n\u00ed \u0158\u00e1dem b\u00edl\u00e9ho lva v\u016fdce ukrajinsk\u00e9ho marastu Zelensk\u00e9ho. Od kauzy Vrb\u011btice se ze Zemana stalo stejn\u00e9 z\u00e1va\u017e\u00ed, jak\u00fdm by byli v\u00a0podstat\u011b v\u0161ichni nejv\u00e1\u017en\u011bj\u0161\u00ed kandid\u00e1ti, tedy Pavel, Nerudov\u00e1 a pota\u017emo i Babi\u0161.<\/p>\n<p>Mezit\u00edm Petr Fiala se svou skvadrou vyrazili na ste\u010d Kyjeva. Zda li do n\u011bj dojeli, nebo se jednalo o kulisy a s\u00a0vyd\u011b\u0161en\u00fdm a pen\u00edze \u010di zbran\u011b st\u00e1le po\u017eaduj\u00edc\u00edm Zelensk\u00fdm se se\u0161li jinde, to netu\u0161\u00edme. Jist\u00e9 je, \u017ee Kyjev se dostal kone\u010dn\u011b do hled\u00e1\u010dku z\u00e1jmu rusk\u00fdch vojensk\u00fdch taktik\u016f. P\u0159esto\u017ee se k\u00a0n\u00e1m moc re\u00e1ln\u00fdch zpr\u00e1v prost\u0159ednictv\u00edm na\u0161ich m\u00e9di\u00ed nedost\u00e1v\u00e1, do\u0161la k\u00a0n\u00e1m informace, dle kter\u00e9 u\u017e m\u00e1 Moskva dost vyzbrojov\u00e1n\u00ed Ukrajiny Z\u00e1padem a rozhodla se p\u0159em\u00edstit na Ukrajinu o n\u011bco v\u00edce arzen\u00e1lu, ne\u017e byl doposud vyu\u017e\u00edvan\u00fd, tedy zlomek toho, co je k\u00a0dispozici. Z\u00e1rove\u0148 by to znamenalo mnohem siln\u011bj\u0161\u00ed a \u0161ir\u0161\u00ed ofenz\u00edvu zahrnuj\u00edc\u00ed i dal\u0161\u00ed \u00fazem\u00ed. Ukrajinci vedeni britsk\u00fdmi a americk\u00fdmi instruktory dr\u00e1\u017ed\u00ed medv\u011bda a tu a tam se pokus\u00ed o n\u011bjakou partyz\u00e1n\u0161tinu, p\u0159i\u010dem\u017e odpov\u011b\u010f je v\u011bt\u0161inou ,,p\u0159ekvapiv\u00e1\u201c a drsn\u00e1. Je ot\u00e1zkou, kdy ukrajinsk\u00fdm boj\u016fvk\u00e1m dojdou lidsk\u00e9 zdroje, proto\u017ee velk\u00e1 \u010d\u00e1st z\u00a0nich se proh\u00e1n\u00ed Prahou bu\u010f metrem, viz z\u00e1b\u011bry mlad\u00edk\u016f po\u0159v\u00e1vaj\u00edc\u00edch v\u00a0metru Sl\u00e1va Ukrajin\u011b prezentovan\u00fdch na soci\u00e1ln\u00edch s\u00edt\u00ed, nebo se toulaj\u00ed po \u010cesk\u00e9 republice ve sv\u00fdch \u010dasto luxusn\u00edch vozech z\u00a0UA na esp\u00e9zetk\u00e1ch.<\/p>\n<p>Pokud se skute\u010dn\u011b Vladim\u00edr Putin za\u010dne Ukrajin\u011b v\u011bnovat se v\u0161\u00ed intenzitou, o\u010dek\u00e1vejme v\u00a0brzk\u00e9 dob\u011b dal\u0161\u00ed p\u0159\u00edliv Ukrajinc\u016f. T\u011bm Fiala &amp; spol. p\u0159ipravuj vhodn\u00e9 podm\u00ednky na \u017eit\u00ed, tak\u017ee vymysleli dal\u0161\u00ed podporu v\u00a0bydlen\u00ed, d\u00e1le maj\u00ed tito p\u0159\u00edchoz\u00ed nastaveny \u00fapln\u011b jin\u00e9 tarify cen energi\u00ed a plynu, p\u0159idejme soci\u00e1ln\u00ed d\u00e1vky, a bylo by tedy s\u00a0podivem, kdyby se tu nezahn\u00edzdili. N\u00e1sledky projevuj\u00edc\u00ed se za p\u00e1r let ani necht\u011bjte zn\u00e1t. Na \u010d\u00ed stran\u011b budou, to uk\u00e1zala ned\u011bln\u00ed demonstrace po\u0159\u00e1dan\u00e1 kolaboranty z\u00a0Milionu chvilek. Nezapome\u0148me na na\u0161e ,,kvalitn\u011b pracuj\u00edc\u00ed\u201c m\u00e9dia schopn\u00e1 zaml\u010det a vymyslet cokoliv a m\u00e1me tu nev\u00edme u\u017e kolik\u00e1tou kolonu, tentokr\u00e1t extr\u00e9mn\u011b protiruskou a eurounijn\u00ed \u010di proamerickou. Na z\u00e1pad od n\u00e1s bude chalif\u00e1t a n\u00e1m z\u016fstanou Ukrajinci miluj\u00edc\u00ed svou zemi, ov\u0161em ze zahrani\u010d\u00ed. Tak\u017ee pravd\u011bpodobn\u011b se snahou vybudovat si ji tady a dle sv\u00fdch p\u0159edstav. Op\u011bt tu budeme m\u00edt dvojjazy\u010dn\u00e9 n\u00e1pisy a n\u00e1zvy, dost mo\u017en\u00e1 i s\u00a0nacionalismem p\u0159ech\u00e1zej\u00edc\u00edm ve fa\u0161ismus.<\/p>\n<p>A nakonec je\u0161t\u011b k\u00a0m\u00e9di\u00edm. O \u0161p\u00edn\u011b z\u00a0Kav\u010d\u00edch hor u\u017e nem\u00e1 cenu se rozepisovat, Nova a Prima-CNN jsou v\u00fdrazn\u011b proamerick\u00e9 stanice, tak\u00e9 Soukup s\u00a0Barrandovem p\u0159i\u0161el o koule a nos\u00ed tri\u010dko s\u00a0n\u00e1pisem Fuck Putin. Ov\u0161em to, co dok\u00e1\u017ee vyprodukovat Seznam, je vrcholem \u0161p\u00edny. Chcete li si ud\u011blat obr\u00e1zek o kvalit\u00e1ch jejich redaktor\u016f, doporu\u010dujeme shl\u00e9dnout toto video, viz odkaz pod \u010dl\u00e1nkem. Tolik \u0161p\u00edny, arogance a ubohosti nevytvo\u0159ila snad ani proslul\u00e1 Nora Fridrichov\u00e1 na j\u00ed moderovan\u00fdch 168mi hodin\u00e1ch. A to u\u017e je co \u0159\u00edct. O\u010dek\u00e1vat tedy zlom, kdy bychom se za\u010dali vracet do norm\u00e1lu, je nere\u00e1ln\u00e9 p\u0159\u00e1n\u00ed. Jsme obklopeni lidmi, jejich\u017e hlavn\u00edm z\u00e1m\u011brem je postupn\u00e1 likvidace \u010cesk\u00e9 republiky. Ztr\u00e1c\u00edme n\u00e1rodn\u00ed identitu, hrdost, jsme zadlu\u017eov\u00e1ni, postupn\u011b tu kon\u010d\u00ed v\u0161e, \u010d\u00edm jsme se mohli prezentovat jako samostatn\u00fd a sv\u00e9pr\u00e1vn\u00fd n\u00e1rod. Nyn\u00ed u\u017e jen ten odkaz a doporu\u010dujeme si vz\u00edt n\u011bco na \u017ealudek.<\/p>\n<\/div>\n<p><a href=\"https:\/\/www.inadhled.live\/uvaha-dne\/kdy-se-to-zlomi-\/\">Jind\u0159ich Kulhav\u00fd<\/a><\/p>\n<p>&nbsp;<\/p>\n","protected":false},"excerpt":{"rendered":"<p>Po prodlou\u017een\u00e9m v\u00edkendu, kter\u00fd n\u00e1m uk\u00e1zal, \u017ee se lid\u00e9 zaj\u00edmaj\u00edc\u00ed se o \u010ceskou republiku dok\u00e1\u017eou&#8230;<\/p>\n","protected":false},"author":2,"featured_media":17676,"comment_status":"closed","ping_status":"closed","sticky":false,"template":"","format":"standard","meta":[],"categories":[6],"tags":[3387,29,165,27],"_links":{"self":[{"href":"https:\/\/www.infokuryr.cz\/n\/wp-json\/wp\/v2\/posts\/17675"}],"collection":[{"href":"https:\/\/www.infokuryr.cz\/n\/wp-json\/wp\/v2\/posts"}],"about":[{"href":"https:\/\/www.infokuryr.cz\/n\/wp-json\/wp\/v2\/types\/post"}],"author":[{"embeddable":true,"href":"https:\/\/www.infokuryr.cz\/n\/wp-json\/wp\/v2\/users\/2"}],"replies":[{"embeddable":true,"href":"https:\/\/www.infokuryr.cz\/n\/wp-json\/wp\/v2\/comments?post=17675"}],"version-history":[{"count":0,"href":"https:\/\/www.infokuryr.cz\/n\/wp-json\/wp\/v2\/posts\/17675\/revisions"}],"wp:featuredmedia":[{"embeddable":true,"href":"https:\/\/www.infokuryr.cz\/n\/wp-json\/wp\/v2\/media\/17676"}],"wp:attachment":[{"href":"https:\/\/www.infokuryr.cz\/n\/wp-json\/wp\/v2\/media?parent=17675"}],"wp:term":[{"taxonomy":"category","embeddable":true,"href":"https:\/\/www.infokuryr.cz\/n\/wp-json\/wp\/v2\/categories?post=17675"},{"taxonomy":"post_tag","embeddable":true,"href":"https:\/\/www.infokuryr.cz\/n\/wp-json\/wp\/v2\/tags?post=17675"}],"curies":[{"name":"wp","href":"https:\/\/api.w.org\/{rel}","templated":true}]}}