{"id":1766,"date":"2021-05-18T05:27:28","date_gmt":"2021-05-18T03:27:28","guid":{"rendered":"http:\/\/www.infokuryr.cz\/n\/?p=1766"},"modified":"2021-05-18T05:27:28","modified_gmt":"2021-05-18T03:27:28","slug":"erdogan-proklel-rakouskou-vladu-ktera-vztycila-izraelskou-vlajku","status":"publish","type":"post","link":"https:\/\/www.infokuryr.cz\/n\/2021\/05\/18\/erdogan-proklel-rakouskou-vladu-ktera-vztycila-izraelskou-vlajku\/","title":{"rendered":"Erdogan \u201eproklel\u201c rakouskou vl\u00e1du, kter\u00e1 vzty\u010dila izraelskou vlajku"},"content":{"rendered":"<div id=\"fb-root\"><\/div>\n<p><strong>Tureck\u00fd prezident Tayyip Erdogan prohl\u00e1sil, \u017ee prokl\u00edn\u00e1 rakouskou vl\u00e1du, pot\u00e9, co v rakousk\u00fdch feder\u00e1ln\u00edch \u00fa\u0159adech vzty\u010dili vlajky Izraele.<\/strong><\/p>\n<p>Jak ji\u017e d\u0159\u00edve \u0159ekl rakousk\u00fd kancl\u00e9\u0159\u00a0Sebastian Kurz,\u00a0<strong>izraelsk\u00e1 vlajka<\/strong>\u00a0byla vzty\u010dena na st\u0159e\u0161e feder\u00e1ln\u00edho \u00fa\u0159adu kancl\u00e9\u0159e na znamen\u00ed solidarity, proto\u017ee \u201eteroristick\u00e9 \u00fatoky na Izrael si zaslou\u017e\u00ed to nejrozhodn\u011bj\u0161\u00ed odsouzen\u00ed\u201c. V n\u00e1vaznosti na kancl\u00e9\u0159ovu kancel\u00e1\u0159 vzty\u010dilo izraelskou vlajku i rakousk\u00e9 ministerstvo zahrani\u010d\u00ed a vyj\u00e1d\u0159ilo svou rozhodnou podporu bezpe\u010dnosti Izraele.<\/p>\n<p>\u201eProkl\u00edn\u00e1m rakouskou vl\u00e1du, kter\u00e1 na budov\u011b kancl\u00e9\u0159ovy administrativy vyv\u011bsila izraelskou vlajku. Vzty\u010den\u00ed vlajky teroristick\u00e9ho st\u00e1tu na sv\u00e9 st\u00e1tn\u00ed budov\u011b znamen\u00e1 ztoto\u017enit se s terorem. Rakousko se podle v\u0161eho sna\u017e\u00ed donutit muslimy, aby zaplatili za genocidu \u017did\u016f, kter\u00fdch se dopustilo,\u201c \u0159ekl Erdogan b\u011bhem sv\u00e9ho vystoupen\u00ed v Anka\u0159e.<\/p>\n<p>Jako znak solidarity s Izraelem izraelsk\u00e1 vlajka\u00a0byla\u00a0rovn\u011b\u017e vyv\u011b\u0161ena i v \u010cesku, a to na Pra\u017esk\u00e9m hrad\u011b, \u00fa\u0159adu vl\u00e1dy a v \u0159ad\u011b m\u011bstsk\u00fdch \u010d\u00e1st\u00ed Prahy.<\/p>\n<p>Jak d\u0159\u00edve psala m\u00e9dia s odvol\u00e1n\u00edm na vysoce postaven\u00e9 zdroje, Bidenova administrativa uprost\u0159ed eskaluj\u00edc\u00edho konfliktu na St\u0159edn\u00edm v\u00fdchod\u011b\u00a0schv\u00e1lila\u00a0prodej vysoce p\u0159esn\u00fdch americk\u00fdch zbran\u00ed Izraeli v hodnot\u011b 735 milion\u016f dolar\u016f.<\/p>\n<p>\u201eDnes Biden schv\u00e1lil d\u016fle\u017eit\u00fd dokument o dod\u00e1vk\u00e1ch zbran\u00ed do Izraele. A p\u0159itom \u0159\u00edkaj\u00ed, \u017ee vystupuj\u00ed za odzbrojen\u00ed. V\u00e1\u017een\u00fd Bidene, p\u00ed\u0161ete krvav\u00fdma rukama historii Gazy, kter\u00e1 je vystavena pou\u017eit\u00ed nep\u0159im\u011b\u0159en\u00e9 s\u00edly. Jsme i nad\u00e1le na str\u00e1\u017ei, abychom chr\u00e1nili Palestinu,\u201c \u0159ekl Erdogan b\u011bhem sv\u00e9ho vystoupen\u00ed v Anka\u0159e.<\/p>\n<p>Ti, kte\u0159\u00ed se k trag\u00e9dii v Palestin\u011b ot\u00e1\u010dej\u00ed z\u00e1dy, \u201esej\u00ed na svou hlavu sem\u00ednka budouc\u00edch katastrof\u201c, \u0159ekl Erdogan.<\/p>\n<p>\u201eRada bezpe\u010dnosti OSN nedok\u00e1zala zastavit v\u00fdstavbu nov\u00fdch (\u017eidovsk\u00fdch) osad na palestinsk\u00fdch \u00fazem\u00edch, kter\u00e1 je vedena teroristick\u00fdm, banditsk\u00fdm st\u00e1tem Izrael, kter\u00fd nen\u00ed obezn\u00e1men s pr\u00e1vem. Izrael zab\u00edj\u00ed \u017eeny a d\u011bti, rozbombardoval budovu (v Gaze), kde se nach\u00e1zel tisk. D\u011bl\u00e1te si starosti o izraelsk\u00e9 d\u011bti, kter\u00e9 jsou vylek\u00e1ny zvukem v\u00fdbuch\u016f, ale ned\u011bl\u00e1te si starosti o palestinsk\u00e9 d\u011bti, kter\u00e9 jsou zab\u00edjeny izraelsk\u00fdmi bombami,\u201c dodal tureck\u00fd prezident.<\/p>\n<p>Podle jeho slov by nejlep\u0161\u00edm zp\u016fsobem, jak vl\u00e1dnout Jeruzal\u00e9mu, bylo vytvo\u0159it komisi ze z\u00e1stupc\u016f t\u0159\u00ed n\u00e1bo\u017eenstv\u00ed.<\/p>\n<p>Situace v regionu se prudce\u00a0vyost\u0159ila\u00a0ve\u010der 10. kv\u011btna. St\u0159ety muslim\u016f s izraelskou arm\u00e1dou za\u010daly kv\u016fli vyst\u011bhov\u00e1n\u00ed n\u011bkolika palestinsk\u00fdch rodin ze \u010dtvrti \u0160ejch D\u017earach ve v\u00fdchodn\u00edm Jeruzal\u00e9mu, n\u00e1sledn\u011b do\u0161lo k vojensk\u00fdm akc\u00edm.<\/p>\n<p><a href=\"https:\/\/cz.sputniknews.com\/20210518\/erdogan-proklel-rakouskou-vladu-ktera-vztycila-izraelskou-vlajku-14524030.html\">ZDROJ<\/a><\/p>\n<p>&nbsp;<\/p>\n","protected":false},"excerpt":{"rendered":"<p>Tureck\u00fd prezident Tayyip Erdogan prohl\u00e1sil, \u017ee prokl\u00edn\u00e1 rakouskou vl\u00e1du, pot\u00e9, co v rakousk\u00fdch feder\u00e1ln\u00edch \u00fa\u0159adech&#8230;<\/p>\n","protected":false},"author":2,"featured_media":1767,"comment_status":"closed","ping_status":"closed","sticky":false,"template":"","format":"standard","meta":[],"categories":[7],"tags":[56,107,312,120,55],"_links":{"self":[{"href":"https:\/\/www.infokuryr.cz\/n\/wp-json\/wp\/v2\/posts\/1766"}],"collection":[{"href":"https:\/\/www.infokuryr.cz\/n\/wp-json\/wp\/v2\/posts"}],"about":[{"href":"https:\/\/www.infokuryr.cz\/n\/wp-json\/wp\/v2\/types\/post"}],"author":[{"embeddable":true,"href":"https:\/\/www.infokuryr.cz\/n\/wp-json\/wp\/v2\/users\/2"}],"replies":[{"embeddable":true,"href":"https:\/\/www.infokuryr.cz\/n\/wp-json\/wp\/v2\/comments?post=1766"}],"version-history":[{"count":0,"href":"https:\/\/www.infokuryr.cz\/n\/wp-json\/wp\/v2\/posts\/1766\/revisions"}],"wp:featuredmedia":[{"embeddable":true,"href":"https:\/\/www.infokuryr.cz\/n\/wp-json\/wp\/v2\/media\/1767"}],"wp:attachment":[{"href":"https:\/\/www.infokuryr.cz\/n\/wp-json\/wp\/v2\/media?parent=1766"}],"wp:term":[{"taxonomy":"category","embeddable":true,"href":"https:\/\/www.infokuryr.cz\/n\/wp-json\/wp\/v2\/categories?post=1766"},{"taxonomy":"post_tag","embeddable":true,"href":"https:\/\/www.infokuryr.cz\/n\/wp-json\/wp\/v2\/tags?post=1766"}],"curies":[{"name":"wp","href":"https:\/\/api.w.org\/{rel}","templated":true}]}}