{"id":17649,"date":"2022-11-01T01:19:18","date_gmt":"2022-11-01T00:19:18","guid":{"rendered":"http:\/\/www.infokuryr.cz\/n\/?p=17649"},"modified":"2022-11-01T06:21:41","modified_gmt":"2022-11-01T05:21:41","slug":"nedelnik-adama-b-bartose-108-zelenej-a-fialovej","status":"publish","type":"post","link":"https:\/\/www.infokuryr.cz\/n\/2022\/11\/01\/nedelnik-adama-b-bartose-108-zelenej-a-fialovej\/","title":{"rendered":"NED\u011aLN\u00cdK ADAMA B. BARTO\u0160E (108) ZELENEJ A FIALOVEJ"},"content":{"rendered":"<div id=\"fb-root\"><\/div>\n<p>Po\u010das\u00ed n\u00e1m zat\u00edm p\u0159eje. Teploty, kter\u00e9 jsme mnohdy neza\u017eili ani v l\u00e9t\u011b, by nejsp\u00ed\u0161e m\u011bly vydr\u017eet je\u0161t\u011b p\u00e1r listopadov\u00fdch dn\u016f. H\u0148upov\u011b vl\u00e1d\u011b, kter\u00e1 m\u00e1 p\u016flky sev\u0159en\u00e9 strachem z toho, co se bude d\u00edt, a\u017e p\u0159ijde holomr\u00e1z, kv\u016fli tomu teplu hned na chv\u00edli otrnulo. A tak pokra\u010duje ministersk\u00e1 sout\u011b\u017e o to, kdo ho m\u00e1 v\u011bt\u0161\u00edho. Minule se \u010cernochov\u00e1 pokou\u0161ela urazit rusk\u00e9ho prezidenta sprost\u00fdm vzkazem na sv\u00e9m tri\u010dku. Safra, pomyslel si Raku\u0161an, mus\u00edm si u Bidena taky \u0161plhnout. STAN mus\u00ed m\u00edt v\u011bt\u0161\u00ed z\u00e1\u0159ez ne\u017e \u00f3d\u00e9eska. A tak vyv\u011bsil fotku rusk\u00e9ho prezidenta rovnou v pytli \u2013 a kdy\u017e u\u017e, tak u\u017e: tedy t\u00e9m\u011b\u0159 p\u0159es cel\u00fd \u201esv\u016fj\u201c ministersk\u00fd bar\u00e1k\u2026<\/p>\n<p><span id=\"more-13271\"><\/span>\u00d3d\u00e9es te\u010f ti\u0161e z\u00e1vid\u00ed a z\u0159ejm\u011b p\u0159em\u00fd\u0161l\u00ed, \u010d\u00edm to trumfnout, proto\u017ee tri\u010dko ministryn\u011b \u010cernochov\u00e9 ve sv\u011btle tohoto \u201epo\u010dinu\u201c vypad\u00e1 pon\u011bkud m\u00edrumilovn\u011b. Putinovi se na n\u011bm sice vulg\u00e1rn\u011b sp\u00edl\u00e1, \u201eslu\u0161n\u00e1\u201c \u00f3d\u00e9eska sice vys\u00edl\u00e1 ne\u010dekan\u011b neslu\u0161n\u00e9 sign\u00e1ly, ale po\u0159\u00e1d to jsou jen sign\u00e1ly. Kde\u017eto \u201erana\u0159\u201c z mafi\u00e1nsk\u00e9 partaje STAN se s ni\u010d\u00edm nemazl\u00ed \u2013 ten u\u017e rusk\u00e9mu prezidentovi p\u0159\u00edmo v\u011b\u0161t\u00ed smrt. Tak\u017ee se nejsp\u00ed\u0161e m\u016f\u017eeme do\u010dkat toho, \u017ee ministr dopravy Kupka bude cht\u00edt p\u0159ekonat Raku\u0161ana a zachr\u00e1nit \u010dest pt\u00e1kostrany a vy\u0161le nad Prahu reklamn\u00ed vzducholo\u010f s n\u011bjak\u00fdm je\u0161t\u011b \u00fadern\u011bj\u0161\u00edm vzkazem Putinovi. A lidovci? Lidovci, aby nez\u016fstali pozadu, p\u0159ivezou p\u0159ed ruskou ambas\u00e1du valn\u00edk hnoje a zablokuj\u00ed ji traktory, ze kter\u00fdch tak\u00e9 sestav\u00ed n\u011bjak\u00fd vzkaz, aby byl je\u0161t\u011b v\u011bt\u0161\u00ed, ne\u017e ten Raku\u0161an\u016fv a dokonce i ten Kupk\u016fv a aby ho Rusov\u00e9 mohli p\u011bkn\u011b vid\u011bt z vesm\u00edru sv\u00fdmi \u0161pion\u00e1\u017en\u00edmi satelity\u2026 Zcela pozadu v t\u00e9to sout\u011b\u017ei, kdo nejv\u00edce ubl\u00ed\u017e\u00ed Putinovi, je Mark\u00e9ta Pekarov\u00e1 z TOP 0,9, kter\u00e1 proti Putinovi rad\u00ed bojovat toliko svetrem (pche!) a Pir\u00e1t Jan Lipavsk\u00fd, kter\u00fd spol\u00e9hal na to, \u017ee Putina vystra\u0161\u00ed svou bojovn\u011b nasazenou helmic\u00ed\u2026<\/p>\n<p><img decoding=\"async\" loading=\"lazy\" class=\"wp-image-13280 lazy-loaded aligncenter\" src=\"https:\/\/narodnidemokracie.cz\/wp-content\/uploads\/2022\/10\/lipavsky.jpg\" sizes=\"(max-width: 1100px) 100vw, 1100px\" srcset=\"https:\/\/narodnidemokracie.cz\/wp-content\/uploads\/2022\/10\/lipavsky.jpg 1100w, https:\/\/narodnidemokracie.cz\/wp-content\/uploads\/2022\/10\/lipavsky-300x168.jpg 300w, https:\/\/narodnidemokracie.cz\/wp-content\/uploads\/2022\/10\/lipavsky-1024x574.jpg 1024w, https:\/\/narodnidemokracie.cz\/wp-content\/uploads\/2022\/10\/lipavsky-768x431.jpg 768w, https:\/\/narodnidemokracie.cz\/wp-content\/uploads\/2022\/10\/lipavsky-665x373.jpg 665w, https:\/\/narodnidemokracie.cz\/wp-content\/uploads\/2022\/10\/lipavsky-464x260.jpg 464w\" alt=\"\" width=\"802\" height=\"450\" data-lazy-type=\"image\" data-src=\"https:\/\/narodnidemokracie.cz\/wp-content\/uploads\/2022\/10\/lipavsky.jpg\" data-srcset=\"\" \/><\/p>\n<p>Ne \u2013 te\u010f v\u00e1\u017en\u011b. Styd\u00edm se za tuto vl\u00e1du a jej\u00ed ministry, kte\u0159\u00ed se chovaj\u00ed jako trapn\u00ed puber\u0165\u00e1ci, poru\u0161uj\u00ed na\u0161e vlastn\u00ed z\u00e1kony (zat\u00edmco opa\u010dn\u00fd n\u00e1zor trestaj\u00ed \u2013 dnes u\u017e m\u016f\u017eeme \u0159\u00edci \u2013 v\u011bzen\u00edm), poru\u0161uj\u00ed ve\u0161ker\u00e9 diplomatick\u00e9 zvyklosti a \u201edobr\u00e9 mravy\u201c a vystavuj\u00ed \u010ceskou republiku kv\u016fli sv\u00e9mu uboh\u00e9mu d\u011btinsk\u00e9mu jedn\u00e1n\u00ed bezpe\u010dnostn\u00edm hrozb\u00e1m. Evidentn\u011b si sv\u00e9ho skand\u00e1ln\u00edho jedn\u00e1n\u00ed nejsou v\u011bdomi, ale od toho tu m\u00e1me d\u011blbu moci a nap\u0159\u00edklad funkci prezidenta, kter\u00fd by m\u011bl premi\u00e9ra a jeho kabinet \u2013 kdy\u017e je tento neschopn\u00fd \u2013 odvolat. Jenom\u017ee prezident k tomu v\u0161emu ml\u010d\u00ed, co\u017e je skand\u00e1ln\u00ed tak\u00e9. K \u010dertu s takov\u00fdm prezidentem. I on p\u0159ece sliboval v\u011brnost \u010cesk\u00e9 republice, tak\u017ee by m\u011bl konat. I on by mohl b\u00fdt p\u0159\u00ed\u0161t\u011b pohn\u00e1n k zodpov\u011bdnosti za to, \u017ee k t\u011bm v\u0161em hr\u016fz\u00e1m ml\u010del, a\u010dkoli proti nim mohl aktivn\u011b vystoupit.<\/p>\n<p>Pokud ale nen\u00ed v\u016fle k potrest\u00e1n\u00ed t\u011bchto politik\u016f za jejich vlastizr\u00e1dn\u00e9 jedn\u00e1n\u00ed v tomto re\u017eimu (co\u017e je celkem pochopiteln\u00e9, proto\u017ee je to jejich re\u017eim), m\u011blo by b\u00fdt alespo\u0148 jasn\u00e9, \u017ee spravedlnosti bude u\u010din\u011bno zadost v re\u017eimu nov\u00e9m a \u017ee nikdo z t\u011bch, kte\u0159\u00ed dnes po\u0161kozuj\u00ed ekonomick\u00e9, politick\u00e9, diplomatick\u00e9, zkr\u00e1tka n\u00e1rodn\u00ed z\u00e1jmy t\u00e9to zem\u011b, ba dokonce jej\u00ed samotnou bezpe\u010dnost, by nem\u011bl trestu uniknout. A trest by rozhodn\u011b nem\u011bl spo\u010d\u00edvat pouze v tom, \u017ee si nad nimi s opovr\u017een\u00edm odplivneme a zbav\u00edme je jejich funkc\u00ed, ale \u017ee za \u0161kody, kter\u00e9 \u010cesk\u00e9 republice v\u011bdom\u011b zp\u016fsobili, zaplat\u00ed skute\u010dn\u011b i sv\u00fdm majetkem a odn\u011bt\u00edm svobody. Nen\u00ed p\u0159ece mo\u017en\u00e9, aby takov\u00e9 po\u010d\u00edn\u00e1n\u00ed z\u016fstalo nepotrest\u00e1no a to plat\u00ed i pro dobu covidov\u00e9 totality. Tyto zlo\u010diny proti lidu nesm\u011bj\u00ed b\u00fdt proml\u010deny, nesm\u011bj\u00ed b\u00fdt opomenuty, zapomenuty, nesm\u00ed se nad nimi m\u00e1vnout rukou. Lidsk\u00e9 \u017eivoty zni\u010den\u00e9 vl\u00e1dn\u00edmi na\u0159\u00edzen\u00edmi a nevyzkou\u0161en\u00fdmi patoky nenasytn\u00fdch farmakorporac\u00ed musej\u00ed b\u00fdt potrest\u00e1ny tak, aby se p\u0159\u00ed\u0161t\u011b ka\u017ed\u00fd politik (a \u201eexpert\u201c) po\u0159\u00e1dn\u011b zamyslil, ne\u017e se pust\u00ed do vlastizr\u00e1dn\u00e9ho po\u010d\u00edn\u00e1n\u00ed. A budi\u017e tak\u00e9 \u0159e\u010deno, \u017ee u\u017e to nebude tak, \u017ee by z toho ony politiky vyt\u00e1hli sp\u0159\u00edzn\u011bn\u00ed a zah\u00e1\u010dkovan\u00ed st\u00e1tn\u00ed z\u00e1stupci, jak to v \u010desk\u00e9m soudn\u00edm syst\u00e9mu b\u00fdv\u00e1 (jedna strana m\u00e1 pod palcem soudy, druh\u00e1 zase syst\u00e9m st\u00e1tn\u00edho zastupitelstv\u00ed a vz\u00e1jemn\u011b se tak dr\u017e\u00ed v \u0161achu a vych\u00e1zej\u00ed si podle pot\u0159eby vst\u0159\u00edc) \u2013 proto\u017ee co kdy\u017e p\u016fjde p\u0159\u00ed\u0161t\u011b o soudy p\u0159\u00edmo lidov\u00e9, kde se jen tak n\u011bkdo ze sv\u00fdch zlo\u010din\u016f nevykec\u00e1?<\/p>\n<p>To je ale zat\u00edm sp\u00ed\u0161e hudba budoucnosti, proto\u017ee zat\u00edm to nevypad\u00e1, \u017ee by vl\u00e1da \u0161la do sebe. Ba naopak. S j\u00eddlem roste chu\u0165 a moment\u00e1ln\u011b \u2013 ne\u017e aby \u0159e\u0161ili ot\u00e1zku energi\u00ed a inflace \u2013 H\u0148upova zpropaden\u00e1 vl\u00e1da si u\u017e\u00edv\u00e1 dal\u0161\u00edch p\u011bt minut sl\u00e1vy v Kyjev\u011b, kde se pr\u00e1v\u011b dru\u017e\u00ed se sv\u00fdmi ukrajinsk\u00fdmi prot\u011bj\u0161ky.<\/p>\n<p>Ur\u010dit\u011b do\u0161lo i na soudru\u017esk\u00e9 polibky a Zelenej a Fialovej si padli kolem krku. Zelenej Fialov\u00fdho nav\u00edc vyznamenal, z\u0159ejm\u011b proto, \u017ee Zelen\u00fdho zase vyznamenal p\u0159ed p\u00e1r dny Zeman. V\u016fbec je to trapn\u00e9, jak si v\u0161ichni ti akt\u00e9\u0159i v\u00e1le\u010dn\u00e9ho \u0161tvan\u00ed vz\u00e1jemn\u011b ud\u00edlej\u00ed ocen\u011bn\u00ed. Ned\u00e1vno na\u0161eho H\u0148upa vyznamenal i polsk\u00fd h\u0148up (Fiala je pr\u00fd \u201e\u010clov\u011bk roku\u201c), z\u0159ejm\u011b za tu komedii v P\u0159emy\u0161li nazvanou v\u00fdlet do Rusy okupovan\u00e9ho Kyjeva. Pov\u0161imn\u011bme si, \u017ee z tehdej\u0161\u00ed \u201esenzace\u201c nebylo \u017e\u00e1dn\u00e9 medi\u00e1ln\u00ed pokryt\u00ed, kde\u017eto p\u0159i dne\u0161n\u00ed n\u00e1v\u0161t\u011bv\u011b jsme byli sv\u011bdky novin\u00e1\u0159sk\u00fdch report\u00e1\u017e\u00ed, p\u0159\u00edm\u00fdch vstup\u016f hned t\u0159\u00ed report\u00e9r\u016f \u010cT, tiskov\u00e9 konference a mnoha z\u00e1b\u011br\u016f, fotografi\u00ed a videoz\u00e1znam\u016f, rozhovor\u016f apod. To jen potvrzuje, \u017ee na ja\u0159e se sice Fialovej se Zelen\u00fdm setkal, ale za p\u0159\u00edsn\u00e9ho utajen\u00ed, bez doprovodu koleg\u016f politik\u016f, bez doprovodu novin\u00e1\u0159\u016f, tedy tak, aby bylo jen minimum t\u011bch, kte\u0159\u00ed byli obezn\u00e1meni s t\u00edm, kam tehdy premi\u00e9r skute\u010dn\u011b cestoval. V\u0161ak tak\u00e9 jen p\u00e1r zasv\u011bcen\u00fdch lid\u00ed z bezpe\u010dnostn\u00edch slo\u017eek dostalo tehdy od Fialy ocen\u011bn\u00ed (zase to ocen\u011bn\u00ed) \u2013 z\u0159ejm\u011b jako dr\u017ehubn\u00e9\u2026<\/p>\n<p>Sledovat z\u00e1znam po jedn\u00e1n\u00ed obou vl\u00e1d bylo v\u00fd\u017eivn\u00e9. Byli tam v\u0161ichni v\u00fdznamn\u011bj\u0161\u00ed \u010dlenov\u00e9 vl\u00e1dy, kte\u0159\u00ed by n\u00e1m zde v\u016fbec nechyb\u011bli, kdyby se n\u00e1hodou na jejich milovan\u00e9 Ukrajin\u011b rozhodli z\u016fstat \u2013 ministr s te\u010dkou, ministr elektrik\u00e1\u0159, ministr traktorista, ministr n\u00e1st\u011bnk\u00e1\u0159, ministryn\u011b v\u00e1lky, dokonce starosta L\u00edbeznic, doprov\u00e1zen\u00ed b\u00fdval\u00fdm velvyslancem v Izraeli Pojarem \u2013 v\u0161ichni v hlubok\u00e9m \u00faklonu p\u0159ed pr\u0165av\u00fdm komikem, co si u\u017e p\u016fl roku nem\u011bn\u00ed tri\u010dko. A svorn\u011b slibovali, \u017ee \u010cesk\u00e1 republika bude pos\u00edlat je\u0161t\u011b v\u00edce zbran\u00ed, bude je\u0161t\u011b v\u00edce podporovat Ukrajinu a je\u0161t\u011b v\u00edce bude horovat pro je\u0161t\u011b v\u011bt\u0161\u00ed mno\u017estv\u00ed sankc\u00ed proti Rusku. Je k nev\u00edd\u00e1n\u00ed, jak lze v politice d\u011blat tak mnoho muziky za tak m\u00e1lo pen\u011bz \u2013 jak si Fiala u\u017e od jara vysta\u010d\u00ed s jednou ot\u0159epanou fr\u00e1z\u00ed, kterou opakuje u\u017e asi po tis\u00edc\u00ed a\u017e do umdlen\u00ed \u2013 \u017ee podporujeme hrdinn\u00fd boj Ukrajinc\u016f, kte\u0159\u00ed bojuj\u00ed i za n\u00e1s a celou Evropu bla bla bla. On opravdu \u0159\u00edk\u00e1 po\u0159\u00e1d dokola tu stejnou v\u011btu u\u017e od \u00fanora\u2026 A po\u0159\u00e1d je tolik lid\u00ed, kte\u0159\u00ed mu to \u017eerou\u2026<\/p>\n<p>On v\u016fbec t\u00e9 vl\u00e1d\u011b n\u011bjak narostl h\u0159eb\u00ednek. Je\u0161t\u011b ned\u00e1vno mluvil Raku\u0161an vc\u00edt\u011bn\u011b a empaticky, podle doporu\u010den\u00ed sv\u00e9ho KRITu, ale vydr\u017eelo mu to sotva t\u00fdden \u010di dva. P\u0159i posledn\u00ed demonstraci vlastenc\u016f se u\u017e zase neudr\u017eel a ozna\u010dil organiz\u00e1tory za \u0161mejdy. Spolu s vyv\u011b\u0161en\u00fdm Putinem, co\u017e by mohlo b\u00fdt podn\u011bcov\u00e1n\u00ed k vra\u017ed\u011b \u010di teroristick\u00e9mu \u010dinu, to moc nevypad\u00e1 na to, \u017ee by se vl\u00e1da ze sv\u00e9ho arogantn\u00edho chov\u00e1n\u00ed pou\u010dila. Ale \u2013 hlavn\u011b slu\u0161n\u011b\u2026<\/p>\n<p>V ned\u011bli byl tak\u00e9 resuscitov\u00e1n Milion chvilek, kter\u00fd te\u010f nem\u016f\u017ee demonstrovat proti Babi\u0161ovi, tak demonstruje alespo\u0148 proti Putinovi. Po\u010detn\u011b byly ob\u011b demonstrace zhruba vyrovnan\u00e9, tak\u017ee vl\u00e1da se zase bude moci prsit, \u017ee m\u00e1 podporu lid\u00ed na ulici. Jedna v\u011bc je ale zar\u00e1\u017eej\u00edc\u00ed a m\u011bla by v\u00e9st k zamy\u0161len\u00ed ty, kte\u0159\u00ed se zat\u00edm o v\u011bci nestaraj\u00ed a na toto d\u011bn\u00ed nemaj\u00ed dosud jasn\u00fd n\u00e1zor. V\u0161imli jste si, \u017ee na vlasteneck\u00fdch demonstrac\u00edch se to hem\u017e\u00ed \u010desk\u00fdmi (a jen a pouze \u010desk\u00fdmi) vlajkami, kde\u017eto demonstrace Milionu chvilek byla pln\u00e1 vlajek ukrajinsk\u00fdch a americk\u00fdch, pota\u017emo evropsk\u00fdch? Mysl\u00edm, \u017ee je to v\u00edce ne\u017e v\u00fdmluvn\u00e9\u2026<\/p>\n<p>Na z\u00e1v\u011br p\u00e1r propagandistick\u00fdch perli\u010dek, kter\u00e9 by si mohl Raku\u0161an pov\u011bsit do n\u00e1st\u011bnky\u2026<\/p>\n<p><em>Adam B. Barto\u0161<\/em><br \/>\n<em>p\u0159edseda N\u00e1rodn\u00ed demokracie<\/em><\/p>\n<p><img decoding=\"async\" loading=\"lazy\" class=\"alignnone size-full wp-image-13272 lazy-loaded\" src=\"https:\/\/narodnidemokracie.cz\/wp-content\/uploads\/2022\/10\/brambory.jpg\" sizes=\"(max-width: 600px) 100vw, 600px\" srcset=\"https:\/\/narodnidemokracie.cz\/wp-content\/uploads\/2022\/10\/brambory.jpg 600w, https:\/\/narodnidemokracie.cz\/wp-content\/uploads\/2022\/10\/brambory-300x300.jpg 300w, https:\/\/narodnidemokracie.cz\/wp-content\/uploads\/2022\/10\/brambory-200x200.jpg 200w, https:\/\/narodnidemokracie.cz\/wp-content\/uploads\/2022\/10\/brambory-100x100.jpg 100w, https:\/\/narodnidemokracie.cz\/wp-content\/uploads\/2022\/10\/brambory-260x260.jpg 260w\" alt=\"\" width=\"600\" height=\"600\" data-lazy-type=\"image\" data-src=\"https:\/\/narodnidemokracie.cz\/wp-content\/uploads\/2022\/10\/brambory.jpg\" data-srcset=\"\" \/>\u00a0<img decoding=\"async\" loading=\"lazy\" class=\"alignnone size-full wp-image-13273 lazy-loaded\" src=\"https:\/\/narodnidemokracie.cz\/wp-content\/uploads\/2022\/10\/fialove-leyno.jpg\" sizes=\"(max-width: 640px) 100vw, 640px\" srcset=\"https:\/\/narodnidemokracie.cz\/wp-content\/uploads\/2022\/10\/fialove-leyno.jpg 640w, https:\/\/narodnidemokracie.cz\/wp-content\/uploads\/2022\/10\/fialove-leyno-300x177.jpg 300w, https:\/\/narodnidemokracie.cz\/wp-content\/uploads\/2022\/10\/fialove-leyno-440x260.jpg 440w\" alt=\"\" width=\"640\" height=\"378\" data-lazy-type=\"image\" data-src=\"https:\/\/narodnidemokracie.cz\/wp-content\/uploads\/2022\/10\/fialove-leyno.jpg\" data-srcset=\"\" \/>\u00a0<img decoding=\"async\" loading=\"lazy\" class=\"alignnone size-full wp-image-13274 lazy-loaded\" src=\"https:\/\/narodnidemokracie.cz\/wp-content\/uploads\/2022\/10\/pyzamo.jpg\" sizes=\"(max-width: 775px) 100vw, 775px\" srcset=\"https:\/\/narodnidemokracie.cz\/wp-content\/uploads\/2022\/10\/pyzamo.jpg 775w, https:\/\/narodnidemokracie.cz\/wp-content\/uploads\/2022\/10\/pyzamo-300x300.jpg 300w, https:\/\/narodnidemokracie.cz\/wp-content\/uploads\/2022\/10\/pyzamo-200x200.jpg 200w, https:\/\/narodnidemokracie.cz\/wp-content\/uploads\/2022\/10\/pyzamo-768x768.jpg 768w, https:\/\/narodnidemokracie.cz\/wp-content\/uploads\/2022\/10\/pyzamo-100x100.jpg 100w, https:\/\/narodnidemokracie.cz\/wp-content\/uploads\/2022\/10\/pyzamo-665x665.jpg 665w, https:\/\/narodnidemokracie.cz\/wp-content\/uploads\/2022\/10\/pyzamo-260x260.jpg 260w\" alt=\"\" width=\"775\" height=\"775\" data-lazy-type=\"image\" data-src=\"https:\/\/narodnidemokracie.cz\/wp-content\/uploads\/2022\/10\/pyzamo.jpg\" data-srcset=\"\" \/>\u00a0<img decoding=\"async\" loading=\"lazy\" class=\"alignnone size-full wp-image-13275 lazy-loaded\" src=\"https:\/\/narodnidemokracie.cz\/wp-content\/uploads\/2022\/10\/rak_usan.png\" sizes=\"(max-width: 755px) 100vw, 755px\" srcset=\"https:\/\/narodnidemokracie.cz\/wp-content\/uploads\/2022\/10\/rak_usan.png 755w, https:\/\/narodnidemokracie.cz\/wp-content\/uploads\/2022\/10\/rak_usan-300x183.png 300w, https:\/\/narodnidemokracie.cz\/wp-content\/uploads\/2022\/10\/rak_usan-665x405.png 665w, https:\/\/narodnidemokracie.cz\/wp-content\/uploads\/2022\/10\/rak_usan-427x260.png 427w\" alt=\"\" width=\"755\" height=\"460\" data-lazy-type=\"image\" data-src=\"https:\/\/narodnidemokracie.cz\/wp-content\/uploads\/2022\/10\/rak_usan.png\" data-srcset=\"\" \/>\u00a0<img decoding=\"async\" loading=\"lazy\" class=\"alignnone size-full wp-image-13276 lazy-loaded\" src=\"https:\/\/narodnidemokracie.cz\/wp-content\/uploads\/2022\/10\/svetr.png\" sizes=\"(max-width: 449px) 100vw, 449px\" srcset=\"https:\/\/narodnidemokracie.cz\/wp-content\/uploads\/2022\/10\/svetr.png 449w, https:\/\/narodnidemokracie.cz\/wp-content\/uploads\/2022\/10\/svetr-198x300.png 198w, https:\/\/narodnidemokracie.cz\/wp-content\/uploads\/2022\/10\/svetr-172x260.png 172w\" alt=\"\" width=\"449\" height=\"680\" data-lazy-type=\"image\" data-src=\"https:\/\/narodnidemokracie.cz\/wp-content\/uploads\/2022\/10\/svetr.png\" data-srcset=\"\" \/>\u00a0<img decoding=\"async\" loading=\"lazy\" class=\"alignnone size-full wp-image-13277 lazy-loaded\" src=\"https:\/\/narodnidemokracie.cz\/wp-content\/uploads\/2022\/10\/topis_dlouho.jpg\" sizes=\"(max-width: 575px) 100vw, 575px\" srcset=\"https:\/\/narodnidemokracie.cz\/wp-content\/uploads\/2022\/10\/topis_dlouho.jpg 575w, https:\/\/narodnidemokracie.cz\/wp-content\/uploads\/2022\/10\/topis_dlouho-246x300.jpg 246w, https:\/\/narodnidemokracie.cz\/wp-content\/uploads\/2022\/10\/topis_dlouho-214x260.jpg 214w\" alt=\"\" width=\"575\" height=\"700\" data-lazy-type=\"image\" data-src=\"https:\/\/narodnidemokracie.cz\/wp-content\/uploads\/2022\/10\/topis_dlouho.jpg\" data-srcset=\"\" \/><\/p>\n<p><img decoding=\"async\" loading=\"lazy\" class=\"alignnone size-full wp-image-678\" src=\"http:\/\/www.infokuryr.cz\/n\/wp-content\/uploads\/2021\/04\/narodni_demokracie_logo.jpg\" alt=\"\" width=\"300\" height=\"85\" \/><\/p>\n<p>&nbsp;<\/p>\n","protected":false},"excerpt":{"rendered":"<p>Po\u010das\u00ed n\u00e1m zat\u00edm p\u0159eje. Teploty, kter\u00e9 jsme mnohdy neza\u017eili ani v l\u00e9t\u011b, by nejsp\u00ed\u0161e m\u011bly&#8230;<\/p>\n","protected":false},"author":2,"featured_media":9322,"comment_status":"closed","ping_status":"closed","sticky":false,"template":"","format":"standard","meta":[],"categories":[6],"tags":[367,29,85],"_links":{"self":[{"href":"https:\/\/www.infokuryr.cz\/n\/wp-json\/wp\/v2\/posts\/17649"}],"collection":[{"href":"https:\/\/www.infokuryr.cz\/n\/wp-json\/wp\/v2\/posts"}],"about":[{"href":"https:\/\/www.infokuryr.cz\/n\/wp-json\/wp\/v2\/types\/post"}],"author":[{"embeddable":true,"href":"https:\/\/www.infokuryr.cz\/n\/wp-json\/wp\/v2\/users\/2"}],"replies":[{"embeddable":true,"href":"https:\/\/www.infokuryr.cz\/n\/wp-json\/wp\/v2\/comments?post=17649"}],"version-history":[{"count":1,"href":"https:\/\/www.infokuryr.cz\/n\/wp-json\/wp\/v2\/posts\/17649\/revisions"}],"predecessor-version":[{"id":17650,"href":"https:\/\/www.infokuryr.cz\/n\/wp-json\/wp\/v2\/posts\/17649\/revisions\/17650"}],"wp:featuredmedia":[{"embeddable":true,"href":"https:\/\/www.infokuryr.cz\/n\/wp-json\/wp\/v2\/media\/9322"}],"wp:attachment":[{"href":"https:\/\/www.infokuryr.cz\/n\/wp-json\/wp\/v2\/media?parent=17649"}],"wp:term":[{"taxonomy":"category","embeddable":true,"href":"https:\/\/www.infokuryr.cz\/n\/wp-json\/wp\/v2\/categories?post=17649"},{"taxonomy":"post_tag","embeddable":true,"href":"https:\/\/www.infokuryr.cz\/n\/wp-json\/wp\/v2\/tags?post=17649"}],"curies":[{"name":"wp","href":"https:\/\/api.w.org\/{rel}","templated":true}]}}