{"id":17640,"date":"2022-11-01T05:35:35","date_gmt":"2022-11-01T04:35:35","guid":{"rendered":"http:\/\/www.infokuryr.cz\/n\/?p=17640"},"modified":"2022-11-01T05:35:35","modified_gmt":"2022-11-01T04:35:35","slug":"lubomir-man-safr-by-nam-dovolil-kritizovat-jen-to-co-by-vybral","status":"publish","type":"post","link":"https:\/\/www.infokuryr.cz\/n\/2022\/11\/01\/lubomir-man-safr-by-nam-dovolil-kritizovat-jen-to-co-by-vybral\/","title":{"rendered":"Lubom\u00edr Man: \u0160afr by n\u00e1m dovolil kritizovat jen to, co by vybral"},"content":{"rendered":"<div id=\"fb-root\"><\/div>\n<p class=\"Standard\">Mo\u017enost nahl\u00e9dnout do nitra liber\u00e1ln\u00edho demokrata, co\u017e je zhruba tot\u00e9\u017e, jako nahl\u00e9dnout do nitra fa\u0161isty, n\u00e1m v pond\u011bl\u00ed poskytl \u0161\u00e9fredaktor t\u00fdden\u00edku Forum 24 Pavel \u0160afr. A to ve sv\u00e9m \u010dl\u00e1nku, t\u00fdkaj\u00edc\u00edm se p\u00e1te\u010dn\u00ed protivl\u00e1dn\u00ed manifestace na V\u00e1clavsk\u00e9m n\u00e1m\u011bst\u00ed. \u0160afr sv\u016fj \u010dl\u00e1nek opat\u0159il titulkem: ZR\u00c1DCI N\u00c1RODA, P\u0158ESTA\u0147TE M\u00c1VAT \u010cESK\u00ddMI VLAJKAMI, a u\u017e t\u00edmto titulkem vyzval de facto \u010desk\u00e9 \u00fa\u0159ady k odstranportov\u00e1n\u00ed uveden\u00fdch \u201ezr\u00e1dc\u016f n\u00e1roda\u201c do p\u0159\u00edslu\u0161n\u00fdch n\u00e1pravn\u00fdch za\u0159\u00edzen\u00ed\u201c. A to nejsp\u00ed\u0161 na Sibi\u0159 a z\u0159ejm\u011b hned po o\u010dek\u00e1van\u00e9m svr\u017een\u00ed Putinovy vl\u00e1dy, kterou \u0160afr nazval \u201evra\u017eednou zlo\u010dineckou sebrankou\u201c a \u201enep\u0159\u00e1telsk\u00fdm vra\u017eedn\u00fdm re\u017eimem\u201c.<\/p>\n<p class=\"Standard\">Ale ani s \u010desk\u00fdmi \u201ezr\u00e1dci n\u00e1roda\u201c z V\u00e1clavsk\u00e9ho n\u00e1m\u011bst\u00ed se \u0160afr nep\u00e1ral, a krom\u011b n\u00e1rodn\u00edch zr\u00e1dc\u016f je ozna\u010dil i za \u201ebarbarskou hordu slu\u017eebn\u00edk\u016f nov\u00e9ho Hitlera\u201c.<\/p>\n<p class=\"Standard\">Zaj\u00edmav\u011bj\u0161\u00ed ne\u017e \u0160afrova sprostota je v\u0161ak jeho zm\u00ednka o tom, co je, dle jeho n\u00e1zoru, pro kon\u00e1n\u00ed na\u0161eho lidu je\u0161t\u011b p\u0159\u00edpustn\u00e9, a co u\u017e ne. \u201eNesouhlas s vl\u00e1dn\u00ed politikou je nepochybn\u011b legitimn\u00ed, kritika vl\u00e1dy pat\u0159\u00ed k z\u00e1kladn\u00edm vymo\u017eenostem demokracie\u201c, p\u00ed\u0161e \u0160afr,. a m\u00e1 p\u0159itom viditeln\u011b na mysli v\u00fdhradn\u011b jen vl\u00e1dn\u00ed politiku dom\u00e1c\u00ed, soci\u00e1ln\u00ed, hospod\u00e1\u0159skou atd., ale ur\u010dit\u011b ne \u010deskou politiku zahrani\u010dn\u00ed. To je v\u011bc odborn\u00edk\u016f, jak\u00fdm je t\u00e9\u017e on, ale ur\u010dit\u011b ne z\u00e1le\u017eitost prost\u00fdch lid\u00ed, t\u0159eba i takov\u00fdch, co byli 28. \u0159\u00edjna na V\u00e1clav\u00e1ku. A pokud by se k t\u00e9to ot\u00e1zce p\u0159ece jen i oni vyslovit odhodlali \u2013 a vyslovili by se jinak ne\u017e odborn\u00edci a \u0160afr, co\u017e se stalo, pak je t\u0159eba je klepnout p\u0159es prsty a p\u0159\u00edpadn\u011b i p\u0159es \u00fasta. S pou\u010den\u00edm, kter\u00e9 si lze lehce vyvodit z n\u00e1sleduj\u00edc\u00edch \u0160afrov\u00fdch slov: \u201cDob\u0159e, ale lidem, kte\u0159\u00ed zdaleka dorazili na V\u00e1clavsk\u00e9 n\u00e1m\u011bst\u00ed, nejde v\u016fbec o to, aby si vymohli vy\u0161\u0161\u00ed soci\u00e1ln\u00ed citlivost st\u00e1tu. Oni prost\u011b hlavn\u011b cht\u011bj\u00ed zm\u011bnit kurz a obr\u00e1tit n\u00e1s ze Z\u00e1padu na V\u00fdchod\u201c.<br \/>\nCO\u017d SE JIM NESM\u00cd POVOLIT! DO ZAHRANI\u010cN\u00cdHOO SM\u011a\u0158OV\u00c1N\u00cd NEM\u00c1 LID CO MLUVIT! doslova \u0159ve a dopov\u00edd\u00e1 \u0160afr\u016fv text, a my v\u0161ichni, kte\u0159\u00ed si je\u0161t\u011b pamatujeme, \u017ee demokracie znamen\u00e1 vl\u00e1du lidu nad v\u0161emi, a to doslova nad v\u0161emi oblastmi \u017eivota, tane na mysli ot\u00e1zka, co se n\u00e1\u0161 vl\u00e1dn\u00ed establishment, v\u010detn\u011b \u0160afrova t\u00fdden\u00edku Forum 24, rozhodne po zahrani\u010dn\u00ed politice vytrhnout z demokracie p\u0159\u00ed\u0161t\u011b. A t\u00edm z n\u00ed ud\u011blat jen jakousi dom\u00e1c\u00ed kuchti\u010dku.<\/p>\n<p class=\"Standard\">A i to jen zat\u00edm.<\/p>\n<p class=\"Standard\">Lubom\u00edr Man<\/p>\n<p><img decoding=\"async\" loading=\"lazy\" class=\"alignnone size-full wp-image-860\" src=\"http:\/\/www.infokuryr.cz\/n\/wp-content\/uploads\/2021\/04\/lub_man.jpg\" alt=\"\" width=\"143\" height=\"200\" \/><\/p>\n<p>&nbsp;<\/p>\n","protected":false},"excerpt":{"rendered":"<p>Mo\u017enost nahl\u00e9dnout do nitra liber\u00e1ln\u00edho demokrata, co\u017e je zhruba tot\u00e9\u017e, jako nahl\u00e9dnout do nitra fa\u0161isty,&#8230;<\/p>\n","protected":false},"author":2,"featured_media":4724,"comment_status":"closed","ping_status":"closed","sticky":false,"template":"","format":"standard","meta":[],"categories":[6],"tags":[456,2137,29,1191],"_links":{"self":[{"href":"https:\/\/www.infokuryr.cz\/n\/wp-json\/wp\/v2\/posts\/17640"}],"collection":[{"href":"https:\/\/www.infokuryr.cz\/n\/wp-json\/wp\/v2\/posts"}],"about":[{"href":"https:\/\/www.infokuryr.cz\/n\/wp-json\/wp\/v2\/types\/post"}],"author":[{"embeddable":true,"href":"https:\/\/www.infokuryr.cz\/n\/wp-json\/wp\/v2\/users\/2"}],"replies":[{"embeddable":true,"href":"https:\/\/www.infokuryr.cz\/n\/wp-json\/wp\/v2\/comments?post=17640"}],"version-history":[{"count":0,"href":"https:\/\/www.infokuryr.cz\/n\/wp-json\/wp\/v2\/posts\/17640\/revisions"}],"wp:featuredmedia":[{"embeddable":true,"href":"https:\/\/www.infokuryr.cz\/n\/wp-json\/wp\/v2\/media\/4724"}],"wp:attachment":[{"href":"https:\/\/www.infokuryr.cz\/n\/wp-json\/wp\/v2\/media?parent=17640"}],"wp:term":[{"taxonomy":"category","embeddable":true,"href":"https:\/\/www.infokuryr.cz\/n\/wp-json\/wp\/v2\/categories?post=17640"},{"taxonomy":"post_tag","embeddable":true,"href":"https:\/\/www.infokuryr.cz\/n\/wp-json\/wp\/v2\/tags?post=17640"}],"curies":[{"name":"wp","href":"https:\/\/api.w.org\/{rel}","templated":true}]}}