{"id":17611,"date":"2022-10-31T12:49:38","date_gmt":"2022-10-31T11:49:38","guid":{"rendered":"http:\/\/www.infokuryr.cz\/n\/?p=17611"},"modified":"2022-10-31T12:49:38","modified_gmt":"2022-10-31T11:49:38","slug":"expert-na-ockovani-ockovani-jsou-zodpovedni-za-blizici-se-konec-zapadni-civilizace","status":"publish","type":"post","link":"https:\/\/www.infokuryr.cz\/n\/2022\/10\/31\/expert-na-ockovani-ockovani-jsou-zodpovedni-za-blizici-se-konec-zapadni-civilizace\/","title":{"rendered":"Expert na o\u010dkov\u00e1n\u00ed: O\u010dkovan\u00ed jsou zodpov\u011bdn\u00ed za bl\u00ed\u017e\u00edc\u00ed se konec z\u00e1padn\u00ed civilizace"},"content":{"rendered":"<div id=\"fb-root\"><\/div>\n<div class=\"elementor-element elementor-element-1fb4c2c elementor-widget elementor-widget-theme-post-content\" data-id=\"1fb4c2c\" data-element_type=\"widget\" data-widget_type=\"theme-post-content.default\">\n<div class=\"elementor-widget-container\">\n<p><span style=\"font-size: 18pt;\"><strong>Nez\u00e1visl\u00fd virolog a odborn\u00edk na o\u010dkov\u00e1n\u00ed Geert Vanden Bossche m\u00e1 pro sv\u011bt novou zpr\u00e1vu o tom, co m\u00e1 p\u0159ij\u00edt v d\u016fsledku operace Warp Speed.<\/strong><\/span><\/p>\n<p><span>B\u00fdval\u00fd zam\u011bstnanec Nadace Billa a Melindy Gatesov\u00fdch \u0159\u00edk\u00e1, \u017ee se schyluje k situaci soudn\u00e9ho dne, kter\u00e1 svrhne alespo\u0148 \u010d\u00e1st z\u00e1padn\u00ed civilizace.\u00a0A na vin\u011b jsou podle n\u011bj ti \u201epln\u011b o\u010dkovan\u00ed\u201c.<\/span><\/p>\n<p><span>Jakmile se akumulace z\u00e1visl\u00e1 na protil\u00e1tk\u00e1ch (ADE) a dal\u0161\u00ed formy AIDS vyvolan\u00e9 vakc\u00ednou (VAIDS) projev\u00ed v t\u011blech o\u010dkovan\u00fdch, zdravotnick\u00e9 syst\u00e9my budou v\u0161ude rychle zahlceny nemocn\u00fdmi a um\u00edraj\u00edc\u00edmi pacienty.<\/span><\/p>\n<p><span>Cel\u00e9 nemocni\u010dn\u00ed syst\u00e9my a zdravotnick\u00e9 korporace se pravd\u011bpodobn\u011b zhrout\u00ed pod t\u00edhou v\u0161ech t\u011bchto nemoc\u00ed a smrti, co\u017e n\u00e1sledn\u011b povede ke kolapsu spole\u010dnosti, jak ji zn\u00e1me dnes.\u00a0(Pro srovn\u00e1n\u00ed, v roce 2021 Bossche varoval sv\u011bt, \u017ee pokusy bojovat s plandemi\u00ed pomoc\u00ed o\u010dkov\u00e1n\u00ed pouze podpo\u0159\u00ed vznik a \u0161\u00ed\u0159en\u00ed nov\u00fdch \u201evariant\u201c.)<\/span><\/p>\n<p><span>\u201eTi, kte\u0159\u00ed rozhoduj\u00ed ve WHO (Sv\u011btov\u00e1 zdravotnick\u00e1 organizace), budou hn\u00e1ni k odpov\u011bdnosti, zodpov\u011bdn\u00ed za dramatick\u00e9 d\u016fsledky, kter\u00e9 by toto lidsk\u00e9 biologick\u00e9 experimentov\u00e1n\u00ed mohlo potenci\u00e1ln\u011b m\u00edt,\u201c p\u00ed\u0161e Bossche na sv\u00e9m webu Hlas pro v\u011bdu a solidaritu.<\/span><\/p>\n<p class=\"has-medium-font-size\"><span style=\"font-size: 18pt;\"><strong>Neo\u010dkovan\u00e9 d\u011bti jsou jedinou budoucnost\u00ed lidstva, \u0159\u00edk\u00e1 Bossche<\/strong><\/span><\/p>\n<p><span>D\u017ein je ji\u017e z l\u00e1hve venku, co\u017e znamen\u00e1, \u017ee nen\u00ed cesty zp\u011bt.\u00a0Jedin\u00e9, co m\u016f\u017eeme d\u011blat, \u0159ekl Bossche, je sledovat, jak se v\u011bci vyv\u00edjej\u00ed, a doufat v to nejlep\u0161\u00ed \u2013 a\u010dkoli vzhledem k sou\u010dasn\u00e9mu v\u00fdvoji nen\u00ed d\u016fvod k nad\u011bji.<\/span><\/p>\n<p><span>Bossche p\u0159edpov\u00edd\u00e1, \u017ee dal\u0161\u00ed \u201evlna\u201c Fauciho ch\u0159ipky se pro\u017eene z\u00e1padn\u00edm sv\u011btem.\u00a0Nos\u00ed ho pln\u011b o\u010dkovan\u00ed lid\u00e9, kte\u0159\u00ed se stali tov\u00e1rnami na proteiny s chod\u00edc\u00edmi hroty a zne\u010di\u0161\u0165uj\u00ed sv\u011bt toxiny, kter\u00e9 nad\u00e1le vylu\u010duj\u00ed.<\/span><\/p>\n<p><span>Jakmile se tato nov\u00e1 vlna objev\u00ed, v\u0161e se stane rychle, varuje Bossche.\u00a0Pln\u011b o\u010dkovan\u00ed lid\u00e9 v\u0161ude se nakaz\u00ed mnohem z\u00e1va\u017en\u011bj\u0161\u00edmi nemocemi ne\u017e d\u0159\u00edve, proto\u017ee jejich imunitn\u00ed syst\u00e9m je nyn\u00ed oslaben, tak\u017ee jsou bezbrann\u00ed.<\/span><\/p>\n<p><span>Tato dal\u0161\u00ed vlna, \u0159ekl Bossche, bude nejen naka\u017eliv\u00e1, ale tak\u00e9 virulentn\u00ed, co\u017e znamen\u00e1, \u017ee bude mnohem smrteln\u011bj\u0161\u00ed ne\u017e jak\u00fdkoli p\u0159edchoz\u00ed kmen, varianta nebo subvarianta.<\/span><\/p>\n<p><span>&#8222;Ztr\u00e1ty budou obrovsk\u00e9,&#8220; \u0159ekl Bossche.\u00a0&#8222;Pro o\u010dkovan\u00e9 neexistuje doslova \u017e\u00e1dn\u00e1 imunita, \u017e\u00e1dn\u00e1 ochrana.&#8220;<\/span><\/p>\n<p><span>Jedinou skute\u010dnou nad\u011bj\u00ed, \u0159ekl Bossche, je, \u017ee neo\u010dkovan\u00e9 d\u011bti a dal\u0161\u00ed lid\u00e9 v reproduk\u010dn\u00edm v\u011bku znovu os\u00eddl\u00ed sv\u011bt, pokud dojde k masov\u00e9mu vym\u00edr\u00e1n\u00ed, kter\u00e9 p\u0159edpov\u00edd\u00e1.<\/span><\/p>\n<p><span>Zda po takov\u00e9 ud\u00e1losti v\u016fbec n\u011bco z\u016fstane, se teprve uvid\u00ed, ale Bossche \u0159\u00edk\u00e1, \u017ee to je v podstat\u011b v\u0161e, na co se m\u016f\u017eeme t\u011b\u0161it, proto\u017ee operace Warp Speed \u200b\u200b\u200b\u200bse posouv\u00e1 do dal\u0161\u00edch f\u00e1z\u00ed.<\/span><\/p>\n<p><span>Ne v\u0161ichni souhlas\u00ed s Bosschem, v\u010detn\u011b evolu\u010dn\u00edho biologa Jamese Lyons-Weilera, o kter\u00e9m jsme informovali d\u0159\u00edve.\u00a0A\u0165 u\u017e je Lyons-Weiler o\u010dkovan\u00fd nebo ne, je p\u0159esv\u011bd\u010den, \u017ee mnoho lid\u00ed bude v po\u0159\u00e1dku, pokud se objev\u00ed dal\u0161\u00ed koronavirus v rozsahu, jak\u00fd Bossche o\u010dek\u00e1v\u00e1.<\/span><\/p>\n<p><span>&#8222;Evoluce prost\u011b nedovol\u00ed, aby se objevil virus, kter\u00fd je smrteln\u00fd a vysoce p\u0159enosn\u00fd,&#8220; \u0159\u00edk\u00e1 Lyons-Weiler.\u00a0\u201eUr\u010dit\u00e9 viry by se mohly potenci\u00e1ln\u011b roz\u0161\u00ed\u0159it nap\u0159\u00ed\u010d lidstvem.\u00a0Pokud jde o konec civilizace, nen\u00ed tomu tak.<\/span><\/p>\n<p><span>Steve Kirsch je naopak sp\u00ed\u0161e na stran\u011b Bossche.\u00a0Proto\u017ee Bossche byl ve sv\u00fdch p\u0159edpov\u011bd\u00edch \u201eextr\u00e9mn\u011b p\u0159esn\u00fd\u201c, Kirsch \u0159\u00edk\u00e1, \u017ee je pravd\u011bpodobn\u00e9, \u017ee hroz\u00ed apokalypsa imunitn\u00edho selh\u00e1n\u00ed.<\/span><\/p>\n<p><span>\u201eSouhlas\u00edm s t\u00edm, \u017ee lidstvo je ve velk\u00e9m nebezpe\u010d\u00ed a \u017ee v p\u0159\u00ed\u0161t\u00edch n\u011bkolika letech pravd\u011bpodobn\u011b zem\u0159e mnoho lid\u00ed,\u201c \u0159\u00edk\u00e1 Tess Lawrie, l\u00e9ka\u0159ka a expertka na medic\u00ednu zalo\u017eenou na d\u016fkazech a spoluzakladatelka Sv\u011btov\u00e9 zdravotnick\u00e9 rady.<\/span><\/p>\n<\/div>\n<\/div>\n<div class=\"elementor-element elementor-element-8c57238 quelle dc-has-condition dc-condition-empty elementor-widget elementor-widget-heading\" data-id=\"8c57238\" data-element_type=\"widget\" data-widget_type=\"heading.default\">\n<div class=\"elementor-widget-container\">\n<h3 class=\"elementor-heading-title elementor-size-default\"><span style=\"font-size: 8pt;\"><a href=\"https:\/\/www.naturalnews.com\/2022-10-28-expert-vaccinated-responsible-end-western-civilization.html\" target=\"_blank\" rel=\"nofollow noopener\">ZDROJ<\/a><\/span><\/h3>\n<p>&nbsp;<\/p>\n<\/div>\n<\/div>\n","protected":false},"excerpt":{"rendered":"<p>Nez\u00e1visl\u00fd virolog a odborn\u00edk na o\u010dkov\u00e1n\u00ed Geert Vanden Bossche m\u00e1 pro sv\u011bt novou zpr\u00e1vu o&#8230;<\/p>\n","protected":false},"author":2,"featured_media":7750,"comment_status":"closed","ping_status":"closed","sticky":false,"template":"","format":"standard","meta":[],"categories":[7],"tags":[23,630,213,259,474,651],"_links":{"self":[{"href":"https:\/\/www.infokuryr.cz\/n\/wp-json\/wp\/v2\/posts\/17611"}],"collection":[{"href":"https:\/\/www.infokuryr.cz\/n\/wp-json\/wp\/v2\/posts"}],"about":[{"href":"https:\/\/www.infokuryr.cz\/n\/wp-json\/wp\/v2\/types\/post"}],"author":[{"embeddable":true,"href":"https:\/\/www.infokuryr.cz\/n\/wp-json\/wp\/v2\/users\/2"}],"replies":[{"embeddable":true,"href":"https:\/\/www.infokuryr.cz\/n\/wp-json\/wp\/v2\/comments?post=17611"}],"version-history":[{"count":0,"href":"https:\/\/www.infokuryr.cz\/n\/wp-json\/wp\/v2\/posts\/17611\/revisions"}],"wp:featuredmedia":[{"embeddable":true,"href":"https:\/\/www.infokuryr.cz\/n\/wp-json\/wp\/v2\/media\/7750"}],"wp:attachment":[{"href":"https:\/\/www.infokuryr.cz\/n\/wp-json\/wp\/v2\/media?parent=17611"}],"wp:term":[{"taxonomy":"category","embeddable":true,"href":"https:\/\/www.infokuryr.cz\/n\/wp-json\/wp\/v2\/categories?post=17611"},{"taxonomy":"post_tag","embeddable":true,"href":"https:\/\/www.infokuryr.cz\/n\/wp-json\/wp\/v2\/tags?post=17611"}],"curies":[{"name":"wp","href":"https:\/\/api.w.org\/{rel}","templated":true}]}}