{"id":17604,"date":"2022-10-31T05:40:26","date_gmt":"2022-10-31T04:40:26","guid":{"rendered":"http:\/\/www.infokuryr.cz\/n\/?p=17604"},"modified":"2022-10-31T05:40:26","modified_gmt":"2022-10-31T04:40:26","slug":"rusko-podporuje-zacleneni-indie-a-brazilie-do-rady-bezpecnosti-osn","status":"publish","type":"post","link":"https:\/\/www.infokuryr.cz\/n\/2022\/10\/31\/rusko-podporuje-zacleneni-indie-a-brazilie-do-rady-bezpecnosti-osn\/","title":{"rendered":"Rusko podporuje za\u010dlen\u011bn\u00ed Indie a Braz\u00edlie do Rady bezpe\u010dnosti OSN"},"content":{"rendered":"<div id=\"fb-root\"><\/div>\n<p class=\"lead\"><span>Indie a Braz\u00edlie jsou Ruskem pova\u017eov\u00e1ny za v\u00e1\u017en\u00e9 uchaze\u010de o roli st\u00e1l\u00fdch \u010dlen\u016f Rady bezpe\u010dnosti OSN.\u00a0V rozhovoru pro m\u00e9dia to uvedl st\u00e1l\u00fd p\u0159edstavitel Rusk\u00e9 federace p\u0159i OSN v \u017denev\u011b Gennadij Gatilov.<\/span><\/p>\n<p><em>\u201eDiskuse o ot\u00e1zce roz\u0161\u00ed\u0159en\u00ed \u010dlenstv\u00ed v Rad\u011b bezpe\u010dnosti OSN prob\u00edh\u00e1 ji\u017e t\u00e9m\u011b\u0159 20 let.\u00a0Existuj\u00ed r\u016fzn\u00e9 n\u00e1vrhy.\u00a0Zejm\u00e9na jsou zm\u00edn\u011bni kandid\u00e1ti jako N\u011bmecko, Japonsko, Indie a Braz\u00edlie.\u00a0Z na\u0161eho pohledu Rada bezpe\u010dnosti vy\u017eaduje reformu prost\u0159ednictv\u00edm expanze na \u00fakor rozvojov\u00fdch zem\u00ed.\u00a0T\u00e9m\u011b\u0159 polovinu sou\u010dasn\u00e9ho slo\u017een\u00ed Rady bezpe\u010dnosti z 15 zem\u00ed tvo\u0159\u00ed z\u00e1stupci z\u00e1padn\u00edho t\u00e1bora.\u00a0Afrika, Asie a Latinsk\u00e1 Amerika jsou jasn\u011b nedostate\u010dn\u011b zastoupeny,\u201c<span class=\"after-quote\"> poznamenal diplomat.<\/span><\/em><\/p>\n<p><span>Diskuse o roz\u0161\u00ed\u0159en\u00ed RB OSN jsou ale podle n\u011bj velmi slo\u017eit\u00e9 a za 20 let nep\u0159inesly \u017e\u00e1dn\u00e9 konkr\u00e9tn\u00ed v\u00fdsledky.<\/span><\/p>\n<p><em>\u201ePokud jde o Indii a Braz\u00edlii, vid\u00edme je jako v\u00e1\u017en\u00e9 uchaze\u010de o tuto roli.\u00a0To je v\u011bc\u00ed dal\u0161\u00edch jedn\u00e1n\u00ed, proto\u017ee zat\u00edm v tomto ohledu nedo\u0161lo k \u017e\u00e1dn\u00e9mu pokroku.\u00a0I kdy\u017e chceme, aby Rada bezpe\u010dnosti OSN odr\u00e1\u017eela z\u00e1jmy v\u0161ech st\u00e1t\u016f, pak je jej\u00ed reorganizace mo\u017en\u00e1 pouze prost\u0159ednictv\u00edm geografick\u00e9 a region\u00e1ln\u00ed expanze,\u201c<span class=\"after-quote\">\u00a0&#8211; dodal Gennadij Gatilov.<\/span><\/em><\/p>\n<p><img decoding=\"async\" loading=\"lazy\" class=\"alignnone size-full wp-image-1185\" src=\"http:\/\/www.infokuryr.cz\/n\/wp-content\/uploads\/2021\/04\/kuryr-podpis.png\" alt=\"\" width=\"84\" height=\"24\" \/><\/p>\n<p>&nbsp;<\/p>\n","protected":false},"excerpt":{"rendered":"<p>Indie a Braz\u00edlie jsou Ruskem pova\u017eov\u00e1ny za v\u00e1\u017en\u00e9 uchaze\u010de o roli st\u00e1l\u00fdch \u010dlen\u016f Rady bezpe\u010dnosti&#8230;<\/p>\n","protected":false},"author":2,"featured_media":9726,"comment_status":"closed","ping_status":"closed","sticky":false,"template":"","format":"standard","meta":[],"categories":[7],"tags":[288,79,186,1408,22],"_links":{"self":[{"href":"https:\/\/www.infokuryr.cz\/n\/wp-json\/wp\/v2\/posts\/17604"}],"collection":[{"href":"https:\/\/www.infokuryr.cz\/n\/wp-json\/wp\/v2\/posts"}],"about":[{"href":"https:\/\/www.infokuryr.cz\/n\/wp-json\/wp\/v2\/types\/post"}],"author":[{"embeddable":true,"href":"https:\/\/www.infokuryr.cz\/n\/wp-json\/wp\/v2\/users\/2"}],"replies":[{"embeddable":true,"href":"https:\/\/www.infokuryr.cz\/n\/wp-json\/wp\/v2\/comments?post=17604"}],"version-history":[{"count":0,"href":"https:\/\/www.infokuryr.cz\/n\/wp-json\/wp\/v2\/posts\/17604\/revisions"}],"wp:featuredmedia":[{"embeddable":true,"href":"https:\/\/www.infokuryr.cz\/n\/wp-json\/wp\/v2\/media\/9726"}],"wp:attachment":[{"href":"https:\/\/www.infokuryr.cz\/n\/wp-json\/wp\/v2\/media?parent=17604"}],"wp:term":[{"taxonomy":"category","embeddable":true,"href":"https:\/\/www.infokuryr.cz\/n\/wp-json\/wp\/v2\/categories?post=17604"},{"taxonomy":"post_tag","embeddable":true,"href":"https:\/\/www.infokuryr.cz\/n\/wp-json\/wp\/v2\/tags?post=17604"}],"curies":[{"name":"wp","href":"https:\/\/api.w.org\/{rel}","templated":true}]}}