{"id":17601,"date":"2022-10-31T05:29:36","date_gmt":"2022-10-31T04:29:36","guid":{"rendered":"http:\/\/www.infokuryr.cz\/n\/?p=17601"},"modified":"2022-10-31T05:29:36","modified_gmt":"2022-10-31T04:29:36","slug":"lavrov-prohlasil-ze-se-na-zapade-objevili-politici-jez-si-zahravaji-s-jadernym-tematem","status":"publish","type":"post","link":"https:\/\/www.infokuryr.cz\/n\/2022\/10\/31\/lavrov-prohlasil-ze-se-na-zapade-objevili-politici-jez-si-zahravaji-s-jadernym-tematem\/","title":{"rendered":"Lavrov prohl\u00e1sil, \u017ee se na Z\u00e1pad\u011b objevili politici, je\u017e \u201esi zahr\u00e1vaj\u00ed\u201d s jadern\u00fdm t\u00e9matem"},"content":{"rendered":"<div id=\"fb-root\"><\/div>\n<p><strong>Na Z\u00e1pad\u011b se objevili politici, je\u017e si zahr\u00e1vaj\u00ed s t\u00e9matem jadern\u00fdm zbran\u00ed. Prohl\u00e1sil to 30. \u0159\u00edjna rusk\u00fd ministr zahrani\u010d\u00ed Sergej Lavrov.<\/strong><\/p>\n<p>\u201eV Evrop\u011b se objevili \u010dinitel\u00e9, kte\u0159\u00ed se pokou\u0161ej\u00ed dost nezodpov\u011bdn\u011b \u201ezahr\u00e1vat\u201d s t\u00e9matem\u00a0<strong>jadern\u00fdch zbran\u00ed,\u201d<\/strong>\u00a0\u0159ekl ve vys\u00edl\u00e1n\u00ed televize Prvn\u00ed kan\u00e1l.<\/p>\n<p>Prezident USA Joe Biden u\u010dinil 28. \u0159\u00edjna prohl\u00e1\u0161en\u00ed o tom, \u017ee st\u00e1l\u00e9 v\u00fdroky rusk\u00e9ho kolegy Vladimira Putina o jadern\u00fdch zbran\u00edch neodpov\u00eddaj\u00ed skute\u010dnosti, pokud jde o z\u00e1m\u011br Moskvy pou\u017e\u00edt tyto zbran\u011b.<\/p>\n<p>Rusk\u00fd prezident promluvil tenkr\u00e1t o c\u00edli jadern\u00e9 r\u00e9toriky Z\u00e1padu. Hlava st\u00e1tu zd\u016fraznil, \u017ee spo\u010d\u00edv\u00e1 v snaze USA a evropsk\u00fdch zem\u00ed vyvinout tlak na v\u0161echny \u010dleny sv\u011btov\u00e9ho spole\u010denstv\u00ed za \u00fa\u010delem konfrontace s Ruskem.<\/p>\n<p>Putin tak\u00e9 pouk\u00e1zal na to, \u017ee Rusko nikdy a nic nemluvilo o mo\u017enosti pou\u017eit\u00ed jadern\u00fdch zbran\u00ed. Mezit\u00edm nap\u0159\u00edklad expremi\u00e9rka Velk\u00e9 Brit\u00e1nie Liz Trussov\u00e1 p\u0159\u00edmo \u0159ekla, \u017ee mohou b\u00fdt pou\u017eity. Prezident prohl\u00e1sil, \u017ee politika Z\u00e1padu je \u201enebezpe\u010dn\u00e1, krvav\u00e1 a \u0161pinav\u00e1 hra, kter\u00e1 nebere ohled na z\u00e1jmy jin\u00fdch st\u00e1t\u016f.\u201d<\/p>\n<p>List Politico informoval 27. \u0159\u00edjna s odkazem na diplomatick\u00fd telegram a vlastn\u00ed zdroje, \u017ee v USA p\u0159ijali rozhodnut\u00ed o urychlen\u00e9m rozm\u00edst\u011bn\u00ed modernizovan\u00fdch taktick\u00fdch bomb B61-12 v Evrop\u011b, proto maj\u00ed b\u00fdt dopraveny na evropsk\u00e9 z\u00e1kladny NATO ji\u017e v prosinci.<\/p>\n<p>Americk\u00fd ministr zahrani\u010d\u00ed Antony Blinken u\u010dinil den p\u0159edt\u00edm prohl\u00e1\u0161en\u00ed, \u017ee nevid\u00ed zjevn\u00e9 p\u0159\u00ed\u010diny pro zm\u011bnu stupn\u011b pohotovosti sv\u00fdch strategick\u00fdch sil. USA jsou podle jeho slov velmi znepokojeny r\u00e9torikou Putina a dal\u0161\u00edch rusk\u00fdch \u00fa\u0159edn\u00edch osob ohledn\u011b eventu\u00e1ln\u00edho pou\u017eit\u00ed jadern\u00fdch zbran\u00ed.<\/p>\n<p>Vedouc\u00ed rusk\u00e9 delegace na v\u00edde\u0148sk\u00fdch jedn\u00e1n\u00edch o ot\u00e1zk\u00e1ch vojensk\u00e9 bezpe\u010dnosti a kontroly zbran\u00ed Konstantin Gavrilov u\u010dinil 21. \u0159\u00edjna prohl\u00e1\u0161en\u00ed, \u017ee v Moskv\u011b \u010dekaj\u00ed na vysv\u011btlen\u00ed po rozhovoru ministr\u016f obrany RF a USA Sergeje \u0160ojgua a Lloyda Austina ohledn\u011b cvi\u010den\u00ed NATO v jadern\u00e9m zdr\u017eov\u00e1n\u00ed, je\u017e se konaj\u00ed v Evrop\u011b.<\/p>\n<p>Hlava evropsk\u00e9 diplomacie Josep Borrel pohrozil p\u0159edt\u00edm 13. \u0159\u00edjna Rusku tvrdou reakc\u00ed Z\u00e1padu v p\u0159\u00edpad\u011b pou\u017eit\u00ed jadern\u00e9 zbran\u011b proti Ukrajin\u011b.<\/p>\n<p>N\u00e1m\u011bstek p\u0159edsedy Rady bezpe\u010dnosti RF Dmitrij Medved\u011bv ozna\u010dil Borrel\u016fv v\u00fdrok za paranoidn\u00ed.<\/p>\n<p><img decoding=\"async\" loading=\"lazy\" class=\"alignnone size-full wp-image-1185\" src=\"http:\/\/www.infokuryr.cz\/n\/wp-content\/uploads\/2021\/04\/kuryr-podpis.png\" alt=\"\" width=\"84\" height=\"24\" \/><\/p>\n<p>&nbsp;<\/p>\n","protected":false},"excerpt":{"rendered":"<p>Na Z\u00e1pad\u011b se objevili politici, je\u017e si zahr\u00e1vaj\u00ed s t\u00e9matem jadern\u00fdm zbran\u00ed. Prohl\u00e1sil to 30&#8230;.<\/p>\n","protected":false},"author":2,"featured_media":1169,"comment_status":"closed","ping_status":"closed","sticky":false,"template":"","format":"standard","meta":[],"categories":[7],"tags":[1069,189,35,365],"_links":{"self":[{"href":"https:\/\/www.infokuryr.cz\/n\/wp-json\/wp\/v2\/posts\/17601"}],"collection":[{"href":"https:\/\/www.infokuryr.cz\/n\/wp-json\/wp\/v2\/posts"}],"about":[{"href":"https:\/\/www.infokuryr.cz\/n\/wp-json\/wp\/v2\/types\/post"}],"author":[{"embeddable":true,"href":"https:\/\/www.infokuryr.cz\/n\/wp-json\/wp\/v2\/users\/2"}],"replies":[{"embeddable":true,"href":"https:\/\/www.infokuryr.cz\/n\/wp-json\/wp\/v2\/comments?post=17601"}],"version-history":[{"count":0,"href":"https:\/\/www.infokuryr.cz\/n\/wp-json\/wp\/v2\/posts\/17601\/revisions"}],"wp:featuredmedia":[{"embeddable":true,"href":"https:\/\/www.infokuryr.cz\/n\/wp-json\/wp\/v2\/media\/1169"}],"wp:attachment":[{"href":"https:\/\/www.infokuryr.cz\/n\/wp-json\/wp\/v2\/media?parent=17601"}],"wp:term":[{"taxonomy":"category","embeddable":true,"href":"https:\/\/www.infokuryr.cz\/n\/wp-json\/wp\/v2\/categories?post=17601"},{"taxonomy":"post_tag","embeddable":true,"href":"https:\/\/www.infokuryr.cz\/n\/wp-json\/wp\/v2\/tags?post=17601"}],"curies":[{"name":"wp","href":"https:\/\/api.w.org\/{rel}","templated":true}]}}