{"id":17589,"date":"2022-10-31T04:41:35","date_gmt":"2022-10-31T03:41:35","guid":{"rendered":"http:\/\/www.infokuryr.cz\/n\/?p=17589"},"modified":"2022-10-31T04:41:35","modified_gmt":"2022-10-31T03:41:35","slug":"protivladni-demonstrace-v-praze-dne-28-rijna-2022","status":"publish","type":"post","link":"https:\/\/www.infokuryr.cz\/n\/2022\/10\/31\/protivladni-demonstrace-v-praze-dne-28-rijna-2022\/","title":{"rendered":"Protivl\u00e1dn\u00ed demonstrace v Praze dne 28. \u0159\u00edjna 2022"},"content":{"rendered":"<div id=\"fb-root\"><\/div>\n<h2 class=\"card__title\">\u010cT tvrd\u00ed, \u017ee demonstrace se z\u00fa\u010dastnilo 7 tis\u00edc lid\u00ed. Zde je d\u016fkaz, jak l\u017eou!<\/h2>\n<p><span style=\"font-size: 24pt; color: #ff0000;\"><strong>VIDEO\u00a0\u00a0<a style=\"color: #ff0000;\" href=\"https:\/\/odysee.com\/@alinacenarodnichsil:b\/aktuality-ans-22-10-28_5:4\">ZDE<\/a><\/strong><\/span><\/p>\n<h2 class=\"card__title\">Holubice m\u00edru. &#8222;My \u010ce\u0161i p\u0159ejeme l\u00e1sku a m\u00edr cel\u00e9mu sv\u011btu!&#8220;<\/h2>\n<p><span style=\"color: #ff0000;\"><strong><span style=\"font-size: 24pt;\">VIDEO\u00a0<a style=\"color: #ff0000;\" href=\"https:\/\/odysee.com\/@alinacenarodnichsil:b\/aktuality-ans-22-10-28_4:7\">ZDE<\/a><\/span><\/strong><\/span><\/p>\n<h2 class=\"card__title\">Politick\u00e1 samostatnost v rozhodov\u00e1n\u00ed &#8211; Pl\u00e1n \u010cR na 1. m\u00edst\u011b<\/h2>\n<p><span style=\"color: #ff0000;\"><strong><span style=\"font-size: 24pt;\">VIDEO\u00a0<a style=\"color: #ff0000;\" href=\"https:\/\/odysee.com\/@alinacenarodnichsil:b\/aktuality-ans-22-10-28_2:1\">ZDE<\/a><\/span><\/strong><\/span><\/p>\n<p><img decoding=\"async\" loading=\"lazy\" class=\"alignnone size-medium wp-image-9908\" src=\"http:\/\/www.infokuryr.cz\/n\/wp-content\/uploads\/2022\/04\/ANS-300x169.png\" alt=\"\" width=\"300\" height=\"169\" srcset=\"https:\/\/www.infokuryr.cz\/n\/wp-content\/uploads\/2022\/04\/ANS-300x169.png 300w, https:\/\/www.infokuryr.cz\/n\/wp-content\/uploads\/2022\/04\/ANS-1024x576.png 1024w, https:\/\/www.infokuryr.cz\/n\/wp-content\/uploads\/2022\/04\/ANS-768x432.png 768w, https:\/\/www.infokuryr.cz\/n\/wp-content\/uploads\/2022\/04\/ANS.png 1180w\" sizes=\"(max-width: 300px) 100vw, 300px\" \/><\/p>\n<p>&nbsp;<\/p>\n<p>&nbsp;<\/p>\n","protected":false},"excerpt":{"rendered":"<p>\u010cT tvrd\u00ed, \u017ee demonstrace se z\u00fa\u010dastnilo 7 tis\u00edc lid\u00ed. Zde je d\u016fkaz, jak l\u017eou! VIDEO\u00a0\u00a0ZDE&#8230;<\/p>\n","protected":false},"author":2,"featured_media":17590,"comment_status":"closed","ping_status":"closed","sticky":false,"template":"","format":"standard","meta":[],"categories":[6],"tags":[1016,243,234,889],"_links":{"self":[{"href":"https:\/\/www.infokuryr.cz\/n\/wp-json\/wp\/v2\/posts\/17589"}],"collection":[{"href":"https:\/\/www.infokuryr.cz\/n\/wp-json\/wp\/v2\/posts"}],"about":[{"href":"https:\/\/www.infokuryr.cz\/n\/wp-json\/wp\/v2\/types\/post"}],"author":[{"embeddable":true,"href":"https:\/\/www.infokuryr.cz\/n\/wp-json\/wp\/v2\/users\/2"}],"replies":[{"embeddable":true,"href":"https:\/\/www.infokuryr.cz\/n\/wp-json\/wp\/v2\/comments?post=17589"}],"version-history":[{"count":0,"href":"https:\/\/www.infokuryr.cz\/n\/wp-json\/wp\/v2\/posts\/17589\/revisions"}],"wp:featuredmedia":[{"embeddable":true,"href":"https:\/\/www.infokuryr.cz\/n\/wp-json\/wp\/v2\/media\/17590"}],"wp:attachment":[{"href":"https:\/\/www.infokuryr.cz\/n\/wp-json\/wp\/v2\/media?parent=17589"}],"wp:term":[{"taxonomy":"category","embeddable":true,"href":"https:\/\/www.infokuryr.cz\/n\/wp-json\/wp\/v2\/categories?post=17589"},{"taxonomy":"post_tag","embeddable":true,"href":"https:\/\/www.infokuryr.cz\/n\/wp-json\/wp\/v2\/tags?post=17589"}],"curies":[{"name":"wp","href":"https:\/\/api.w.org\/{rel}","templated":true}]}}