{"id":17555,"date":"2022-10-30T07:10:20","date_gmt":"2022-10-30T06:10:20","guid":{"rendered":"http:\/\/www.infokuryr.cz\/n\/?p=17555"},"modified":"2022-10-30T07:10:20","modified_gmt":"2022-10-30T06:10:20","slug":"tragedie-v-soulu-151-obeti-tlacenice-na-nocni-oslave-halloweenu","status":"publish","type":"post","link":"https:\/\/www.infokuryr.cz\/n\/2022\/10\/30\/tragedie-v-soulu-151-obeti-tlacenice-na-nocni-oslave-halloweenu\/","title":{"rendered":"Trag\u00e9die v Soulu: 151 ob\u011bt\u00ed tla\u010denice na no\u010dn\u00ed oslav\u011b Halloweenu"},"content":{"rendered":"<div id=\"fb-root\"><\/div>\n<p><span style=\"font-size: 18pt;\"><strong>Ob\u010dan\u00e9 Ruska, \u010c\u00edny, \u00cdr\u00e1nu, Uzbekist\u00e1nu a Norska hl\u00e1sili mrtv\u00e9 p\u0159i tla\u010denici dav\u016f v Ji\u017en\u00ed Koreji<\/strong><\/span><\/p>\n<p><span>Jihokorejsk\u00fd prezident vyhl\u00e1sil t\u00fddenn\u00ed celost\u00e1tn\u00ed smutek pot\u00e9, co si smrt\u00edc\u00ed tla\u010denice b\u011bhem oslav Halloweenu v Soulu v sobotu ve\u010der vy\u017e\u00e1dala \u017eivoty v\u00edce ne\u017e 150 lid\u00ed, v\u010detn\u011b nejm\u00e9n\u011b 19 cizinc\u016f z v\u00edce st\u00e1t\u016f.<\/span><\/p>\n<p><span>Nejm\u00e9n\u011b t\u0159i ob\u010dan\u00e9 Ruska byli zabiti p\u0159i tla\u010denici davu, potvrdilo v ned\u011bli moskevsk\u00e9 velvyslanectv\u00ed v Soulu.\u00a0D\u0159\u00edv\u011bj\u0161\u00ed zpr\u00e1vy nazna\u010dovaly, \u017ee dal\u0161\u00ed rusk\u00e1 \u017eena byla hospitalizov\u00e1na se zran\u011bn\u00edmi.<\/span><\/p>\n<p><span>\u010c\u00edna tak\u00e9 uvedla, \u017ee p\u0159i trag\u00e9dii p\u0159i\u0161li o \u017eivot t\u0159i jej\u00ed st\u00e1tn\u00ed p\u0159\u00edslu\u0161n\u00edci.\u00a0\u010c\u00ednsk\u00e1 ambas\u00e1da uvedla, \u017ee\u00a0<\/span><em><span>\u201eaktivovala mechanismus nouzov\u00e9 reakce\u201c<\/span><\/em><span>\u00a0, aby poskytla pomoc v\u0161em \u010c\u00ed\u0148an\u016fm, kte\u0159\u00ed byli zran\u011bni nebo by mohli hledat pomoc.<\/span><\/p>\n<p><span>\u00da\u0159ady v Soulu tak\u00e9 identifikovaly n\u011bkolik ob\u011bt\u00ed z \u00cdr\u00e1nu, Uzbekist\u00e1nu a Norska, p\u0159i\u010dem\u017e tiskov\u00e1 agentura Yonhap hl\u00e1sila nejm\u00e9n\u011b 19 mrtv\u00fdch cizinc\u016f.<\/span><\/p>\n<p><span>K ned\u011bln\u00ed dev\u00e1t\u00e9 hodin\u011b rann\u00ed \u010dinil po\u010det ob\u011bt\u00ed 151 lid\u00ed a dal\u0161\u00edch 82 bylo zran\u011bno, uvedly hasi\u010dsk\u00e9 \u00fa\u0159ady.\u00a0V\u011bt\u0161ina ob\u011bt\u00ed byli pozdn\u00ed teenage\u0159i nebo mlad\u00ed lid\u00e9 ve v\u011bku 20 let.<\/span><\/p>\n<p><em><span>&#8222;Je to opravdu stra\u0161n\u00e9,&#8220;<\/span><\/em><span>\u00a0\u0159ekl v ned\u011bli prezident Yoon Suk-yeol a nazval tla\u010denici\u00a0<\/span><em><span>&#8222;trag\u00e9di\u00ed a katastrofou nikdy nem\u011bly nastat.&#8220;<\/span><\/em><\/p>\n<p><span>Trag\u00e9die se odehr\u00e1la ve slavn\u00e9 soulsk\u00e9 \u010dtvrti s no\u010dn\u00edm \u017eivotem v sobotu, kdy\u017e se v t\u00e9to oblasti se\u0161lo a\u017e 100 000 lid\u00ed na no\u010dn\u00ed oslavy Halloweenu.\u00a0Podle o\u010dit\u00fdch sv\u011bdk\u016f k tla\u010denici do\u0161lo pot\u00e9, co se dav protla\u010dil do \u00fazk\u00e9 postrann\u00ed uli\u010dky, ale p\u0159esn\u00fd sled ud\u00e1lost\u00ed mus\u00ed \u00fa\u0159ady teprve stanovit.<\/span><\/p>\n<p><span>Prezident Yoon sl\u00edbil, \u017ee \u00fa\u0159ady\u00a0<\/span><em><span>\u201evy\u0161et\u0159\u00ed p\u0159\u00ed\u010dinu nehody a provedou z\u00e1sadn\u00ed zlep\u0161en\u00ed, aby se podobn\u00e9 nehody v budoucnu neopakovaly\u201c.<\/span><\/em><\/p>\n<p><img decoding=\"async\" loading=\"lazy\" class=\"alignnone size-full wp-image-1185\" src=\"http:\/\/www.infokuryr.cz\/n\/wp-content\/uploads\/2021\/04\/kuryr-podpis.png\" alt=\"\" width=\"84\" height=\"24\" \/><\/p>\n<p>&nbsp;<\/p>\n","protected":false},"excerpt":{"rendered":"<p>Ob\u010dan\u00e9 Ruska, \u010c\u00edny, \u00cdr\u00e1nu, Uzbekist\u00e1nu a Norska hl\u00e1sili mrtv\u00e9 p\u0159i tla\u010denici dav\u016f v Ji\u017en\u00ed Koreji&#8230;<\/p>\n","protected":false},"author":2,"featured_media":17556,"comment_status":"closed","ping_status":"closed","sticky":false,"template":"","format":"standard","meta":[],"categories":[7],"tags":[353,871,3700,3701],"_links":{"self":[{"href":"https:\/\/www.infokuryr.cz\/n\/wp-json\/wp\/v2\/posts\/17555"}],"collection":[{"href":"https:\/\/www.infokuryr.cz\/n\/wp-json\/wp\/v2\/posts"}],"about":[{"href":"https:\/\/www.infokuryr.cz\/n\/wp-json\/wp\/v2\/types\/post"}],"author":[{"embeddable":true,"href":"https:\/\/www.infokuryr.cz\/n\/wp-json\/wp\/v2\/users\/2"}],"replies":[{"embeddable":true,"href":"https:\/\/www.infokuryr.cz\/n\/wp-json\/wp\/v2\/comments?post=17555"}],"version-history":[{"count":0,"href":"https:\/\/www.infokuryr.cz\/n\/wp-json\/wp\/v2\/posts\/17555\/revisions"}],"wp:featuredmedia":[{"embeddable":true,"href":"https:\/\/www.infokuryr.cz\/n\/wp-json\/wp\/v2\/media\/17556"}],"wp:attachment":[{"href":"https:\/\/www.infokuryr.cz\/n\/wp-json\/wp\/v2\/media?parent=17555"}],"wp:term":[{"taxonomy":"category","embeddable":true,"href":"https:\/\/www.infokuryr.cz\/n\/wp-json\/wp\/v2\/categories?post=17555"},{"taxonomy":"post_tag","embeddable":true,"href":"https:\/\/www.infokuryr.cz\/n\/wp-json\/wp\/v2\/tags?post=17555"}],"curies":[{"name":"wp","href":"https:\/\/api.w.org\/{rel}","templated":true}]}}