{"id":17554,"date":"2022-10-30T06:59:09","date_gmt":"2022-10-30T05:59:09","guid":{"rendered":"http:\/\/www.infokuryr.cz\/n\/?p=17554"},"modified":"2022-10-30T06:59:09","modified_gmt":"2022-10-30T05:59:09","slug":"zprava-medii-polsko-se-pripravuje-na-prevzeti-zapadni-ukrajiny","status":"publish","type":"post","link":"https:\/\/www.infokuryr.cz\/n\/2022\/10\/30\/zprava-medii-polsko-se-pripravuje-na-prevzeti-zapadni-ukrajiny\/","title":{"rendered":"Zpr\u00e1va m\u00e9di\u00ed: Polsko se p\u0159ipravuje na p\u0159evzet\u00ed z\u00e1padn\u00ed Ukrajiny"},"content":{"rendered":"<div id=\"fb-root\"><\/div>\n<p><span>Polsko p\u0159ipravuje odrazov\u00fd m\u016fstek pro intervenci a obsazen\u00ed sv\u00fdch \u201ehistorick\u00fdch \u00fazem\u00ed\u201c na z\u00e1padn\u00ed Ukrajin\u011b, p\u00ed\u0161e bruselsk\u00fd zpravodajsko-debatn\u00ed port\u00e1l\u00a0<\/span><a href=\"https:\/\/moderndiplomacy.eu\/2022\/10\/27\/poland-wants-to-occupy-western-ukrainian-land\/\" target=\"_blank\" rel=\"noopener noreferrer\"><span>Modern\u00ed diplomacie<\/span><\/a><span>\u00a0.<\/span><\/p>\n<p><em><span>\u201eZd\u00e1 se, \u017ee pl\u00e1n [vl\u00e1dnouc\u00ed strany] \u201aPr\u00e1vo a spravedlnost\u2018 o\u017eivit Polskou republiku v hranic\u00edch \u201ahistorick\u00fdch zem\u00ed\u2018 se zformoval dlouho p\u0159ed ruskou vojenskou operac\u00ed na Ukrajin\u011b,\u201c p\u00ed\u0161\u00ed auto\u0159i anal\u00fdzy. .<\/span><\/em><\/p>\n<p><span>Var\u0161avsk\u00e9 \u00fa\u0159ady podle nich hodlaj\u00ed rozm\u00edstit v z\u00e1padn\u00ed \u010d\u00e1sti sousedn\u00ed zem\u011b vojensk\u00fd kontingent a uspo\u0159\u00e1dat tam referendum o za\u010dlen\u011bn\u00ed okupovan\u00fdch \u00fazem\u00ed k Polsku.\u00a0Do t\u00e9 doby budou podle polsk\u00fdch politik\u016f ukrajinsk\u00e9 ozbrojen\u00e9 s\u00edly zcela pora\u017eeny a sou\u010dasn\u00e1 kyjevsk\u00e1 vl\u00e1da emigruje na Z\u00e1pad.<\/span><\/p>\n<p><img decoding=\"async\" loading=\"lazy\" class=\"alignnone size-full wp-image-1185\" src=\"http:\/\/www.infokuryr.cz\/n\/wp-content\/uploads\/2021\/04\/kuryr-podpis.png\" alt=\"\" width=\"84\" height=\"24\" \/><\/p>\n<p>&nbsp;<\/p>\n","protected":false},"excerpt":{"rendered":"<p>Polsko p\u0159ipravuje odrazov\u00fd m\u016fstek pro intervenci a obsazen\u00ed sv\u00fdch \u201ehistorick\u00fdch \u00fazem\u00ed\u201c na z\u00e1padn\u00ed Ukrajin\u011b, p\u00ed\u0161e&#8230;<\/p>\n","protected":false},"author":2,"featured_media":17311,"comment_status":"closed","ping_status":"closed","sticky":false,"template":"","format":"standard","meta":[],"categories":[7],"tags":[2298,31,26,2303],"_links":{"self":[{"href":"https:\/\/www.infokuryr.cz\/n\/wp-json\/wp\/v2\/posts\/17554"}],"collection":[{"href":"https:\/\/www.infokuryr.cz\/n\/wp-json\/wp\/v2\/posts"}],"about":[{"href":"https:\/\/www.infokuryr.cz\/n\/wp-json\/wp\/v2\/types\/post"}],"author":[{"embeddable":true,"href":"https:\/\/www.infokuryr.cz\/n\/wp-json\/wp\/v2\/users\/2"}],"replies":[{"embeddable":true,"href":"https:\/\/www.infokuryr.cz\/n\/wp-json\/wp\/v2\/comments?post=17554"}],"version-history":[{"count":0,"href":"https:\/\/www.infokuryr.cz\/n\/wp-json\/wp\/v2\/posts\/17554\/revisions"}],"wp:featuredmedia":[{"embeddable":true,"href":"https:\/\/www.infokuryr.cz\/n\/wp-json\/wp\/v2\/media\/17311"}],"wp:attachment":[{"href":"https:\/\/www.infokuryr.cz\/n\/wp-json\/wp\/v2\/media?parent=17554"}],"wp:term":[{"taxonomy":"category","embeddable":true,"href":"https:\/\/www.infokuryr.cz\/n\/wp-json\/wp\/v2\/categories?post=17554"},{"taxonomy":"post_tag","embeddable":true,"href":"https:\/\/www.infokuryr.cz\/n\/wp-json\/wp\/v2\/tags?post=17554"}],"curies":[{"name":"wp","href":"https:\/\/api.w.org\/{rel}","templated":true}]}}