{"id":17518,"date":"2022-10-30T01:01:15","date_gmt":"2022-10-29T23:01:15","guid":{"rendered":"http:\/\/www.infokuryr.cz\/n\/?p=17518"},"modified":"2022-10-29T16:57:10","modified_gmt":"2022-10-29T14:57:10","slug":"japonsko-chce-prosadit-digitalni-id-a-vydira-sve-obcany-aby-prisli-o-sve-zdravotni-pojisteni","status":"publish","type":"post","link":"https:\/\/www.infokuryr.cz\/n\/2022\/10\/30\/japonsko-chce-prosadit-digitalni-id-a-vydira-sve-obcany-aby-prisli-o-sve-zdravotni-pojisteni\/","title":{"rendered":"Japonsko chce prosadit digit\u00e1ln\u00ed ID a vyd\u00edr\u00e1 sv\u00e9 ob\u010dany, aby p\u0159i\u0161li o sv\u00e9 zdravotn\u00ed poji\u0161t\u011bn\u00ed"},"content":{"rendered":"<div id=\"fb-root\"><\/div>\n<div class=\"elementor-element elementor-element-1fb4c2c elementor-widget elementor-widget-theme-post-content\" data-id=\"1fb4c2c\" data-element_type=\"widget\" data-widget_type=\"theme-post-content.default\">\n<div class=\"elementor-widget-container\">\n<p><span>V mnoha zem\u00edch je patrn\u00fd a vytrval\u00fd tlak na digitalizaci a migraci kl\u00ed\u010dov\u00fdch citliv\u00fdch osobn\u00edch a finan\u010dn\u00edch \u00fadaj\u016f ob\u010dan\u016f z \u201eanalogov\u00e9 jednotv\u00e1rnosti\u201c do vl\u00e1dou kontrolovan\u00fdch (a snadno dostupn\u00fdch v\u00edce agentur\u00e1m) centralizovan\u00fdch datab\u00e1z\u00ed.<\/span><\/p>\n<p><span>D\u016fle\u017eitost tohoto \u00fakolu pro ty, kdo jsou u moci, ukazuje skute\u010dnost, \u017ee st\u00e1le v\u00edce vyu\u017e\u00edvaj\u00ed nebo vyhro\u017euj\u00ed, \u017ee se zastavuj\u00ed, aby tla\u010dili v\u00e1haj\u00edc\u00ed obyvatelstvo po\u017eadovan\u00fdm sm\u011brem.<\/span><\/p>\n<p><span>V Japonsku t\u011bm, kte\u0159\u00ed se neodv\u00e1\u017e\u00ed p\u0159ihl\u00e1sit se k digit\u00e1ln\u00edmu ID \u2013 a je jich \u00fadajn\u011b mnoho \u2013 \u0159\u00edkaj\u00ed, \u017ee riskuj\u00ed ztr\u00e1tu st\u00e1tn\u00edho zdravotn\u00edho poji\u0161t\u011bn\u00ed ,\u00a0<\/span><a href=\"https:\/\/apnews.com\/article\/technology-health-japan-covid-public-d47817295a647379f69da9bb16160d13\" target=\"_blank\" rel=\"noreferrer noopener\" data-type=\"URL\" data-id=\"https:\/\/apnews.com\/article\/technology-health-japan-covid-public-d47817295a647379f69da9bb16160d13\"><span>p\u00ed\u0161e AP<\/span><\/a><span>\u00a0.<\/span><\/p>\n<p><span>Japonsk\u00fd syst\u00e9m podobn\u00fd \u010d\u00edslu soci\u00e1ln\u00edho zabezpe\u010den\u00ed byl zaveden ji\u017e v roce 2016.\u00a0Jmenuje se \u201eMoje \u010d\u00edslo\u201c a skl\u00e1d\u00e1 se z 12 \u010d\u00edslic, kter\u00e9 obdr\u017e\u00ed v\u0161ichni obyvatel\u00e9.\u00a0Moje \u010d\u00edslo v\u0161ak m\u011blo daleko k velk\u00e9mu \u00fasp\u011bchu, proto\u017ee mnoho Japonc\u016f se jeho pou\u017e\u00edv\u00e1n\u00ed vyh\u00fdb\u00e1 v obav\u00e1ch, \u017ee jejich osobn\u00ed \u00fadaje a pr\u00e1vo na soukrom\u00ed mohou b\u00fdt ohro\u017eeny.<\/span><\/p>\n<p><span>Zd\u00e1 se, \u017ee japonsk\u00e1 spole\u010dnost je dostate\u010dn\u011b technologicky d\u016fvtipn\u00e1 na to, aby pochopila rizika a \u0161kody n\u011bkter\u00fdch typ\u016f technologi\u00ed, co\u017e znamen\u00e1, \u017ee tato jinak technologicky vysp\u011bl\u00e1 zem\u011b dodnes up\u0159ednost\u0148uje osobn\u00ed podnik\u00e1n\u00ed, pou\u017e\u00edv\u00e1n\u00ed hotovosti, oraz\u00edtkovan\u00fdch pe\u010det\u00ed a pap\u00edrov\u00fdch dokument\u016f ve spr\u00e1vn\u00edch \u0159\u00edzen\u00edch. jin\u00fdmi slovy, ve v\u0161ech oblastech, na kter\u00fdch skute\u010dn\u011b z\u00e1le\u017e\u00ed.<\/span><\/p>\n<p><span>Navzdory skute\u010dnosti, \u017ee se syst\u00e9m Moje \u010d\u00edslo neuchytil, japonsk\u00e9 \u00fa\u0159ady se nyn\u00ed zdaj\u00ed b\u00fdt lep\u0161\u00ed: cht\u011bj\u00ed v\u0161em vyd\u00e1vat karty Moje \u010d\u00edslo s mikro\u010dipem a tyto karty budou tak\u00e9 slou\u017eit jako identifikace s fotografi\u00ed, proto\u017ee obsahuj\u00ed fotografie. jejich nosi\u010d\u016f jsou zahrnuty.\u00a0Informace a slu\u017eby, na kter\u00e9 jsou karty nav\u00e1z\u00e1ny, zahrnuj\u00ed \u0159idi\u010dsk\u00e9 pr\u016fkazy a ve\u0159ejn\u00e9 zdravotn\u00ed poji\u0161t\u011bn\u00ed.<\/span><\/p>\n<p><span>Tady to za\u010d\u00edn\u00e1 b\u00fdt vzru\u0161uj\u00edc\u00ed, proto\u017ee sou\u010dasn\u00e9 zdravotn\u00ed karty nevy\u017eaduj\u00ed fotografie \u2013 ty v\u0161ak budou do konce roku 2024 postupn\u011b vy\u0159azeny, co\u017e znamen\u00e1, \u017ee obyvatel\u00e9, kte\u0159\u00ed o karty Moje \u010d\u00edslo nepo\u017e\u00e1daj\u00ed, riskuj\u00ed ztr\u00e1tu zdravotn\u00edho poji\u0161t\u011bn\u00ed.<\/span><\/p>\n<p><span>V sou\u010dasn\u00e9 dob\u011b koluje online petice, kter\u00e1 b\u011bhem p\u00e1r dn\u016f nasb\u00edrala p\u0159es 100 000 podpis\u016f a po\u017eaduje zachov\u00e1n\u00ed sou\u010dasn\u00e9 podoby zdravotn\u00edch karet.<\/span><\/p>\n<p><span>&#8222;Kdyby to p\u0159i\u0161lo od d\u016fv\u011bryhodn\u00e9ho veden\u00ed a ekonomika prosperovala, mohli bychom o tom p\u0159em\u00fd\u0161let, ale ne te\u010f,&#8220; \u0159ekla agentu\u0159e AP Saeko Fujimori, kter\u00e1 pracuje v hudebn\u00edm pr\u016fmyslu.<\/span><\/p>\n<p><span>A zpr\u00e1va m\u00e1 temnou konotaci.<\/span><\/p>\n<p><span>&#8222;Bude to vy\u017eadovat n\u011bco drastick\u00e9ho, aby lid\u00e9 p\u0159ijali takov\u00e9 zm\u011bny, stejn\u011b jako to vy\u017eadovalo zni\u010duj\u00edc\u00ed por\u00e1\u017eku ve druh\u00e9 sv\u011btov\u00e9 v\u00e1lce, aby se Japonsko prom\u011bnilo v ekonomickou velmoc,&#8220; \u0159ekl Hidenori Watanave, profesor na univerzit\u011b v Tokiu,&#8220;\u00a0<\/span><a href=\"https:\/\/apnews.com\/article\/technology-health-japan-covid-public-d47817295a647379f69da9bb16160d13\" target=\"_blank\" rel=\"noreferrer noopener\" data-type=\"URL\" data-id=\"https:\/\/apnews.com\/article\/technology-health-japan-covid-public-d47817295a647379f69da9bb16160d13\"><span>p\u00ed\u0161e AP<\/span><\/a><span>\u00a0.<\/span><\/p>\n<\/div>\n<\/div>\n<div class=\"elementor-element elementor-element-8c57238 quelle dc-has-condition dc-condition-empty elementor-widget elementor-widget-heading\" data-id=\"8c57238\" data-element_type=\"widget\" data-widget_type=\"heading.default\">\n<div class=\"elementor-widget-container\">\n<h3 class=\"elementor-heading-title elementor-size-default\"><span style=\"font-size: 8pt;\"><a href=\"https:\/\/reclaimthenet.org\/japan-steps-up-its-digital-id-push\/\" target=\"_blank\" rel=\"nofollow noopener\">ZDROJ<\/a><\/span><\/h3>\n<p>&nbsp;<\/p>\n<\/div>\n<\/div>\n","protected":false},"excerpt":{"rendered":"<p>V mnoha zem\u00edch je patrn\u00fd a vytrval\u00fd tlak na digitalizaci a migraci kl\u00ed\u010dov\u00fdch citliv\u00fdch osobn\u00edch&#8230;<\/p>\n","protected":false},"author":2,"featured_media":15369,"comment_status":"closed","ping_status":"closed","sticky":false,"template":"","format":"standard","meta":[],"categories":[7],"tags":[2214,105,3693,48],"_links":{"self":[{"href":"https:\/\/www.infokuryr.cz\/n\/wp-json\/wp\/v2\/posts\/17518"}],"collection":[{"href":"https:\/\/www.infokuryr.cz\/n\/wp-json\/wp\/v2\/posts"}],"about":[{"href":"https:\/\/www.infokuryr.cz\/n\/wp-json\/wp\/v2\/types\/post"}],"author":[{"embeddable":true,"href":"https:\/\/www.infokuryr.cz\/n\/wp-json\/wp\/v2\/users\/2"}],"replies":[{"embeddable":true,"href":"https:\/\/www.infokuryr.cz\/n\/wp-json\/wp\/v2\/comments?post=17518"}],"version-history":[{"count":0,"href":"https:\/\/www.infokuryr.cz\/n\/wp-json\/wp\/v2\/posts\/17518\/revisions"}],"wp:featuredmedia":[{"embeddable":true,"href":"https:\/\/www.infokuryr.cz\/n\/wp-json\/wp\/v2\/media\/15369"}],"wp:attachment":[{"href":"https:\/\/www.infokuryr.cz\/n\/wp-json\/wp\/v2\/media?parent=17518"}],"wp:term":[{"taxonomy":"category","embeddable":true,"href":"https:\/\/www.infokuryr.cz\/n\/wp-json\/wp\/v2\/categories?post=17518"},{"taxonomy":"post_tag","embeddable":true,"href":"https:\/\/www.infokuryr.cz\/n\/wp-json\/wp\/v2\/tags?post=17518"}],"curies":[{"name":"wp","href":"https:\/\/api.w.org\/{rel}","templated":true}]}}