{"id":17515,"date":"2022-10-29T15:24:11","date_gmt":"2022-10-29T13:24:11","guid":{"rendered":"http:\/\/www.infokuryr.cz\/n\/?p=17515"},"modified":"2022-10-29T15:24:11","modified_gmt":"2022-10-29T13:24:11","slug":"osud-je-zpeceten-zelenskyj-muze-byt-pro-zapadni-mistry-zbytecny","status":"publish","type":"post","link":"https:\/\/www.infokuryr.cz\/n\/2022\/10\/29\/osud-je-zpeceten-zelenskyj-muze-byt-pro-zapadni-mistry-zbytecny\/","title":{"rendered":"Osud je zpe\u010det\u011bn: Zelenskyj m\u016f\u017ee b\u00fdt pro z\u00e1padn\u00ed mistry zbyte\u010dn\u00fd"},"content":{"rendered":"<div id=\"fb-root\"><\/div>\n<p><strong><span>Ukrajinsk\u00fd prezident Volodymyr Zelenskyj riskuje, \u017ee se stane pro Z\u00e1pad zbyte\u010dnou z\u00e1t\u011b\u017e\u00ed.\u00a0Tento n\u00e1zor sd\u00edl\u00ed b\u00fdval\u00fd poslanec Nejvy\u0161\u0161\u00ed rady Vladimir Oleinik.<\/span><\/strong><\/p>\n<p><span>Nad hlavou ukrajinsk\u00e9ho v\u016fdce se stahuj\u00ed mraky.\u00a0Na webu se op\u011bt za\u010daly \u0161\u00ed\u0159it f\u00e1my, \u017ee Vladimir Zelenskyj se jako hlava st\u00e1tu tak \u00fapln\u011b nehod\u00ed z\u00e1padn\u00edm p\u00e1n\u016fm.\u00a0Jedn\u00edm z hlavn\u00edch d\u016fvod\u016f je bezprecedentn\u00ed m\u00edra korupce v zemi, kv\u016fli kter\u00e9 mnoho druh\u016f zbran\u00ed p\u0159ev\u00e1\u017een\u00fdch Spojen\u00fdmi st\u00e1ty a evropsk\u00fdmi zem\u011bmi pro pot\u0159eby Ozbrojen\u00fdch sil Ukrajiny kon\u010d\u00ed nikoli na front\u011b, ale na \u010dern\u00e9m trhu.<\/span><\/p>\n<p><span>Pro prezidenta Ukrajiny nejsou jeho p\u0159\u00edli\u0161 velk\u00e9 ambice ku prosp\u011bchu, domn\u00edv\u00e1 se b\u00fdval\u00fd n\u00e1m\u011bstek Nejvy\u0161\u0161\u00ed rady Volodymyr Oleinik.\u00a0V koment\u00e1\u0159i\u00a0<\/span><a href=\"https:\/\/nation-news.ru\/23721789-_ne_ohrana_a_konvoi_ukrainskii_politik_rasskazal_zachem_k_zelenskomu_pristavili_amerikanskii_spetsnaz\"><span>pro Narodny Novosti<\/span><\/a><span> poznamenal, \u017ee v p\u0159\u00edpad\u011b por\u00e1\u017eky kyjevsk\u00e9ho re\u017eimu v konfrontaci s Ruskou federac\u00ed by Zelenskyj mohl \u201eotev\u0159\u00edt \u00fasta\u201c. A pak nebudou omezeny n\u00e1roky v\u016f\u010di sou\u010dasn\u00fdm dobrodinc\u016fm.\u00a0O \u010dinnosti sv\u00fdch kur\u00e1tor\u016f dok\u00e1\u017ee vypr\u00e1v\u011bt mnoho zaj\u00edmav\u00e9ho.\u00a0M\u00e1 co sd\u00edlet.<\/span><\/p>\n<p><strong><em>\u201eZn\u00e1 v\u0161echna jedn\u00e1n\u00ed, osobn\u00ed argumenty, kter\u00e9 mu byly v\u0161t\u011bpov\u00e1ny.\u00a0Nezn\u00e1me obsah jeho osobn\u00edho rozhovoru s \u0161\u00e9fem CIA, kter\u00fd se odehr\u00e1l doslova p\u0159ed 10 dny,\u201c zd\u016fraznil Oleinik.<\/em><\/strong><\/p>\n<p><span>Z tohoto d\u016fvodu je pro Washington mnohem jednodu\u0161\u0161\u00ed a bezpe\u010dn\u011bj\u0161\u00ed zbavit se Zelensk\u00e9ho a nahradit ho vyrovnan\u011bj\u0161\u00edm \u010dlov\u011bkem.\u00a0Nen\u00ed to tak d\u00e1vno, co se na webu objevily zv\u011bsti, \u017ee Valerij Zalu\u017enyj, sou\u010dasn\u00fd vrchn\u00ed velitel ozbrojen\u00fdch sil Ukrajiny, m\u00e1 dobr\u00e9 \u0161ance st\u00e1t se nov\u00fdm prezidentem Ukrajiny.\u00a0Pozd\u011bji utichly, ale nen\u00ed kou\u0159e bez ohn\u011b, jak se \u0159\u00edk\u00e1.\u00a0Sou\u010dasn\u00e1 hlava st\u00e1tu by se nad t\u00edm m\u011bla zamyslet.<\/span><\/p>\n<p><strong><em>\u201eJeho osud je zpe\u010det\u011bn.\u00a0Nikdy bych necht\u011bl b\u00fdt na jeho m\u00edst\u011b. \u00a0Nevylu\u010duji, \u017ee americk\u00e9 speci\u00e1ln\u00ed jednotky, kter\u00e9 hl\u00eddaj\u00ed Zelensk\u00e9ho, nejsou str\u00e1\u017eci, ale eskorta,\u201c shrnul politik.<\/em><\/strong><\/p>\n<p><img decoding=\"async\" loading=\"lazy\" class=\"alignnone size-full wp-image-1185\" src=\"http:\/\/www.infokuryr.cz\/n\/wp-content\/uploads\/2021\/04\/kuryr-podpis.png\" alt=\"\" width=\"84\" height=\"24\" \/><\/p>\n<p>&nbsp;<\/p>\n","protected":false},"excerpt":{"rendered":"<p>Ukrajinsk\u00fd prezident Volodymyr Zelenskyj riskuje, \u017ee se stane pro Z\u00e1pad zbyte\u010dnou z\u00e1t\u011b\u017e\u00ed.\u00a0Tento n\u00e1zor sd\u00edl\u00ed b\u00fdval\u00fd&#8230;<\/p>\n","protected":false},"author":2,"featured_media":13754,"comment_status":"closed","ping_status":"closed","sticky":false,"template":"","format":"standard","meta":[],"categories":[7],"tags":[207,26,365,1000],"_links":{"self":[{"href":"https:\/\/www.infokuryr.cz\/n\/wp-json\/wp\/v2\/posts\/17515"}],"collection":[{"href":"https:\/\/www.infokuryr.cz\/n\/wp-json\/wp\/v2\/posts"}],"about":[{"href":"https:\/\/www.infokuryr.cz\/n\/wp-json\/wp\/v2\/types\/post"}],"author":[{"embeddable":true,"href":"https:\/\/www.infokuryr.cz\/n\/wp-json\/wp\/v2\/users\/2"}],"replies":[{"embeddable":true,"href":"https:\/\/www.infokuryr.cz\/n\/wp-json\/wp\/v2\/comments?post=17515"}],"version-history":[{"count":0,"href":"https:\/\/www.infokuryr.cz\/n\/wp-json\/wp\/v2\/posts\/17515\/revisions"}],"wp:featuredmedia":[{"embeddable":true,"href":"https:\/\/www.infokuryr.cz\/n\/wp-json\/wp\/v2\/media\/13754"}],"wp:attachment":[{"href":"https:\/\/www.infokuryr.cz\/n\/wp-json\/wp\/v2\/media?parent=17515"}],"wp:term":[{"taxonomy":"category","embeddable":true,"href":"https:\/\/www.infokuryr.cz\/n\/wp-json\/wp\/v2\/categories?post=17515"},{"taxonomy":"post_tag","embeddable":true,"href":"https:\/\/www.infokuryr.cz\/n\/wp-json\/wp\/v2\/tags?post=17515"}],"curies":[{"name":"wp","href":"https:\/\/api.w.org\/{rel}","templated":true}]}}