{"id":1749,"date":"2021-05-17T04:22:35","date_gmt":"2021-05-17T02:22:35","guid":{"rendered":"http:\/\/www.infokuryr.cz\/n\/?p=1749"},"modified":"2021-05-17T04:22:35","modified_gmt":"2021-05-17T02:22:35","slug":"ve-jmenu-otce-syna-i-penez-svatych","status":"publish","type":"post","link":"https:\/\/www.infokuryr.cz\/n\/2021\/05\/17\/ve-jmenu-otce-syna-i-penez-svatych\/","title":{"rendered":"Ve jm\u00e9nu otce, syna i pen\u011bz svat\u00fdch"},"content":{"rendered":"<div id=\"fb-root\"><\/div>\n<p><strong>Kardin\u00e1l Duka koncem minul\u00e9ho roku zalo\u017eil SOUKROMOU nadaci, do kter\u00e9 si pak p\u0159evedl z c\u00edrkevn\u00edch pen\u011bz 250 milion\u016f korun.<\/strong><\/p>\n<p>Ne, to nen\u00ed p\u0159eklep. Tomu se u\u017e prost\u011b \u0159\u00edk\u00e1 zcela otev\u0159en\u011b zlod\u011bjina. Dovedu si p\u0159edstavit, do \u010d\u00edch kapes p\u016fjde v\u011bt\u0161ina t\u011bch pen\u011bz.<\/p>\n<div dir=\"auto\">Tak\u017ee, c\u00edrkev si nejd\u0159\u00edve postupem naloupila, pak ji to uloupen\u00e9 zabavili komunisti. Pak jsme to c\u00edrkvi narvali zp\u00e1tky a je\u0161t\u011b ji plat\u00edme miliardy nav\u00edc. T\u00edm vznikla nejv\u011bt\u0161\u00ed realitka u n\u00e1s, ze kter\u00e9 si pan Duka vzal 250 milionk\u016f jen tak.<\/div>\n<div><\/div>\n<div dir=\"auto\">No a tak si tu \u017eijeme. Tak je to i v politice. Ka\u017ed\u00fd u\u017e jen hrabe a nesta\u010d\u00ed ukr\u00e1st miliony. U\u017e se kradou miliardy. D\u00edky tomu je republika tam, kde je. V prdeli. Nejlep\u0161\u00ed na tom je,\u017ee tito politi\u010dt\u00ed a c\u00edrkevn\u00ed tunel\u00e1\u0159i kritizuj\u00ed socialismus a to, jak komunisti &#8222;vyrabovali&#8220; zem. Jo, i komunisti\u010dt\u00ed papal\u00e1\u0161i kradli, ale s m\u00edrou.<\/div>\n<div><\/div>\n<div dir=\"auto\">Nepot\u0159ebovali miliardy. Sta\u010dilo jim, jak m\u011bli svoji vilku, chatu, auto a zabezpe\u010den\u00e9 d\u011bti. Kdysi jsem odpracoval par dn\u00ed na Hus\u00e1kov\u011b vilce. Pov\u00edm v\u00e1m, \u017ee takovou by si tenkr\u00e1t dovolil i kdejak\u00fd ni\u017e\u0161\u00ed papal\u00e1\u0161, \u0159ezn\u00edk \u010di pumpa\u0159.<\/div>\n<div><\/div>\n<div dir=\"auto\">V\u017edy jsem \u0159\u00edkal, \u017ee politik jde s k\u016f\u017e\u00ed na trh a proto mi nevad\u00ed, kdy\u017e si trochu pom\u016f\u017ee samoz\u0159ejm\u011b v ur\u010dit\u00fdch mez\u00edch. Ale mus\u00ed se taky starat o n\u00e1rodn\u00ed z\u00e1jmy a d\u011blat osoh pro svou zem tak, jak to bylo za soc\u00edku. \u017del, dnes je to zcela opa\u010dn\u011b. Nejen, \u017ee se krade s nena\u017eranost\u00ed, ale je\u0161t\u011b se zemi sp\u00ed\u0161e \u0161kod\u00ed, ne\u017e prosp\u00edv\u00e1. Holt demokracie&#8230;<\/div>\n<div><\/div>\n<div dir=\"auto\">\/Lupo\/<\/div>\n<div><\/div>\n<div><em>FB Lupo Anetty<\/em><\/div>\n<div><\/div>\n","protected":false},"excerpt":{"rendered":"<p>Kardin\u00e1l Duka koncem minul\u00e9ho roku zalo\u017eil SOUKROMOU nadaci, do kter\u00e9 si pak p\u0159evedl z c\u00edrkevn\u00edch&#8230;<\/p>\n","protected":false},"author":2,"featured_media":1750,"comment_status":"closed","ping_status":"closed","sticky":false,"template":"","format":"standard","meta":[],"categories":[6],"tags":[43,374,90],"_links":{"self":[{"href":"https:\/\/www.infokuryr.cz\/n\/wp-json\/wp\/v2\/posts\/1749"}],"collection":[{"href":"https:\/\/www.infokuryr.cz\/n\/wp-json\/wp\/v2\/posts"}],"about":[{"href":"https:\/\/www.infokuryr.cz\/n\/wp-json\/wp\/v2\/types\/post"}],"author":[{"embeddable":true,"href":"https:\/\/www.infokuryr.cz\/n\/wp-json\/wp\/v2\/users\/2"}],"replies":[{"embeddable":true,"href":"https:\/\/www.infokuryr.cz\/n\/wp-json\/wp\/v2\/comments?post=1749"}],"version-history":[{"count":0,"href":"https:\/\/www.infokuryr.cz\/n\/wp-json\/wp\/v2\/posts\/1749\/revisions"}],"wp:featuredmedia":[{"embeddable":true,"href":"https:\/\/www.infokuryr.cz\/n\/wp-json\/wp\/v2\/media\/1750"}],"wp:attachment":[{"href":"https:\/\/www.infokuryr.cz\/n\/wp-json\/wp\/v2\/media?parent=1749"}],"wp:term":[{"taxonomy":"category","embeddable":true,"href":"https:\/\/www.infokuryr.cz\/n\/wp-json\/wp\/v2\/categories?post=1749"},{"taxonomy":"post_tag","embeddable":true,"href":"https:\/\/www.infokuryr.cz\/n\/wp-json\/wp\/v2\/tags?post=1749"}],"curies":[{"name":"wp","href":"https:\/\/api.w.org\/{rel}","templated":true}]}}