{"id":1748,"date":"2021-05-17T04:07:46","date_gmt":"2021-05-17T02:07:46","guid":{"rendered":"http:\/\/www.infokuryr.cz\/n\/?p=1748"},"modified":"2021-05-17T04:07:46","modified_gmt":"2021-05-17T02:07:46","slug":"nejak-nam-to-nevyslo-zapad-solidaritu-neukazal","status":"publish","type":"post","link":"https:\/\/www.infokuryr.cz\/n\/2021\/05\/17\/nejak-nam-to-nevyslo-zapad-solidaritu-neukazal\/","title":{"rendered":"N\u011bjak n\u00e1m to nevy\u0161lo, Z\u00e1pad solidaritu neuk\u00e1zal"},"content":{"rendered":"<div id=\"fb-root\"><\/div>\n<p><span style=\"font-size: 18pt;\"><strong>Koment\u00e1\u0159 \u0160t\u011bp\u00e1na Ch\u00e1ba<\/strong><\/span><\/p>\n<p>Kdy\u017e se v provincii n\u011bco stane, nen\u00ed d\u016fvod pro solidaritu. Jde jen o provincii. \u010cesk\u00e1 vl\u00e1da po\u017e\u00e1dala o solidaritu z\u00e1padn\u00ed zem\u011b. Vyhostili jsme 18 rusk\u00fdch diplomat\u016f s ozna\u010den\u00edm agenti. Obvinili jsme Rusko z nep\u0159\u00e1telsk\u00e9ho z\u00e1sahu na na\u0161em \u00fazem\u00ed. K\u0159i\u010deli jsme, \u017ee \u00fatok na jednoho je v r\u00e1mci Evropsk\u00e9 unie \u00fatokem na v\u0161echny. A ze Z\u00e1padu se ozvalo n\u011bkolik m\u00e1lo rozpa\u010dit\u00fdch odka\u0161l\u00e1n\u00ed. Velvyslanec Pivo\u0148ka v Rusku pak dorazil na vojenskou p\u0159ehl\u00eddku v Moskv\u011b a uk\u00e1zal t\u00edm, \u017ee u\u017e vlastn\u011b o nic nejde a v\u0161echno je v pohod\u011b.<\/p>\n<div class=\"abBnr\">\u00datok ve Vrb\u011btic\u00edch, kde vybuchly dva muni\u010dn\u00ed sklady, jsme pomoc\u00ed Respektu a BIS ozna\u010dili jako \u2018st\u00e1tn\u00ed teroristick\u00fd \u00fatok\u2018 Rusk\u00e9 federace na na\u0161em \u00fazem\u00ed. Na to konto n\u00e1sledoval bezprecedentn\u00ed krok. Vyhostili jsme 18 rusk\u00fdch zpravodaj\u016f z ambas\u00e1dy v Praze. Rusov\u00e9 na to konto vyhostili 20 na\u0161ich z ambas\u00e1dy v Rusku.<\/div>\n<h2>Solidarita na nule<\/h2>\n<p>Andrej Babi\u0161 i Jan Ham\u00e1\u010dek se dmuli jako holubi p\u0159i plamenn\u00fdch provol\u00e1n\u00edch, \u017ee po\u017e\u00e1daj\u00ed o solidaritu z\u00e1padn\u00ed st\u00e1ty Evropsk\u00e9 unie, aby tak\u00e9 p\u0159ikro\u010dily k vyho\u0161\u0165ov\u00e1n\u00ed diplomat\u016f z rusk\u00fdch ambas\u00e1d. Nep\u0159ipojil se nikdo. Hur\u00e1 akce, kdy se po kauze Skripal vyho\u0161\u0165ovali ru\u0161t\u00ed diplomat\u00e9 nap\u0159\u00ed\u010d kontinentem, se nekonala. Nejsme Velk\u00e1 Brit\u00e1nie. N\u011bmecko si den po na\u0161\u00ed v\u00fdzv\u011b p\u0159edb\u011b\u017en\u011b objednalo u Ruska stovky tis\u00edc vakc\u00edn Sputnik. Prob\u011bhla tradi\u010dn\u00ed, a nemnoh\u00e1 medi\u00e1ln\u00ed vyj\u00e1d\u0159en\u00ed stran toho, \u017ee Rusko by se m\u011blo dr\u017eet trochu zp\u00e1tky (ale plyn i ropu pot\u0159ebujeme, tak jen ti\u0161e, nez\u00e1vazn\u011b, jen tak mezi \u0159e\u010d\u00ed, aby si nikdo nev\u0161iml).<\/p>\n<h2>\u010cesk\u00e9 absurdity<\/h2>\n<p>Do toho ude\u0159ila kauza Seznam Zpr\u00e1vy versus Jan Ham\u00e1\u010dek, kde Seznam obvinil Ham\u00e1\u010dka z naprost\u00e9 absurdity. Pr\u00fd cht\u011bl s Rusy vym\u011bnit kauzu Vrb\u011btice za vakc\u00ednu Sputnik. Je tu podez\u0159en\u00ed, \u017ee Seznam Zpr\u00e1vy ve sv\u00e9 nen\u00e1visti k sou\u010dasn\u00e9 vl\u00e1d\u011b jen sedl na lep zast\u00edrac\u00edmu man\u00e9vru, kdy z\u00e1hadn\u00e1 osoba, instituce nebo st\u00e1t dodala Seznamu cinknutou kauzu, aby se jalov\u00ed \u010ce\u0161i v\u011bnovali n\u011b\u010demu jin\u00e9mu, ne\u017e je hrocen\u00ed diplomatick\u00e9 v\u00e1lky mezi Ruskem a \u010ceskou republikou. A ano, my poslu\u0161n\u011b \u0159e\u0161\u00edme Ham\u00e1\u010dka a jeho mstiv\u00e9 vyhazov\u00e1n\u00ed hejtmana Netolick\u00e9ho. Rusko n\u00e1s mezit\u00edm za\u0159adilo mezi deset nep\u0159\u00e1telsk\u00fdch st\u00e1t\u016f.<\/p>\n<h2>Sv\u011btov\u00e9 absurdity<\/h2>\n<p>Dovol\u00edm se vr\u00e1tit k v\u00fd\u0161i projeven\u00e9 solidarity st\u00e1t\u016f na z\u00e1pad od n\u00e1s. Jde v\u00edce uk\u00e1zat naprost\u00fd nez\u00e1jem na\u0161ich \u2018spojenc\u016f\u2018? Solidarita jen potud, pokud se to pohybuje v mez\u00edch jejich z\u00e1jm\u016f? A te\u010f vlastn\u011b nesm\u011ble \u017eadon\u00edme u na\u0161ich z\u00e1padn\u00edch kamar\u00e1d\u016f, aby Rusku v solidarit\u011b k n\u00e1m poslali alespo\u0148 n\u011bjakou n\u00f3tu, nebo alespo\u0148 na\u0161tvan\u00fd smajl\u00edk na soci\u00e1ln\u00ed s\u00edti, kdy\u017e u\u017e nebudou vyho\u0161\u0165ovat diplomaty. \u0160kemr\u00e1me, dopro\u0161ujeme se, poni\u017eujeme se. P\u0159esto nikdo nenaslouch\u00e1 a nikdo nem\u00e1 sebemen\u0161\u00ed pot\u0159ebu projevit se v\u016f\u010di Rusku v\u00fdrazn\u011bji, ne\u017e v impotentn\u00edch medi\u00e1ln\u00edch prohl\u00e1\u0161en\u00edch, kter\u00e9 vezme p\u011bt minut po jejich uve\u0159ejn\u011bn\u00ed voda a nikdo si na n\u011b nevzpomene.<\/p>\n<p>Kdy\u017e to srovn\u00e1me s reakc\u00ed na kauzu Skripal, tak dopadla prov\u011brka na\u0161eho spojenectv\u00ed skute\u010dn\u011b uk\u00e1zkov\u011b. Pokud bychom p\u0159istoupili na ofici\u00e1ln\u00ed verzi kauzy Skripal, jednalo se jen o vy\u0159izov\u00e1n\u00ed si \u00fa\u010dt\u016f mezi agenty. Kdy\u017e vezmeme ofici\u00e1ln\u00ed vysv\u011btlen\u00ed v\u00fdbuch\u016f ve Vrb\u011btic\u00edch, jedn\u00e1 se o daleko v\u011bt\u0161\u00ed akci, kter\u00e1 by m\u011bla ve sv\u011bt\u011b vyvolat velkou vlnu nevole i s praktick\u00fdmi dopady zmra\u017een\u00ed diplomatick\u00fdch vztah\u016f a mezin\u00e1rodn\u00ed paral\u00fdzou Ruska. Cel\u00e9 Vrb\u011btice ten potenci\u00e1l m\u011bly.<\/p>\n<p>Kdyby se staly na Z\u00e1pad\u011b, Rusko si te\u010f l\u00ed\u017ee r\u00e1ny. Ale proto\u017ee se staly u n\u00e1s, l\u00ed\u017eeme si r\u00e1ny my. Co\u017e je, no, historicky ov\u011b\u0159en\u00fd fakt, kter\u00e9mu na\u0161i vrcholn\u00ed politici a diplomat\u00e9 jen hr\u00e1li druh\u00e9 housle. \u017dadonili, dopro\u0161ovali se, byli z \u010cesk\u00e9 republiky. Tak\u017ee jsme st\u00e1le mezi ml\u00fdnsk\u00fdmi kameny. \u017d\u00e1dn\u00e9 ofici\u00e1ln\u00ed spojenectv\u00ed a\u0165 s tou, nebo tou stranou, n\u00e1s t\u00e9to polohy nezbav\u00ed. Na druhou stranu vla\u017en\u00e1 reakce Z\u00e1padu m\u016f\u017ee znamenat i to, \u017ee cel\u00e1 ta \u0161ar\u00e1da s v\u00fdbuchy a obvi\u0148ov\u00e1n\u00edm Ruska je prost\u011b nesmysl.<\/p>\n<p>Mo\u017en\u00e1 jsme m\u011bli Rusku ud\u011blit \u0158\u00e1d nejhor\u0161\u00edch agent\u016f a vysm\u00e1t se mu t\u00edm, ne si zase a znova ov\u011b\u0159ovat, \u017ee se nejde spol\u00e9hat na \u017e\u00e1dn\u00e9 spojenectv\u00ed, proto\u017ee jsme prost\u011b nev\u00fdznamnou \u010d\u00e1st\u00ed velk\u00e9ho \u00fazem\u00ed, kde jsou z\u00e1jmy \u00fapln\u011b, ale \u00fapln\u011b jinde. Dod\u00e1m je\u0161t\u011b, \u017ee ofici\u00e1ln\u00ed vysv\u011btlen\u00ed v\u00fdbuch\u016f ve Vrb\u011btic\u00edch jsou z m\u00e9ho pohledu siln\u011b podez\u0159el\u00e1 a v lec\u010dems ned\u016fv\u011bryhodn\u00e1.<\/p>\n<p>Textem jsem cht\u011bl pouk\u00e1zat pouze na neexistuj\u00edc\u00ed spojenectv\u00ed s na\u0161imi spojenci. Op\u011bt se v tom r\u00e1ch\u00e1me sami a sami sob\u011b i v\u0161em okolo jsme pro sm\u00edch. P\u0159i\u0161li jsme o export za des\u00edtky miliard (kter\u00fd s nad\u0161en\u00edm p\u0159evezmou jin\u00ed), diplomatick\u00e9 vztahy s Ruskem jsou na nule. Potlesk, na otev\u0159en\u00e9 sc\u00e9n\u011b, dob\u0159e jsme to cel\u00e9 vy\u0159e\u0161ili. Vst\u0159\u00edc je\u0161t\u011b v\u011bt\u0161\u00ed bezv\u00fdznamnosti. Ukrajina hadr.<\/p>\n<p><a href=\"https:\/\/www.krajskelisty.cz\/stredocesky-kraj\/25640-nejak-nam-to-nevyslo-zapad-solidaritu-neukazal-komentar-stepana-chaba.htm\">\u0160t\u011bp\u00e1n Ch\u00e1b<\/a><\/p>\n<p>&nbsp;<\/p>\n","protected":false},"excerpt":{"rendered":"<p>Koment\u00e1\u0159 \u0160t\u011bp\u00e1na Ch\u00e1ba Kdy\u017e se v provincii n\u011bco stane, nen\u00ed d\u016fvod pro solidaritu. Jde jen&#8230;<\/p>\n","protected":false},"author":2,"featured_media":988,"comment_status":"closed","ping_status":"closed","sticky":false,"template":"","format":"standard","meta":[],"categories":[6],"tags":[146,76,29,22,145],"_links":{"self":[{"href":"https:\/\/www.infokuryr.cz\/n\/wp-json\/wp\/v2\/posts\/1748"}],"collection":[{"href":"https:\/\/www.infokuryr.cz\/n\/wp-json\/wp\/v2\/posts"}],"about":[{"href":"https:\/\/www.infokuryr.cz\/n\/wp-json\/wp\/v2\/types\/post"}],"author":[{"embeddable":true,"href":"https:\/\/www.infokuryr.cz\/n\/wp-json\/wp\/v2\/users\/2"}],"replies":[{"embeddable":true,"href":"https:\/\/www.infokuryr.cz\/n\/wp-json\/wp\/v2\/comments?post=1748"}],"version-history":[{"count":0,"href":"https:\/\/www.infokuryr.cz\/n\/wp-json\/wp\/v2\/posts\/1748\/revisions"}],"wp:featuredmedia":[{"embeddable":true,"href":"https:\/\/www.infokuryr.cz\/n\/wp-json\/wp\/v2\/media\/988"}],"wp:attachment":[{"href":"https:\/\/www.infokuryr.cz\/n\/wp-json\/wp\/v2\/media?parent=1748"}],"wp:term":[{"taxonomy":"category","embeddable":true,"href":"https:\/\/www.infokuryr.cz\/n\/wp-json\/wp\/v2\/categories?post=1748"},{"taxonomy":"post_tag","embeddable":true,"href":"https:\/\/www.infokuryr.cz\/n\/wp-json\/wp\/v2\/tags?post=1748"}],"curies":[{"name":"wp","href":"https:\/\/api.w.org\/{rel}","templated":true}]}}