{"id":17444,"date":"2022-10-29T01:01:12","date_gmt":"2022-10-28T23:01:12","guid":{"rendered":"http:\/\/www.infokuryr.cz\/n\/?p=17444"},"modified":"2022-10-28T14:56:51","modified_gmt":"2022-10-28T12:56:51","slug":"14-americkych-generalnich-prokuratoru-pisi-dopis-cdc-s-namitky-proti-rozhodnuti-o-vakcine","status":"publish","type":"post","link":"https:\/\/www.infokuryr.cz\/n\/2022\/10\/29\/14-americkych-generalnich-prokuratoru-pisi-dopis-cdc-s-namitky-proti-rozhodnuti-o-vakcine\/","title":{"rendered":"14 americk\u00fdch Gener\u00e1ln\u00edch prokur\u00e1tor\u016f p\u00ed\u0161\u00ed dopis CDC s n\u00e1mitky proti rozhodnut\u00ed o vakc\u00edn\u011b"},"content":{"rendered":"<div id=\"fb-root\"><\/div>\n<div class=\"elementor-element elementor-element-1fb4c2c elementor-widget elementor-widget-theme-post-content\" data-id=\"1fb4c2c\" data-element_type=\"widget\" data-widget_type=\"theme-post-content.default\">\n<div class=\"elementor-widget-container\">\n<p><span>Poradn\u00ed v\u00fdbor pro imuniza\u010dn\u00ed postupy (ACIP) Centra pro kontrolu a prevenci nemoc\u00ed (CDC) minul\u00fd t\u00fdden rozhodl o za\u0159azen\u00ed o\u010dkov\u00e1n\u00ed proti Covid-19 do doporu\u010den\u00fdch o\u010dkovac\u00edch pl\u00e1n\u016f pro d\u011bti a dosp\u011bl\u00e9.\u00a0A\u010dkoli hlasov\u00e1n\u00ed pro doporu\u010den\u00ed bylo jednomysln\u00e9, n\u011bkolik \u010dlen\u016f ACIP (Advisory Committee on Immunization Practices, ACIP je skupina l\u00e9ka\u0159\u016f a odborn\u00edk\u016f v oblasti ve\u0159ejn\u00e9ho zdrav\u00ed vyv\u00edjej\u00edc\u00ed doporu\u010den\u00ed pro pou\u017eit\u00ed vakc\u00edn k boji proti nemocem ve Spojen\u00fdch st\u00e1tech americk\u00fdch) dosp\u011blo k z\u00e1v\u011bru, \u017ee nejde o povinnost o\u010dkovat.\u00a0Doporu\u010den\u00ed obsahuje prohl\u00e1\u0161en\u00ed zd\u016fraz\u0148uj\u00edc\u00ed, \u017ee to nen\u00ed po\u017eadavek, aby d\u011bti nav\u0161t\u011bvovaly \u0161kolu.\u00a0\u201eZa\u0159azen\u00ed vakc\u00edny COVID-19 do doporu\u010den\u00e9ho sch\u00e9matu o\u010dkov\u00e1n\u00ed d\u011bt\u00ed nep\u0159edstavuje z\u00e1vazek, \u017ee ka\u017ed\u00e9 d\u00edt\u011b dostane vakc\u00ednu,\u201c \u0159ekl Dr.\u00a0Nirav Shah, \u010dlen ACIP a \u0159editel Maine Center for Disease Control and Prevention.\u00a0Na sch\u016fzi se \u0161\u00ed\u0159ily zv\u011bsti, \u017ee hlasov\u00e1n\u00edm vznikne celost\u00e1tn\u00ed studentsk\u00fd mand\u00e1t.\u00a0I kdy\u017e to nen\u00ed pravda, vyvolalo to \u0159adu pr\u00e1vn\u00edch krok\u016f ze strany st\u00e1tn\u00edch z\u00e1stupc\u016f.<\/span><\/p>\n<p><span style=\"font-size: 18pt;\"><strong>Kansask\u00fd gener\u00e1ln\u00ed prokur\u00e1tor a dal\u0161\u00ed gener\u00e1ln\u00ed prokur\u00e1tori protestuj\u00ed proti doporu\u010den\u00edm CDC k o\u010dkov\u00e1n\u00ed<\/strong><\/span><\/p>\n<p><span>Kansask\u00fd gener\u00e1ln\u00ed prokur\u00e1tor\u00a0<\/span><a href=\"https:\/\/www.einnews.com\/pr_news\/597349018\/ag-derek-schmidt-objects-to-new-cdc-vaccine-guidance-regarding-covid-shots-for-children\" target=\"_blank\" rel=\"noreferrer noopener\" data-type=\"URL\" data-id=\"https:\/\/www.einnews.com\/pr_news\/597349018\/ag-derek-schmidt-objects-to-new-cdc-vaccine-guidance-regarding-covid-shots-for-children\"><span>Derek Schmidt<\/span><\/a><span>\u00a0spolu s dal\u0161\u00edmi t\u0159in\u00e1cti gener\u00e1ln\u00edmi prokur\u00e1tory protestovali proti doporu\u010den\u00ed ACIP, aby byla vakc\u00edna Covid-19 zahrnuta jako dopln\u011bk k doporu\u010den\u00fdm o\u010dkovac\u00edm sch\u00e9mat\u016fm.\u00a0Mezi st\u00e1ty pat\u0159\u00ed Louisiana, Missouri, Alabama, Montana, Arizona, Oklahoma, Florida, Ji\u017en\u00ed Karol\u00edna, Indiana, Texas, Kansas a Utah.\u00a0V\u0161ichni gener\u00e1ln\u00ed prokur\u00e1tori\u00a0<\/span><a href=\"https:\/\/ag.ks.gov\/docs\/default-source\/documents\/vax-letter-ebm--final-amended-10-21-22.pdf?sfvrsn=2ff1a21a_2\" target=\"_blank\" rel=\"noreferrer noopener\" data-type=\"URL\" data-id=\"https:\/\/ag.ks.gov\/docs\/default-source\/documents\/vax-letter-ebm--final-amended-10-21-22.pdf?sfvrsn=2ff1a21a_2\"><span>podepsali dopis<\/span><\/a><span>gener\u00e1ln\u00edho prokur\u00e1tora Louisiany.\u00a0V dopise se uv\u00e1d\u00ed: &#8222;V mnoha st\u00e1tech je va\u0161e rozhodnut\u00ed zbyte\u010dn\u00e9 a vystavuje d\u011bti odplat\u011b za rozhodnut\u00ed jejich rodi\u010d\u016f nebo opatrovn\u00edk\u016f, \u017ee tuto vakc\u00ednu nedostanou,&#8220; a d\u00e1le: &#8222;Nem\u011blo by smysl ACIP doporu\u010dovat vakc\u00ednu COVID-19.&#8220; za\u0159azena do seznamu d\u011btsk\u00fdch o\u010dkov\u00e1n\u00ed.\u00a0Riziko \u00famrt\u00ed d\u011bt\u00ed na COVID-19 je n\u00edzk\u00e9.<span style=\"font-size: 14pt;\"><strong>\u00a01).<\/strong><\/span>\u00a0Vakc\u00edny, kter\u00e9 jsou v sou\u010dasn\u00e9 dob\u011b v o\u010dkovac\u00edm kalend\u00e1\u0159i, poskytuj\u00ed ochranu proti smrteln\u00fdm vir\u016fm, jako jsou obrna, spalni\u010dky, p\u0159\u00edu\u0161nice a rotaviry.<span style=\"font-size: 14pt;\"><strong>\u00a02).\u00a0<\/strong><\/span>Tyto viry zabily v pr\u016fb\u011bhu let miliony d\u011bt\u00ed, a pokud d\u011bti nebudou proti t\u011bmto vir\u016fm o\u010dkov\u00e1ny, hroz\u00ed, \u017ee v\u00e1\u017en\u011b onemocn\u00ed nebo zem\u0159ou.\u00a0<span style=\"font-size: 14pt;\"><strong>3).\u00a0<\/strong><\/span>COVID-19 je v\u0161ak jin\u00fd.\u00a0COVID-19 nep\u0159edstavuje pro d\u011bti stejnou hrozbu jako obrna nebo spalni\u010dky.\u00a0V dopise se d\u00e1le p\u00ed\u0161e: \u201eTato opat\u0159en\u00ed zp\u016fsobuj\u00ed velk\u00e9 \u0161kody.\u00a0P\u0159id\u00e1n\u00ed vakc\u00edny proti COVID-19 na seznam d\u011btsk\u00fdch vakc\u00edn by mohlo&#8230; nepochybn\u011b zp\u016fsobit, \u017ee mnoho americk\u00fdch rodin odm\u00edt\u00e1 tradi\u010dn\u00ed o\u010dkov\u00e1n\u00ed, proto\u017ee d\u016fv\u011bryhodnost CDC je st\u00e1le v\u00edce zpochyb\u0148ov\u00e1na.\u00a0Je toho je\u0161t\u011b hodn\u011b, co o viru, jeho p\u016fvodu a co je nejd\u016fle\u017eit\u011bj\u0161\u00ed, o vakc\u00edn\u00e1ch nev\u00edme.\u00a0A panuje \u0161irok\u00e1 neshoda ohledn\u011b toho, zda je t\u0159eba d\u011bti o\u010dkovat.\u201c\u00a0co nev\u00edme o viru, jeho p\u016fvodu a co je nejd\u016fle\u017eit\u011bj\u0161\u00ed, o vakc\u00edn\u00e1ch.\u00a0A panuje \u0161irok\u00e1 neshoda ohledn\u011b toho, zda je t\u0159eba d\u011bti o\u010dkovat.\u201c\u00a0co nev\u00edme o viru, jeho p\u016fvodu a co je nejd\u016fle\u017eit\u011bj\u0161\u00ed, o vakc\u00edn\u00e1ch.\u00a0A panuje \u0161irok\u00e1 neshoda ohledn\u011b toho, zda je t\u0159eba d\u011bti o\u010dkovat.\u201c<\/span><\/p>\n<p><span style=\"font-size: 18pt;\"><strong>Obavy o rodi\u010dovskou svobodu<\/strong><\/span><\/p>\n<p><span>V prohl\u00e1\u0161en\u00ed\u00a0<\/span><a href=\"https:\/\/ag.ks.gov\/media-center\/news-releases\/2022\/10\/22\/ag-derek-schmidt-objects-to-new-cdc-vaccine-guidance-regarding-covid-shots-for-children\" target=\"_blank\" rel=\"noreferrer noopener\" data-type=\"URL\" data-id=\"https:\/\/ag.ks.gov\/media-center\/news-releases\/2022\/10\/22\/ag-derek-schmidt-objects-to-new-cdc-vaccine-guidance-regarding-covid-shots-for-children\"><span>Schmidtovy kancel\u00e1\u0159e<\/span><\/a><span>\u00a0gener\u00e1ln\u00ed prokur\u00e1tor uvedl: &#8222;Takov\u00e9 opat\u0159en\u00ed by mohlo p\u0159ipravit rodi\u010de o svobodu rozhodnout se, zda vystav\u00ed sv\u00e9 d\u011bti vakc\u00edn\u011b, kter\u00e1 st\u00e1le podl\u00e9h\u00e1 schv\u00e1len\u00ed pro nouzov\u00e9 pou\u017eit\u00ed, nikoli pln\u00e9mu schv\u00e1len\u00ed FDA.&#8220; Gener\u00e1ln\u00ed prokur\u00e1tor napsal dopis, v\u00e1h\u00e1n\u00ed p\u0159i o\u010dkov\u00e1n\u00ed d\u011bt\u00ed proti Covid-19 mezi rodi\u010di nen\u00ed neobvykl\u00e9.<\/span><\/p>\n<p><span>Ned\u00e1vn\u00fd pr\u016fzkum\u00a0<\/span><a href=\"https:\/\/www.kff.org\/coronavirus-covid-19\/poll-finding\/kff-covid-19-vaccine-monitor-october-2021\/#:~:text=Just%204%25%20of%20parents%20say,to%2017%20year%20old%20vaccinated\" target=\"_blank\" rel=\"noreferrer noopener\" data-type=\"URL\" data-id=\"https:\/\/www.kff.org\/coronavirus-covid-19\/poll-finding\/kff-covid-19-vaccine-monitor-october-2021\/#:~:text=Just%204%25%20of%20parents%20say,to%2017%20year%20old%20vaccinated\"><span>nadace Kaiser Family Foundation<\/span><\/a><span>\u00a0zjistil, \u017ee pouze 4 % rodi\u010d\u016f cht\u011bj\u00ed, aby jejich d\u011bti ve v\u011bku 12\u201317 let byly o\u010dkov\u00e1ny, a 11 % rodi\u010d\u016f vy\u010dk\u00e1v\u00e1, pokud jde o o\u010dkov\u00e1n\u00ed sv\u00fdch teenager\u016f proti Covid. nechat se o\u010dkovat.\u00a0T\u0159i z deseti rodi\u010d\u016f (31 %) uvedli, \u017ee by rozhodn\u011b nenechali sv\u00e9ho teenagera o\u010dkovat proti Covidu.\u00a0To v\u0161e zpochyb\u0148uje rozhodnut\u00ed ACIP.<\/span><\/p>\n<\/div>\n<\/div>\n<div class=\"elementor-element elementor-element-8c57238 quelle dc-has-condition dc-condition-empty elementor-widget elementor-widget-heading\" data-id=\"8c57238\" data-element_type=\"widget\" data-widget_type=\"heading.default\">\n<div class=\"elementor-widget-container\">\n<h3 class=\"elementor-heading-title elementor-size-default\"><span style=\"font-size: 8pt;\"><a href=\"https:\/\/www.trialsitenews.com\/a\/14-attorneys-general-send-letter-to-cdc-objecting-to-new-acip-vaccine-decision-a15cedb3\" target=\"_blank\" rel=\"nofollow noopener\">ZDROJ<\/a><\/span><\/h3>\n<p>&nbsp;<\/p>\n<\/div>\n<\/div>\n","protected":false},"excerpt":{"rendered":"<p>Poradn\u00ed v\u00fdbor pro imuniza\u010dn\u00ed postupy (ACIP) Centra pro kontrolu a prevenci nemoc\u00ed (CDC) minul\u00fd t\u00fdden&#8230;<\/p>\n","protected":false},"author":2,"featured_media":13007,"comment_status":"closed","ping_status":"closed","sticky":false,"template":"","format":"standard","meta":[],"categories":[7],"tags":[1037,213,3679,37,651],"_links":{"self":[{"href":"https:\/\/www.infokuryr.cz\/n\/wp-json\/wp\/v2\/posts\/17444"}],"collection":[{"href":"https:\/\/www.infokuryr.cz\/n\/wp-json\/wp\/v2\/posts"}],"about":[{"href":"https:\/\/www.infokuryr.cz\/n\/wp-json\/wp\/v2\/types\/post"}],"author":[{"embeddable":true,"href":"https:\/\/www.infokuryr.cz\/n\/wp-json\/wp\/v2\/users\/2"}],"replies":[{"embeddable":true,"href":"https:\/\/www.infokuryr.cz\/n\/wp-json\/wp\/v2\/comments?post=17444"}],"version-history":[{"count":0,"href":"https:\/\/www.infokuryr.cz\/n\/wp-json\/wp\/v2\/posts\/17444\/revisions"}],"wp:featuredmedia":[{"embeddable":true,"href":"https:\/\/www.infokuryr.cz\/n\/wp-json\/wp\/v2\/media\/13007"}],"wp:attachment":[{"href":"https:\/\/www.infokuryr.cz\/n\/wp-json\/wp\/v2\/media?parent=17444"}],"wp:term":[{"taxonomy":"category","embeddable":true,"href":"https:\/\/www.infokuryr.cz\/n\/wp-json\/wp\/v2\/categories?post=17444"},{"taxonomy":"post_tag","embeddable":true,"href":"https:\/\/www.infokuryr.cz\/n\/wp-json\/wp\/v2\/tags?post=17444"}],"curies":[{"name":"wp","href":"https:\/\/api.w.org\/{rel}","templated":true}]}}