{"id":17414,"date":"2022-10-28T01:05:47","date_gmt":"2022-10-27T23:05:47","guid":{"rendered":"http:\/\/www.infokuryr.cz\/n\/?p=17414"},"modified":"2022-10-27T17:04:23","modified_gmt":"2022-10-27T15:04:23","slug":"antonio-guterres-vyzval-k-obrane-hodnot-a-principu-charty-osn","status":"publish","type":"post","link":"https:\/\/www.infokuryr.cz\/n\/2022\/10\/28\/antonio-guterres-vyzval-k-obrane-hodnot-a-principu-charty-osn\/","title":{"rendered":"Ant\u00f3nio Guterres vyzval k obran\u011b hodnot a princip\u016f Charty OSN"},"content":{"rendered":"<div id=\"fb-root\"><\/div>\n<p data-spm-anchor-id=\"C01140752918.PaZNIkA0prFD.0.i2\">Ant\u00f3nio Guterres pronesl video-projev, ve kter\u00e9m zd\u016fraznil, \u017ee je d\u016fle\u017eit\u011bj\u0161\u00ed ne\u017e kdy jindy h\u00e1jit hodnoty a principy Charty OSN.<\/p>\n<p>Ant\u00f3nio Guterres \u0159ekl, \u017ee zrozen\u00ed OSN demonstrovalo po druh\u00e9 sv\u011btov\u00e9 v\u00e1lce \u201enad\u011bji a odhodl\u00e1n\u00ed mezin\u00e1rodn\u00edho spole\u010denstv\u00ed k p\u0159ekon\u00e1n\u00ed konflikt\u016f a ke glob\u00e1ln\u00ed spolupr\u00e1ci\u201c. Dnes u p\u0159\u00edle\u017eitosti 77. v\u00fdro\u010d\u00ed zalo\u017een\u00ed OSN se v\u0161ak sv\u011bt nach\u00e1z\u00ed v \u00e9\u0159e pln\u00e9 v\u00fdzev: epidemie COVID-19 se st\u00e1le o\u017eivuje, mezin\u00e1rodn\u00ed bezpe\u010dnostn\u00ed situace je nestabiln\u00ed, cesta k hospod\u00e1\u0159sk\u00e9mu o\u017eiven\u00ed je n\u00e1ro\u010dn\u00e1 a rizika a krize se objevuj\u00ed jedna za druhou.<\/p>\n<p data-spm-anchor-id=\"C01140752918.PaZNIkA0prFD.0.i1\">Ant\u00f3nio Guterres dodal, \u017ee OSN je testov\u00e1na jako nikdy p\u0159edt\u00edm. \u201eNyn\u00ed pot\u0159ebujeme implementovat hodnoty a principy Charty OSN v\u00edce ne\u017e kdy jindy.\u201c<\/p>\n<p data-spm-anchor-id=\"C01140752918.PaZNIkA0prFD.0.i1\"><img decoding=\"async\" loading=\"lazy\" class=\"alignnone size-full wp-image-1185\" src=\"http:\/\/www.infokuryr.cz\/n\/wp-content\/uploads\/2021\/04\/kuryr-podpis.png\" alt=\"\" width=\"84\" height=\"24\" \/><\/p>\n<p data-spm-anchor-id=\"C01140752918.PaZNIkA0prFD.0.i1\">\n","protected":false},"excerpt":{"rendered":"<p>Ant\u00f3nio Guterres pronesl video-projev, ve kter\u00e9m zd\u016fraznil, \u017ee je d\u016fle\u017eit\u011bj\u0161\u00ed ne\u017e kdy jindy h\u00e1jit hodnoty&#8230;<\/p>\n","protected":false},"author":2,"featured_media":1622,"comment_status":"closed","ping_status":"closed","sticky":false,"template":"","format":"standard","meta":[],"categories":[7],"tags":[1232,3671,186],"_links":{"self":[{"href":"https:\/\/www.infokuryr.cz\/n\/wp-json\/wp\/v2\/posts\/17414"}],"collection":[{"href":"https:\/\/www.infokuryr.cz\/n\/wp-json\/wp\/v2\/posts"}],"about":[{"href":"https:\/\/www.infokuryr.cz\/n\/wp-json\/wp\/v2\/types\/post"}],"author":[{"embeddable":true,"href":"https:\/\/www.infokuryr.cz\/n\/wp-json\/wp\/v2\/users\/2"}],"replies":[{"embeddable":true,"href":"https:\/\/www.infokuryr.cz\/n\/wp-json\/wp\/v2\/comments?post=17414"}],"version-history":[{"count":0,"href":"https:\/\/www.infokuryr.cz\/n\/wp-json\/wp\/v2\/posts\/17414\/revisions"}],"wp:featuredmedia":[{"embeddable":true,"href":"https:\/\/www.infokuryr.cz\/n\/wp-json\/wp\/v2\/media\/1622"}],"wp:attachment":[{"href":"https:\/\/www.infokuryr.cz\/n\/wp-json\/wp\/v2\/media?parent=17414"}],"wp:term":[{"taxonomy":"category","embeddable":true,"href":"https:\/\/www.infokuryr.cz\/n\/wp-json\/wp\/v2\/categories?post=17414"},{"taxonomy":"post_tag","embeddable":true,"href":"https:\/\/www.infokuryr.cz\/n\/wp-json\/wp\/v2\/tags?post=17414"}],"curies":[{"name":"wp","href":"https:\/\/api.w.org\/{rel}","templated":true}]}}