{"id":17402,"date":"2022-10-28T01:06:29","date_gmt":"2022-10-27T23:06:29","guid":{"rendered":"http:\/\/www.infokuryr.cz\/n\/?p=17402"},"modified":"2022-10-27T16:34:03","modified_gmt":"2022-10-27T14:34:03","slug":"pepe-escobar-politici-kolektivniho-zapadu-jsou-v-podstate-seriovi-vrazi","status":"publish","type":"post","link":"https:\/\/www.infokuryr.cz\/n\/2022\/10\/28\/pepe-escobar-politici-kolektivniho-zapadu-jsou-v-podstate-seriovi-vrazi\/","title":{"rendered":"Pepe Escobar: Politici kolektivn\u00edho z\u00e1padu jsou v podstat\u011b s\u00e9riov\u00ed vrazi"},"content":{"rendered":"<div id=\"fb-root\"><\/div>\n<div class=\"elementor-element elementor-element-1fb4c2c elementor-widget elementor-widget-theme-post-content\" data-id=\"1fb4c2c\" data-element_type=\"widget\" data-widget_type=\"theme-post-content.default\">\n<div class=\"elementor-widget-container\">\n<p><strong><span>Politici kolektivn\u00edho Z\u00e1padu jsou v podstat\u011b s\u00e9riov\u00ed vrazi<\/span><\/strong><span>\u00a0.\u00a0Jejich \u201evypr\u00e1v\u011bn\u00ed\u201c z\u016fst\u00e1v\u00e1 stejn\u00e9: V\u00cdCE V\u00c1LKY.\u00a0A to i v p\u0159\u00edpad\u011b, \u017ee mezi arm\u00e1dou prob\u00edhaj\u00ed jedn\u00e1n\u00ed alespo\u0148 na taktick\u00e9, ne-li na opera\u010dn\u00ed \u00farovni (viz mno\u017estv\u00ed telefon\u00e1t\u016f se Shoigu).<\/span><\/p>\n<p><span>Dokonce i americk\u00e1 arm\u00e1da vypad\u00e1 \u2013 OK, zd\u00e1 se, d\u016fraz na \u2013, \u017ee chce zastavit masakr a sna\u017e\u00ed se zabr\u00e1nit v\u00e1\u017en\u00e9 eskalaci.<\/span><\/p>\n<p><span>Dosud mohlo zem\u0159\u00edt nejm\u00e9n\u011b \u010cTY\u0158I STA tis\u00edc ukrajinsk\u00fdch voj\u00e1k\u016f (i podle z\u00e1padn\u00edch zdroj\u016f).\u00a0A p\u0159esto ameri\u010dt\u00ed a evrop\u0161t\u00ed psychopati cht\u011bj\u00ed V\u00cdCE V\u00c1LKY a odm\u00edtaj\u00ed JAK\u00c9KOLI vyjedn\u00e1v\u00e1n\u00ed.<\/span><\/p>\n<p><span>Z\u00e1padn\u00ed zdroje rusk\u00e9 mrtv\u00e9 nepo\u010d\u00edtaj\u00ed, ale potvrzuj\u00ed, \u017ee po\u010det je velmi, velmi n\u00edzk\u00fd.\u00a0\u0160ojgu \u0159ekl, \u017ee bylo asi 6000 mrtv\u00fdch &#8211; ale nezm\u00ednil se, kolik bylo zran\u011bn\u00fdch.<\/span><\/p>\n<p><span>Z\u00e1padn\u00ed zdroje vypo\u010d\u00edtaly po\u010det mrtv\u00fdch tak, \u017ee si prohl\u00e9dly v\u0161echny ukrajinsk\u00e9 noviny a pak je se\u010detly.<\/span><\/p>\n<p><span>B\u011bhem druh\u00e9 sv\u011btov\u00e9 v\u00e1lky b\u00fdval\u00e1 OSS \u010detla podobn\u00e9 informace ve v\u0161ech n\u011bmeck\u00fdch novin\u00e1ch \u2013 a tak\u00e9 se zam\u011b\u0159ila na m\u00edsto pobytu voj\u00e1k\u016f, kte\u0159\u00ed byli dosud na\u017eivu, aby ur\u010dila m\u00edsto pobytu skute\u010dn\u00fdch jednotek, kter\u00e9 byly na\u017eivu.\u00a0Ozna\u010den\u00ed jednotek dodaly dost nev\u011bdomky&#8230; n\u011bmeck\u00e9 noviny.\u00a0Pomoc\u00ed t\u011bchto informac\u00ed byla OSS schopna s ur\u010ditou p\u0159esnost\u00ed ur\u010dit s\u00edlu vojsk a um\u00edst\u011bn\u00ed jednotek, kter\u00e9 \u010delily Rus\u016fm a pozd\u011bji spojenc\u016fm po vylod\u011bn\u00ed v Normandii.<\/span><\/p>\n<p><span>Sami Rusov\u00e9 vymysleli fr\u00e1zi \u201estroj na mlet\u00ed\u201c, kter\u00e1 v\u00fdsti\u017en\u011b definuje \u201e\u00fatoky s omezen\u00fdmi c\u00edli\u201c veden\u00e9 \u201es t\u011b\u017ekou v\u00fdzbroj\u00ed pod silnou kontrolou\u201c.<\/span><\/p>\n<p><span>Proto bylo Rus\u016fm jedno, jak dlouho tento proces potrv\u00e1 \u2013 proto\u017ee to \u0161et\u0159\u00ed jejich s\u00edly.\u00a0Rusov\u00e9 utrp\u011bli t\u011b\u017ek\u00e9 ztr\u00e1ty v prvn\u00ed ofenziv\u011b na Kyjev (n\u011bmeck\u00e1 rozv\u011bdka o tom m\u00e1 slu\u0161n\u00e1 \u010d\u00edsla).\u00a0Ta v\u0161ak byla zru\u0161ena.\u00a0Ale zd\u00e1 se, \u017ee je zp\u011bt v pl\u00e1nu.<\/span><\/p>\n<p><span>Rusov\u00e9 mo\u017en\u00e1 p\u0159evedli do B\u011bloruska a\u017e 80 000 voj\u00e1k\u016f.\u00a0B\u011blorusko aktivovalo 40 000 voj\u00e1k\u016f \u2013 a v kr\u00e1tk\u00e9 dob\u011b by mohlo aktivovat dal\u0161\u00edch 340 000 z\u00e1lo\u017en\u00edk\u016f.\u00a0Rusov\u00e9 by mohli p\u0159esunout dal\u0161\u00edch 200 000 voj\u00e1k\u016f z jin\u00fdch divadel.<\/span><\/p>\n<p><span>Tohle je v\u00e1lka do posledn\u00edho Ukrajince.\u00a0Politik\u016fm ve Washingtonu, Bruselu a Lond\u00fdn\u011b a geopolitick\u00fdm think-tank\u016fm je to fuk.\u00a0Faktem v\u0161ak je, \u017ee jsme sv\u011bdky z\u00e1stupn\u00e9 genocidy.<\/span><\/p>\n<\/div>\n<\/div>\n<div class=\"elementor-element elementor-element-8c57238 quelle dc-has-condition dc-condition-empty elementor-widget elementor-widget-heading\" data-id=\"8c57238\" data-element_type=\"widget\" data-widget_type=\"heading.default\">\n<div class=\"elementor-widget-container\">\n<h3 class=\"elementor-heading-title elementor-size-default\"><span style=\"font-size: 8pt;\"><a href=\"https:\/\/t.me\/rocknrollgeopolitics\/5314\" target=\"_blank\" rel=\"nofollow noopener\">ZDROJ<\/a><\/span><\/h3>\n<p>&nbsp;<\/p>\n<\/div>\n<\/div>\n","protected":false},"excerpt":{"rendered":"<p>Politici kolektivn\u00edho Z\u00e1padu jsou v podstat\u011b s\u00e9riov\u00ed vrazi\u00a0.\u00a0Jejich \u201evypr\u00e1v\u011bn\u00ed\u201c z\u016fst\u00e1v\u00e1 stejn\u00e9: V\u00cdCE V\u00c1LKY.\u00a0A to i&#8230;<\/p>\n","protected":false},"author":2,"featured_media":9989,"comment_status":"closed","ping_status":"closed","sticky":false,"template":"","format":"standard","meta":[],"categories":[7],"tags":[1042,353,26,365,2369],"_links":{"self":[{"href":"https:\/\/www.infokuryr.cz\/n\/wp-json\/wp\/v2\/posts\/17402"}],"collection":[{"href":"https:\/\/www.infokuryr.cz\/n\/wp-json\/wp\/v2\/posts"}],"about":[{"href":"https:\/\/www.infokuryr.cz\/n\/wp-json\/wp\/v2\/types\/post"}],"author":[{"embeddable":true,"href":"https:\/\/www.infokuryr.cz\/n\/wp-json\/wp\/v2\/users\/2"}],"replies":[{"embeddable":true,"href":"https:\/\/www.infokuryr.cz\/n\/wp-json\/wp\/v2\/comments?post=17402"}],"version-history":[{"count":1,"href":"https:\/\/www.infokuryr.cz\/n\/wp-json\/wp\/v2\/posts\/17402\/revisions"}],"predecessor-version":[{"id":17403,"href":"https:\/\/www.infokuryr.cz\/n\/wp-json\/wp\/v2\/posts\/17402\/revisions\/17403"}],"wp:featuredmedia":[{"embeddable":true,"href":"https:\/\/www.infokuryr.cz\/n\/wp-json\/wp\/v2\/media\/9989"}],"wp:attachment":[{"href":"https:\/\/www.infokuryr.cz\/n\/wp-json\/wp\/v2\/media?parent=17402"}],"wp:term":[{"taxonomy":"category","embeddable":true,"href":"https:\/\/www.infokuryr.cz\/n\/wp-json\/wp\/v2\/categories?post=17402"},{"taxonomy":"post_tag","embeddable":true,"href":"https:\/\/www.infokuryr.cz\/n\/wp-json\/wp\/v2\/tags?post=17402"}],"curies":[{"name":"wp","href":"https:\/\/api.w.org\/{rel}","templated":true}]}}